{"id":55413,"date":"2023-05-01T18:49:25","date_gmt":"2023-05-01T22:49:25","guid":{"rendered":"https:\/\/www.marybakereddylibrary.org\/?p=55413"},"modified":"2023-05-16T12:27:47","modified_gmt":"2023-05-16T16:27:47","slug":"wie-aeusserte-sich-mary-baker-eddy-ueber-geistige-gesundheit","status":"publish","type":"post","link":"https:\/\/www.marybakereddylibrary.org\/de\/research\/wie-aeusserte-sich-mary-baker-eddy-ueber-geistige-gesundheit\/","title":{"rendered":"Wie \u00e4u\u00dferte sich Mary Baker Eddy \u00fcber geistige Gesundheit?"},"content":{"rendered":"<div id=\"modal-ready\"><p>[et_pb_section fb_built=&#8221;1&#8243; fullwidth=&#8221;on&#8221; _builder_version=&#8221;4.16&#8243; global_colors_info=&#8221;{}&#8221;][et_pb_fullwidth_post_title author=&#8221;off&#8221; date_format=&#8221;j. F Y&#8221; categories=&#8221;off&#8221; comments=&#8221;off&#8221; featured_image=&#8221;off&#8221; admin_label=&#8221;Fullwidth Post Title&#8221; _builder_version=&#8221;4.18.0&#8243; z_index_tablet=&#8221;500&#8243; title_text_shadow_horizontal_length_tablet=&#8221;0px&#8221; title_text_shadow_vertical_length_tablet=&#8221;0px&#8221; title_text_shadow_blur_strength_tablet=&#8221;1px&#8221; meta_text_shadow_horizontal_length_tablet=&#8221;0px&#8221; meta_text_shadow_vertical_length_tablet=&#8221;0px&#8221; meta_text_shadow_blur_strength_tablet=&#8221;1px&#8221; box_shadow_horizontal_tablet=&#8221;0px&#8221; box_shadow_vertical_tablet=&#8221;0px&#8221; box_shadow_blur_tablet=&#8221;40px&#8221; box_shadow_spread_tablet=&#8221;0px&#8221; text_shadow_horizontal_length_tablet=&#8221;0px&#8221; text_shadow_vertical_length_tablet=&#8221;0px&#8221; text_shadow_blur_strength_tablet=&#8221;1px&#8221; global_colors_info=&#8221;{}&#8221;][\/et_pb_fullwidth_post_title][\/et_pb_section][et_pb_section fb_built=&#8221;1&#8243; _builder_version=&#8221;4.16&#8243; global_colors_info=&#8221;{}&#8221;][et_pb_row column_structure=&#8221;2_3,1_3&#8243; _builder_version=&#8221;4.16&#8243; background_size=&#8221;initial&#8221; background_position=&#8221;top_left&#8221; background_repeat=&#8221;repeat&#8221; global_colors_info=&#8221;{}&#8221;][et_pb_column type=&#8221;2_3&#8243; _builder_version=&#8221;4.16&#8243; custom_padding=&#8221;|||&#8221; global_colors_info=&#8221;{}&#8221; custom_padding__hover=&#8221;|||&#8221;][et_pb_image src=&#8221;https:\/\/www.marybakereddylibrary.org\/wp-content\/uploads\/2023\/05\/German-edit.jpg&#8221; alt=&#8221;Decorative image of an article in Fruitage in Science and Health with Key to the Scriptures&#8221; title_text=&#8221;German edit&#8221; admin_label=&#8221;Image&#8221; _builder_version=&#8221;4.18.0&#8243; _module_preset=&#8221;default&#8221; global_colors_info=&#8221;{}&#8221;][\/et_pb_image][et_pb_text admin_label=&#8221;Text&#8221; _builder_version=&#8221;4.18.0&#8243; hover_enabled=&#8221;0&#8243; box_shadow_horizontal_tablet=&#8221;0px&#8221; box_shadow_vertical_tablet=&#8221;0px&#8221; box_shadow_blur_tablet=&#8221;40px&#8221; box_shadow_spread_tablet=&#8221;0px&#8221; global_colors_info=&#8221;{}&#8221; sticky_enabled=&#8221;0&#8243;]<\/p>\n<p><span style=\"font-weight: 400;\">Da geistige Gesundheit in Folge der COVID-19-Pandemie mehr ins Blickfeld r\u00fcckte, haben wir uns gefragt, wie Mary Baker Eddy mit den Herausforderungen umging, die ihr eigenes <\/span><span style=\"font-weight: 400;\">emotionales, psychisches und soziales Wohlbefinden und das anderer betrafen. Hier finden Sie einiges von dem, was unsere Nachforschungen zum Vorschein gebracht haben.<\/span><\/p>\n<p><span style=\"font-weight: 400;\">Die Verhei\u00dfung von Heilung und Befreiung von Leid, auch im Zusammenhang mit Fragen der geistigen Gesundheit, f\u00fchrte Menschen von Anfang an zur Christlichen Wissenschaft. Eddys Hauptwerk, <\/span><i><span style=\"font-weight: 400;\">Wissenschaft und Gesundheit mit Schl\u00fcssel zur Heiligen Schrift<\/span>,<\/i><span style=\"font-weight: 400;\"> beinhaltet \u201eFr\u00fcchte\u201c, ein Kapitel zusammengestellt aus Zeugnissen von Leserinnen und Lesern des Buchs. Unter der \u00dcberschrift \u201eVON GEISTESKRANKHEIT UND SELBSTMORDGEDANKEN ERL\u00d6ST\u201c f\u00fchrte eine von ihnen \u2013 \u201eE.J.B., Superior, Wisconsin, USA.\u201c \u2013 aus: \u201eVor einigen Jahren, als ich mich in einem Zustand von Finsternis und Verzweiflung befand, verursacht durch schlechte Gesundheit und ungl\u00fcckliche Familienverh\u00e4ltnisse, wurde mir Wissenschaft und Gesundheit geliehen mit der Bitte, es zu lesen.\u201c Der Bericht beschreibt weiter die positive Umwandlung, die im Laufe mehrerer Jahre erfolgte.<\/span><span id='easy-footnote-1-55413' class='easy-footnote-margin-adjust'><\/span><span class='easy-footnote'><a href='https:\/\/www.marybakereddylibrary.org\/de\/research\/wie-aeusserte-sich-mary-baker-eddy-ueber-geistige-gesundheit\/#easy-footnote-bottom-1-55413' title='&lt;span style=&quot;font-weight: 400;&quot;&gt;Siehe Mary Baker Eddy, &lt;\/span&gt;&lt;i&gt;&lt;span style=&quot;font-weight: 400;&quot;&gt;Wissenschaft und Gesundheit mit Schl\u00fcssel zur Heiligen Schrift&lt;\/span&gt;&lt;\/i&gt;&lt;span style=&quot;font-weight: 400;&quot;&gt; (Boston: The Christian Science Board of Directors), 636-637. Dieses Zeugnis von Eva J. Bray wurde erstmals 1904 in der Mai-Ausgabe des &lt;\/span&gt;&lt;i&gt;&lt;span style=&quot;font-weight: 400;&quot;&gt;Christian Science Journal&lt;\/span&gt;,&lt;\/i&gt;&lt;span style=&quot;font-weight: 400;&quot;&gt; Seite 100-101, ver\u00f6ffentlicht.'><sup>1<\/sup><\/a><\/span><\/span><\/p>\n<p><span style=\"font-weight: 400;\">Die Christliche Wissenschaft, die Eddy 1866 entdeckt hatte, bot eine neue Theorie in Bezug auf Krankheit und geistig begr\u00fcndete Therapeutik an, die Eddy mit den Heilungen von Jesus Christus in Verbindung brachte. Sie setzte ihre Ideen in die Tat um, indem sie Menschen durch Gebet behandelte, auch bei F\u00e4llen akuter psychischer Bedr\u00e4ngnis. Beispielsweise berichtete sie 1884 in einer Predigt in Boston von diesem ungew\u00f6hnlichen Zusammentreffen:<\/span><\/p>\n<blockquote>\n<p><span style=\"font-weight: 400;\">In der vergangenen Woche hatte ich ein Gespr\u00e4ch mit einem Herrn, der 1868 aus einer Irrenanstalt entkommen war. Er war ein Wahnsinniger, der rasend war, und er wurde gesucht. Er stoppte dort, wo ich logierte, und die Dame kam zu mir gerannt und sagte:<\/span><\/p>\n<p>&nbsp;<\/p>\n<p><span style=\"font-weight: 400;\">\u201eBin fast zu Tode erschrocken; wollen Sie nicht kommen? Hier ist ein Wahnsinniger, der unsere Leben bedroht. Meine Tochter ist geflohen, und ich bin gekommen, um Sie zu holen.\u201c<\/span><\/p>\n<p>&nbsp;<\/p>\n<p><span style=\"font-weight: 400;\">Ich ging mit ihr mit. Er nahm einen Stuhl, bereit, damit anzugreifen, aber ich schaute empor, und er lie\u00df den Stuhl fallen und fragte, ob ich ihm etwas zu sagen h\u00e4tte. Ich sagte, das h\u00e4tte ich, und zwar einzig und allein aus geistiger Sicht. Zun\u00e4chst haben Sie keine Krankheit des Gehirns; es gab nie eine Notwendigkeit f\u00fcr Sie, in der Irrenanstalt zu sein. Dann kam die Tr\u00f6stung und die Befreiung, und der arme Verr\u00fcckte fiel vor mir auf die Knie; er war geheilt. Ich sah ihn letzte Woche, verheiratet, Vater von Kindern, ein guter Mensch. Er war danach nie wieder geisteskrank.<\/span><span id='easy-footnote-2-55413' class='easy-footnote-margin-adjust'><\/span><span class='easy-footnote'><a href='https:\/\/www.marybakereddylibrary.org\/de\/research\/wie-aeusserte-sich-mary-baker-eddy-ueber-geistige-gesundheit\/#easy-footnote-bottom-2-55413' title='&lt;span style=&quot;font-weight: 400;&quot;&gt;Mary Baker Eddy, \u201e&lt;\/span&gt;&lt;a href=&quot;https:\/\/mbepapers.org\/?load=A10088&quot; target=&quot;_blank&quot; rel=&quot;noopener&quot;&gt;Predigt von Mrs. Eddy, 16. Nov. 1884. (1. Petrus 3:12)&lt;\/a&gt;&lt;span style=&quot;font-weight: 400;&quot;&gt;\u201c, 16. November 1884, A10088.'><sup>2<\/sup><\/a><\/span><\/span><\/p>\n<\/blockquote>\n<p><span style=\"font-weight: 400;\">Eddys Sch\u00fclerin Clara Shannon erinnert sich an eine Erfahrung, die zu einem sp\u00e4teren Zeitpunkt stattfand:<\/span><\/p>\n<blockquote>\n<p><span style=\"font-weight: 400;\">Eines Tages [im Jahr 1888 oder 1889], als sie gerade den Unterricht in meiner Klasse beendet hatte, bat sie mich zu warten, nachdem die Teilnehmergruppe gegangen war, und w\u00e4hrend sie im Unterrichtsraum in der 571 Columbus Avenue stand, bat ein Herr darum, sie sehen zu d\u00fcrfen, und er hatte seine Schwester dabei, die dringend einer Heilung bedurfte.<\/span><\/p>\n<p>&nbsp;<\/p>\n<p><span style=\"font-weight: 400;\">Mrs. Eddy traf sich mit ihnen an der T\u00fcr des Raums und bat ihn, unten zu warten, w\u00e4hrend sie mit seiner Schwester sprach. Der Augenschein legte Wahnsinn nahe, und sie sah ver-\u00e4ngstigt aus. Unsere F\u00fchrerin sagte mir, in ihrer Wahnvorstellung w\u00fcrde sich eine Schlange um ihren K\u00f6rper winden und sie zerquetschen. Voller Verwunderung stand ich da und beobachtete Mrs. Eddys Gesicht, als sie sich umdrehte und die Frau ansah, die zu Boden fiel und schrie: \u201eEs zerquetscht mich \u2013 es bringt mich um!\u201c Unsere F\u00fchrerin blickte nach oben, als h\u00e4tte sie in ihrer Verbundenheit mit Gott das Gesicht eines Engels gesehen. In dem Augenblick sagte sie zu der Frau: \u201eIst es fort?\u201c Doch sie bekam keine Antwort. Mrs. Eddy wiederholte ihre Frage, aber die Frau schien es noch immer nicht zu h\u00f6ren. Dann sprach sie mit Autorit\u00e4t und fragte: \u201eIst es <\/span><i><span style=\"font-weight: 400;\">fort<\/span><\/i><span style=\"font-weight: 400;\">?\u201c Die arme Frau sah auf, und sie zitterte und bebte am ganzen K\u00f6rper als sie antwortete: \u201eJa!\u201c Ich beobachtete die Ausdrucksver\u00e4nder-ungen, die sich auf ihrem Gesicht zeigten, von Furcht zu <\/span><i><span style=\"font-weight: 400;\">Frieden und Freude.<\/span><\/i><span style=\"font-weight: 400;\"> Und oh, welch eine Liebe spiegelte sich im Gesicht unserer F\u00fchrerin wider, als sie zu ihr hinunterblickte, beide Arme ausstreckte und sie mit den Worten aufrichtete: \u201eStehen Sie auf, Liebes!\u201c Dann legte unsere liebe Lehrerin den Kopf dieser Bed\u00fcrftigen an ihre Schulter und streichelte ihr Gesicht, als sie ihr liebevoll von der Wahrheit erz\u00e4hlte. Mrs. Eddy verlie\u00df dann den Raum und sprach mit dem Bruder, der sie mit nach Hause nahm, und dann lud sie mich ein mitzukommen und mit ihr zu Abend zu essen und f\u00fcr sie zu singen. Im Laufe des Abends wandte sie sich an mich und sagte: \u201eSie haben gesehen, was heute mit der Dame geschehen ist? Nun! Sie wird in dieser Welt nie wieder verr\u00fcckt sein.\u201c Und sie war es auch nicht.<\/span><span id='easy-footnote-3-55413' class='easy-footnote-margin-adjust'><\/span><span class='easy-footnote'><a href='https:\/\/www.marybakereddylibrary.org\/de\/research\/wie-aeusserte-sich-mary-baker-eddy-ueber-geistige-gesundheit\/#easy-footnote-bottom-3-55413' title='&lt;span style=&quot;font-weight: 400;&quot;&gt;Clara Shannon, \u201eGolden Memories\u201c [\u201eGoldene Erinnerungen\u201c], &lt;\/span&gt;&lt;i&gt;&lt;span style=&quot;font-weight: 400;&quot;&gt; We Knew Mary Baker Eddy,&lt;\/span&gt;&lt;\/i&gt; &lt;span style=&quot;font-weight: 400;&quot;&gt;Expanded Edition, Volume II [Wir kannten Mary Baker Eddy, &lt;\/span&gt;&lt;i&gt;&lt;span style=&quot;font-weight: 400;&quot;&gt;Erweiterte Ausgabe, Band II&lt;\/span&gt;&lt;\/i&gt;] &lt;span style=&quot;font-weight: 400;&quot;&gt;(Boston: The Christian Science Publishing Society), 2013, 205\u2013206.&lt;\/span&gt;'><sup>3<\/sup><\/a><\/span><\/p>\n<\/blockquote>\n<p><span style=\"font-weight: 400;\">Eddy trat im Verlauf eines langen Lebens ihrem eigenen Anteil an Herausforderungen entgegen, und die Bibel war f\u00fcr sie eine Konstante in Zeiten von Stress, Angst, Krankheit und Trauer. Zu einer ihrer Lieblingsstellen geh\u00f6rte der 91. Psalm, der so beginnt: \u201eWer unter dem Schirm des H\u00f6chsten sitzt und unter dem Schatten des Allm\u00e4chtigen bleibt, der sagt zu dem HERRN: \u201aMeine Zuversicht und meine Burg, mein Gott, auf den ich vertraue!\u2018\u201c Oft schlug sie die Bibel aufs Geratewohl auf, um sich f\u00fchren zu lassen, und notierte manchmal am Rand das Datum und ihr Bed\u00fcrfnis zu jener Zeit.<\/span><\/p>\n<p><span style=\"font-weight: 400;\">Eine besonders schwierige Phase folgte auf den Tod ihres dritten Ehemannes Asa Gilbert Eddy im Jahr 1882. Wie sie es bei Bedarf h\u00e4ufig tat, wandte Eddy sich an ihren Sch\u00fcler- und Freundschaftskreis um Hilfe. Dem Biografen Robert Peel zufolge, stand kurz nach Gilbert Eddys Tod \u201eDelia Manley alleine im Hausflur, als Mrs. Eddy die Treppe herunterkam, ihren Kopf auf Mrs. Manleys Schulter legte und weinte. \u201aIch sp\u00fcre, da ist etwas in Ihrem Herzen\u2018, vertraute sie ihr an, \u201adas verstehen wird, was in meinem ist\u2018.\u201c<\/span><span id='easy-footnote-4-55413' class='easy-footnote-margin-adjust'><\/span><span class='easy-footnote'><a href='https:\/\/www.marybakereddylibrary.org\/de\/research\/wie-aeusserte-sich-mary-baker-eddy-ueber-geistige-gesundheit\/#easy-footnote-bottom-4-55413' title='&lt;span style=&quot;font-weight: 400;&quot;&gt;Robert Peel, &lt;\/span&gt;&lt;i&gt;&lt;span style=&quot;font-weight: 400;&quot;&gt;Mary Baker Eddy: The Years of Trial&lt;\/span&gt;&lt;\/i&gt;&lt;span style=&quot;font-weight: 400;&quot;&gt; [Mary Baker Eddy: Die Jahre der Pr\u00fcfung] &lt;\/span&gt;&lt;span style=&quot;font-weight: 400;&quot;&gt;(&lt;\/span&gt;&lt;span style=&quot;font-weight: 400;&quot;&gt;Boston: Holt, Rinehart and Winston, 1971), 116.'><sup>4<\/sup><\/a><\/span><\/span><\/p>\n<p><span style=\"font-weight: 400;\">Manchmal verlieh Eddy ihren Empfindungen Ausdruck durch Poesie, dann war ihre Feder ihr Sicherheitsventil. Ein ber\u00fchrendes Beispiel daf\u00fcr findet sich in einem Artikel auf der Website der Mary Baker Eddy Bibliothek \u201e<\/span><a href=\"https:\/\/www.marybakereddylibrary.org\/research\/how-did-mary-baker-eddy-approach-times-of-isolation\/\" target=\"_blank\" rel=\"noopener\">How did Eddy approach times of isolation?<\/a>\u201c <span style=\"font-weight: 400;\">[Wie ging Eddy mit Zeiten der Isolation um?]<\/span><\/p>\n<p><span style=\"font-weight: 400;\">Zus\u00e4tzlich zu ihrer eigenen Autorenschaft ermutigte Eddy ihre Anh\u00e4ngerschaft f\u00fcr die von ihr ins Leben gerufenen Zeitschriften zu schreiben. Im Verlauf der Jahrzehnte waren im <\/span><i><span style=\"font-weight: 400;\">Christian Science Journal<\/span>,<\/i><span style=\"font-weight: 400;\"> dem <\/span><i><span style=\"font-weight: 400;\">Christian Science Sentinel<\/span><\/i><span style=\"font-weight: 400;\"> und dem <\/span><i><span style=\"font-weight: 400;\">Herold der Christlichen Wissenschaft<\/span><\/i><span style=\"font-weight: 400;\"> Beitr\u00e4ge zum Thema geistige Gesundheit enthalten.<\/span><span id='easy-footnote-5-55413' class='easy-footnote-margin-adjust'><\/span><span class='easy-footnote'><a href='https:\/\/www.marybakereddylibrary.org\/de\/research\/wie-aeusserte-sich-mary-baker-eddy-ueber-geistige-gesundheit\/#easy-footnote-bottom-5-55413' title='&lt;span style=&quot;font-weight: 400;&quot;&gt;Um Zugang zu Artikeln und Zeugnissen aus den Ver\u00f6ffentlichungen der Verlagsgesellschaft der Christlichen Wissenschaft zu erhalten, besuchen Sie&lt;\/span&gt; &lt;a href=&quot;https:\/\/jsh.christianscience.com\/&quot; target=&quot;_blank&quot; rel=&quot;noopener&quot;&gt;jsh-online.com&lt;\/a&gt;&lt;span style=&quot;font-weight: 400;&quot;&gt;.&lt;\/span&gt;'><sup>5<\/sup><\/a><\/span> <span style=\"font-weight: 400;\">Die von ihr im Jahr 1908 gegr\u00fcndete Zeitung <\/span><i><span style=\"font-weight: 400;\">The Christian Science Monitor<\/span><\/i><span style=\"font-weight: 400;\"> bietet eine umfangreiche Berichterstattung zu diesen Themen. H\u00f6ren Sie sich beispielsweise diese <\/span><a href=\"https:\/\/www.csmonitor.com\/Podcasts\/Rethinking-the-News\/rtn_ep_40\" target=\"_blank\" rel=\"noopener\">Podcast-Folge<\/a><span style=\"font-weight: 400;\"> aus dem Jahr 2021 an.<\/span><\/p>\n<hr \/>\n<p><em>Dieser Blog steht auch auf unseren <strong><a href=\"https:\/\/www.marybakereddylibrary.org\/research\/what-did-eddy-say-about-mental-health\/\" target=\"_blank\" rel=\"noopener\">englischen<\/a>, <a href=\"https:\/\/www.marybakereddylibrary.org\/fr\/research\/que-dit-mary-baker-eddy-a-propos-de-la-sante-mentale\" target=\"_blank\" rel=\"noopener\">franz\u00f6sischen<\/a>, <a href=\"https:\/\/www.marybakereddylibrary.org\/pt-br\/research\/o-que-disse-mary-baker-eddy-sobre-a-saude-mental\" target=\"_blank\" rel=\"noopener\">portugiesischen<\/a><\/strong> und <a href=\"https:\/\/www.marybakereddylibrary.org\/es\/research\/que-dijo-mary-baker-eddy-acerca-de-la-salud-mental\" target=\"_blank\" rel=\"noopener\"><strong>spanischen<\/strong><\/a> Webseiten zur Verf\u00fcgung.<\/em><\/p>\n<p>[\/et_pb_text][\/et_pb_column][et_pb_column type=&#8221;1_3&#8243; _builder_version=&#8221;4.16&#8243; custom_padding=&#8221;|||&#8221; global_colors_info=&#8221;{}&#8221; custom_padding__hover=&#8221;|||&#8221;][et_pb_sidebar area=&#8221;et_pb_widget_area_3&#8243; _builder_version=&#8221;4.16&#8243; global_colors_info=&#8221;{}&#8221;][\/et_pb_sidebar][\/et_pb_column][\/et_pb_row][\/et_pb_section]<\/p>\n<\/div>","protected":false},"excerpt":{"rendered":"<p>Lesen Sie mehr dar\u00fcber, wie sie mit Herausforderungen umging, die ihr eigenes emotionales und soziales Wohlbefinden und das anderer betrafen.<\/p>","protected":false},"author":51,"featured_media":56344,"comment_status":"closed","ping_status":"closed","sticky":false,"template":"","format":"standard","meta":{"_et_pb_use_builder":"on","_et_pb_old_content":"","_et_gb_content_width":"","_oasis_is_in_workflow":0,"_oasis_original":0,"_oasis_task_priority":"2normal","_relevanssi_hide_post":"","_relevanssi_hide_content":"","_relevanssi_pin_for_all":"","_relevanssi_pin_keywords":"","_relevanssi_unpin_keywords":"","_relevanssi_related_keywords":"","_relevanssi_related_include_ids":"","_relevanssi_related_exclude_ids":"","_relevanssi_related_no_append":"","_relevanssi_related_not_related":"","_relevanssi_related_posts":"","_relevanssi_noindex_reason":"","inline_featured_image":false,"episode_type":"","audio_file":"","podmotor_file_id":"","podmotor_episode_id":"","cover_image":"","cover_image_id":"","duration":"","filesize":"","filesize_raw":"","date_recorded":"","explicit":"","block":"","itunes_episode_number":"","itunes_title":"","itunes_season_number":"","itunes_episode_type":"","footnotes":""},"categories":[220],"tags":[],"class_list":["post-55413","post","type-post","status-publish","format-standard","has-post-thumbnail","hentry","category-fragen-sie-unser-recherche-team"],"yoast_head":"<!-- This site is optimized with the Yoast SEO plugin v27.5 - https:\/\/yoast.com\/product\/yoast-seo-wordpress\/ -->\n<title>Wie \u00e4u\u00dferte sich Mary Baker Eddy \u00fcber geistige Gesundheit? - Die Mary Baker Eddy Bibliothek<\/title>\n<meta name=\"description\" content=\"Lesen Sie mehr dar\u00fcber, wie sie mit Herausforderungen umging, die ihr eigenes emotionales und soziales Wohlbefinden und das anderer betrafen.\" \/>\n<meta name=\"robots\" content=\"index, follow, max-snippet:-1, max-image-preview:large, max-video-preview:-1\" \/>\n<link rel=\"canonical\" href=\"https:\/\/www.marybakereddylibrary.org\/de\/research\/wie-aeusserte-sich-mary-baker-eddy-ueber-geistige-gesundheit\/\" \/>\n<meta property=\"og:locale\" content=\"de_DE\" \/>\n<meta property=\"og:type\" content=\"article\" \/>\n<meta property=\"og:title\" content=\"Wie \u00e4u\u00dferte sich Mary Baker Eddy \u00fcber geistige Gesundheit? - Die Mary Baker Eddy Bibliothek\" \/>\n<meta property=\"og:description\" content=\"Lesen Sie mehr dar\u00fcber, wie sie mit Herausforderungen umging, die ihr eigenes emotionales und soziales Wohlbefinden und das anderer betrafen.\" \/>\n<meta property=\"og:url\" content=\"https:\/\/www.marybakereddylibrary.org\/de\/research\/wie-aeusserte-sich-mary-baker-eddy-ueber-geistige-gesundheit\/\" \/>\n<meta property=\"og:site_name\" content=\"Die Mary Baker Eddy Bibliothek\" \/>\n<meta property=\"article:publisher\" content=\"https:\/\/www.facebook.com\/mbelibrary\" \/>\n<meta property=\"article:published_time\" content=\"2023-05-01T22:49:25+00:00\" \/>\n<meta property=\"article:modified_time\" content=\"2023-05-16T16:27:47+00:00\" \/>\n<meta property=\"og:image\" content=\"https:\/\/www.marybakereddylibrary.org\/wp-content\/uploads\/2021\/08\/MBEL-Article_Natural-Disasters_880x550px.jpg\" \/>\n\t<meta property=\"og:image:width\" content=\"880\" \/>\n\t<meta property=\"og:image:height\" content=\"550\" \/>\n\t<meta property=\"og:image:type\" content=\"image\/jpeg\" \/>\n<meta name=\"author\" content=\"Laurenz Peschke\" \/>\n<meta name=\"twitter:label1\" content=\"Verfasst von\" \/>\n\t<meta name=\"twitter:data1\" content=\"Laurenz Peschke\" \/>\n\t<meta name=\"twitter:label2\" content=\"Gesch\u00e4tzte Lesezeit\" \/>\n\t<meta name=\"twitter:data2\" content=\"6 Minuten\" \/>\n<script type=\"application\/ld+json\" class=\"yoast-schema-graph\">{\"@context\":\"https:\\\/\\\/schema.org\",\"@graph\":[{\"@type\":\"Article\",\"@id\":\"https:\\\/\\\/www.marybakereddylibrary.org\\\/de\\\/research\\\/wie-aeusserte-sich-mary-baker-eddy-ueber-geistige-gesundheit\\\/#article\",\"isPartOf\":{\"@id\":\"https:\\\/\\\/www.marybakereddylibrary.org\\\/de\\\/research\\\/wie-aeusserte-sich-mary-baker-eddy-ueber-geistige-gesundheit\\\/\"},\"author\":{\"name\":\"Laurenz Peschke\",\"@id\":\"https:\\\/\\\/www.marybakereddylibrary.org\\\/de\\\/#\\\/schema\\\/person\\\/72c809b93d87eb7f9162a3a2f9ee713e\"},\"headline\":\"Wie \u00e4u\u00dferte sich Mary Baker Eddy \u00fcber geistige Gesundheit?\",\"datePublished\":\"2023-05-01T22:49:25+00:00\",\"dateModified\":\"2023-05-16T16:27:47+00:00\",\"mainEntityOfPage\":{\"@id\":\"https:\\\/\\\/www.marybakereddylibrary.org\\\/de\\\/research\\\/wie-aeusserte-sich-mary-baker-eddy-ueber-geistige-gesundheit\\\/\"},\"wordCount\":1587,\"publisher\":{\"@id\":\"https:\\\/\\\/www.marybakereddylibrary.org\\\/de\\\/#organization\"},\"image\":{\"@id\":\"https:\\\/\\\/www.marybakereddylibrary.org\\\/de\\\/research\\\/wie-aeusserte-sich-mary-baker-eddy-ueber-geistige-gesundheit\\\/#primaryimage\"},\"thumbnailUrl\":\"https:\\\/\\\/www.marybakereddylibrary.org\\\/wp-content\\\/uploads\\\/2023\\\/05\\\/German-edit.jpg\",\"articleSection\":[\"Fragen Sie unser Recherche-Team\"],\"inLanguage\":\"de-DE\"},{\"@type\":\"WebPage\",\"@id\":\"https:\\\/\\\/www.marybakereddylibrary.org\\\/de\\\/research\\\/wie-aeusserte-sich-mary-baker-eddy-ueber-geistige-gesundheit\\\/\",\"url\":\"https:\\\/\\\/www.marybakereddylibrary.org\\\/de\\\/research\\\/wie-aeusserte-sich-mary-baker-eddy-ueber-geistige-gesundheit\\\/\",\"name\":\"Wie \u00e4u\u00dferte sich Mary Baker Eddy \u00fcber geistige Gesundheit? - Die Mary Baker Eddy Bibliothek\",\"isPartOf\":{\"@id\":\"https:\\\/\\\/www.marybakereddylibrary.org\\\/de\\\/#website\"},\"primaryImageOfPage\":{\"@id\":\"https:\\\/\\\/www.marybakereddylibrary.org\\\/de\\\/research\\\/wie-aeusserte-sich-mary-baker-eddy-ueber-geistige-gesundheit\\\/#primaryimage\"},\"image\":{\"@id\":\"https:\\\/\\\/www.marybakereddylibrary.org\\\/de\\\/research\\\/wie-aeusserte-sich-mary-baker-eddy-ueber-geistige-gesundheit\\\/#primaryimage\"},\"thumbnailUrl\":\"https:\\\/\\\/www.marybakereddylibrary.org\\\/wp-content\\\/uploads\\\/2023\\\/05\\\/German-edit.jpg\",\"datePublished\":\"2023-05-01T22:49:25+00:00\",\"dateModified\":\"2023-05-16T16:27:47+00:00\",\"description\":\"Lesen Sie mehr dar\u00fcber, wie sie mit Herausforderungen umging, die ihr eigenes emotionales und soziales Wohlbefinden und das anderer betrafen.\",\"breadcrumb\":{\"@id\":\"https:\\\/\\\/www.marybakereddylibrary.org\\\/de\\\/research\\\/wie-aeusserte-sich-mary-baker-eddy-ueber-geistige-gesundheit\\\/#breadcrumb\"},\"inLanguage\":\"de-DE\",\"potentialAction\":[{\"@type\":\"ReadAction\",\"target\":[\"https:\\\/\\\/www.marybakereddylibrary.org\\\/de\\\/research\\\/wie-aeusserte-sich-mary-baker-eddy-ueber-geistige-gesundheit\\\/\"]}]},{\"@type\":\"ImageObject\",\"inLanguage\":\"de-DE\",\"@id\":\"https:\\\/\\\/www.marybakereddylibrary.org\\\/de\\\/research\\\/wie-aeusserte-sich-mary-baker-eddy-ueber-geistige-gesundheit\\\/#primaryimage\",\"url\":\"https:\\\/\\\/www.marybakereddylibrary.org\\\/wp-content\\\/uploads\\\/2023\\\/05\\\/German-edit.jpg\",\"contentUrl\":\"https:\\\/\\\/www.marybakereddylibrary.org\\\/wp-content\\\/uploads\\\/2023\\\/05\\\/German-edit.jpg\",\"width\":1200,\"height\":750},{\"@type\":\"BreadcrumbList\",\"@id\":\"https:\\\/\\\/www.marybakereddylibrary.org\\\/de\\\/research\\\/wie-aeusserte-sich-mary-baker-eddy-ueber-geistige-gesundheit\\\/#breadcrumb\",\"itemListElement\":[{\"@type\":\"ListItem\",\"position\":1,\"name\":\"Startseite\",\"item\":\"https:\\\/\\\/www.marybakereddylibrary.org\\\/de\\\/\"},{\"@type\":\"ListItem\",\"position\":2,\"name\":\"Wie \u00e4u\u00dferte sich Mary Baker Eddy \u00fcber geistige Gesundheit?\"}]},{\"@type\":\"WebSite\",\"@id\":\"https:\\\/\\\/www.marybakereddylibrary.org\\\/de\\\/#website\",\"url\":\"https:\\\/\\\/www.marybakereddylibrary.org\\\/de\\\/\",\"name\":\"Die Mary Baker Eddy Bibliothek\",\"description\":\"\",\"publisher\":{\"@id\":\"https:\\\/\\\/www.marybakereddylibrary.org\\\/de\\\/#organization\"},\"potentialAction\":[{\"@type\":\"SearchAction\",\"target\":{\"@type\":\"EntryPoint\",\"urlTemplate\":\"https:\\\/\\\/www.marybakereddylibrary.org\\\/de\\\/?s={search_term_string}\"},\"query-input\":{\"@type\":\"PropertyValueSpecification\",\"valueRequired\":true,\"valueName\":\"search_term_string\"}}],\"inLanguage\":\"de-DE\"},{\"@type\":\"Organization\",\"@id\":\"https:\\\/\\\/www.marybakereddylibrary.org\\\/de\\\/#organization\",\"name\":\"The Mary Baker Eddy Library\",\"url\":\"https:\\\/\\\/www.marybakereddylibrary.org\\\/de\\\/\",\"logo\":{\"@type\":\"ImageObject\",\"inLanguage\":\"de-DE\",\"@id\":\"https:\\\/\\\/www.marybakereddylibrary.org\\\/de\\\/#\\\/schema\\\/logo\\\/image\\\/\",\"url\":\"https:\\\/\\\/www.marybakereddylibrary.org\\\/wp-content\\\/uploads\\\/2015\\\/03\\\/MBEL_logo_HR.jpg\",\"contentUrl\":\"https:\\\/\\\/www.marybakereddylibrary.org\\\/wp-content\\\/uploads\\\/2015\\\/03\\\/MBEL_logo_HR.jpg\",\"width\":2100,\"height\":2100,\"caption\":\"The Mary Baker Eddy Library\"},\"image\":{\"@id\":\"https:\\\/\\\/www.marybakereddylibrary.org\\\/de\\\/#\\\/schema\\\/logo\\\/image\\\/\"},\"sameAs\":[\"https:\\\/\\\/www.facebook.com\\\/mbelibrary\",\"https:\\\/\\\/x.com\\\/mbelibrary\",\"https:\\\/\\\/www.instagram.com\\\/mbelibrary\"]},{\"@type\":\"Person\",\"@id\":\"https:\\\/\\\/www.marybakereddylibrary.org\\\/de\\\/#\\\/schema\\\/person\\\/72c809b93d87eb7f9162a3a2f9ee713e\",\"name\":\"Laurenz Peschke\",\"image\":{\"@type\":\"ImageObject\",\"inLanguage\":\"de-DE\",\"@id\":\"https:\\\/\\\/secure.gravatar.com\\\/avatar\\\/f20b60dbe106c7d0a1951e8b2bd07e717d1b773324268a895a7c7c696e48138a?s=96&d=mm&r=g\",\"url\":\"https:\\\/\\\/secure.gravatar.com\\\/avatar\\\/f20b60dbe106c7d0a1951e8b2bd07e717d1b773324268a895a7c7c696e48138a?s=96&d=mm&r=g\",\"contentUrl\":\"https:\\\/\\\/secure.gravatar.com\\\/avatar\\\/f20b60dbe106c7d0a1951e8b2bd07e717d1b773324268a895a7c7c696e48138a?s=96&d=mm&r=g\",\"caption\":\"Laurenz Peschke\"}}]}<\/script>\n<!-- \/ Yoast SEO plugin. -->","yoast_head_json":{"title":"Wie \u00e4u\u00dferte sich Mary Baker Eddy \u00fcber geistige Gesundheit? - Die Mary Baker Eddy Bibliothek","description":"Lesen Sie mehr dar\u00fcber, wie sie mit Herausforderungen umging, die ihr eigenes emotionales und soziales Wohlbefinden und das anderer betrafen.","robots":{"index":"index","follow":"follow","max-snippet":"max-snippet:-1","max-image-preview":"max-image-preview:large","max-video-preview":"max-video-preview:-1"},"canonical":"https:\/\/www.marybakereddylibrary.org\/de\/research\/wie-aeusserte-sich-mary-baker-eddy-ueber-geistige-gesundheit\/","og_locale":"de_DE","og_type":"article","og_title":"Wie \u00e4u\u00dferte sich Mary Baker Eddy \u00fcber geistige Gesundheit? - Die Mary Baker Eddy Bibliothek","og_description":"Lesen Sie mehr dar\u00fcber, wie sie mit Herausforderungen umging, die ihr eigenes emotionales und soziales Wohlbefinden und das anderer betrafen.","og_url":"https:\/\/www.marybakereddylibrary.org\/de\/research\/wie-aeusserte-sich-mary-baker-eddy-ueber-geistige-gesundheit\/","og_site_name":"Die Mary Baker Eddy Bibliothek","article_publisher":"https:\/\/www.facebook.com\/mbelibrary","article_published_time":"2023-05-01T22:49:25+00:00","article_modified_time":"2023-05-16T16:27:47+00:00","og_image":[{"width":880,"height":550,"url":"https:\/\/www.marybakereddylibrary.org\/wp-content\/uploads\/2021\/08\/MBEL-Article_Natural-Disasters_880x550px.jpg","type":"image\/jpeg"}],"author":"Laurenz Peschke","twitter_misc":{"Verfasst von":"Laurenz Peschke","Gesch\u00e4tzte Lesezeit":"6 Minuten"},"schema":{"@context":"https:\/\/schema.org","@graph":[{"@type":"Article","@id":"https:\/\/www.marybakereddylibrary.org\/de\/research\/wie-aeusserte-sich-mary-baker-eddy-ueber-geistige-gesundheit\/#article","isPartOf":{"@id":"https:\/\/www.marybakereddylibrary.org\/de\/research\/wie-aeusserte-sich-mary-baker-eddy-ueber-geistige-gesundheit\/"},"author":{"name":"Laurenz Peschke","@id":"https:\/\/www.marybakereddylibrary.org\/de\/#\/schema\/person\/72c809b93d87eb7f9162a3a2f9ee713e"},"headline":"Wie \u00e4u\u00dferte sich Mary Baker Eddy \u00fcber geistige Gesundheit?","datePublished":"2023-05-01T22:49:25+00:00","dateModified":"2023-05-16T16:27:47+00:00","mainEntityOfPage":{"@id":"https:\/\/www.marybakereddylibrary.org\/de\/research\/wie-aeusserte-sich-mary-baker-eddy-ueber-geistige-gesundheit\/"},"wordCount":1587,"publisher":{"@id":"https:\/\/www.marybakereddylibrary.org\/de\/#organization"},"image":{"@id":"https:\/\/www.marybakereddylibrary.org\/de\/research\/wie-aeusserte-sich-mary-baker-eddy-ueber-geistige-gesundheit\/#primaryimage"},"thumbnailUrl":"https:\/\/www.marybakereddylibrary.org\/wp-content\/uploads\/2023\/05\/German-edit.jpg","articleSection":["Fragen Sie unser Recherche-Team"],"inLanguage":"de-DE"},{"@type":"WebPage","@id":"https:\/\/www.marybakereddylibrary.org\/de\/research\/wie-aeusserte-sich-mary-baker-eddy-ueber-geistige-gesundheit\/","url":"https:\/\/www.marybakereddylibrary.org\/de\/research\/wie-aeusserte-sich-mary-baker-eddy-ueber-geistige-gesundheit\/","name":"Wie \u00e4u\u00dferte sich Mary Baker Eddy \u00fcber geistige Gesundheit? - Die Mary Baker Eddy Bibliothek","isPartOf":{"@id":"https:\/\/www.marybakereddylibrary.org\/de\/#website"},"primaryImageOfPage":{"@id":"https:\/\/www.marybakereddylibrary.org\/de\/research\/wie-aeusserte-sich-mary-baker-eddy-ueber-geistige-gesundheit\/#primaryimage"},"image":{"@id":"https:\/\/www.marybakereddylibrary.org\/de\/research\/wie-aeusserte-sich-mary-baker-eddy-ueber-geistige-gesundheit\/#primaryimage"},"thumbnailUrl":"https:\/\/www.marybakereddylibrary.org\/wp-content\/uploads\/2023\/05\/German-edit.jpg","datePublished":"2023-05-01T22:49:25+00:00","dateModified":"2023-05-16T16:27:47+00:00","description":"Lesen Sie mehr dar\u00fcber, wie sie mit Herausforderungen umging, die ihr eigenes emotionales und soziales Wohlbefinden und das anderer betrafen.","breadcrumb":{"@id":"https:\/\/www.marybakereddylibrary.org\/de\/research\/wie-aeusserte-sich-mary-baker-eddy-ueber-geistige-gesundheit\/#breadcrumb"},"inLanguage":"de-DE","potentialAction":[{"@type":"ReadAction","target":["https:\/\/www.marybakereddylibrary.org\/de\/research\/wie-aeusserte-sich-mary-baker-eddy-ueber-geistige-gesundheit\/"]}]},{"@type":"ImageObject","inLanguage":"de-DE","@id":"https:\/\/www.marybakereddylibrary.org\/de\/research\/wie-aeusserte-sich-mary-baker-eddy-ueber-geistige-gesundheit\/#primaryimage","url":"https:\/\/www.marybakereddylibrary.org\/wp-content\/uploads\/2023\/05\/German-edit.jpg","contentUrl":"https:\/\/www.marybakereddylibrary.org\/wp-content\/uploads\/2023\/05\/German-edit.jpg","width":1200,"height":750},{"@type":"BreadcrumbList","@id":"https:\/\/www.marybakereddylibrary.org\/de\/research\/wie-aeusserte-sich-mary-baker-eddy-ueber-geistige-gesundheit\/#breadcrumb","itemListElement":[{"@type":"ListItem","position":1,"name":"Startseite","item":"https:\/\/www.marybakereddylibrary.org\/de\/"},{"@type":"ListItem","position":2,"name":"Wie \u00e4u\u00dferte sich Mary Baker Eddy \u00fcber geistige Gesundheit?"}]},{"@type":"WebSite","@id":"https:\/\/www.marybakereddylibrary.org\/de\/#website","url":"https:\/\/www.marybakereddylibrary.org\/de\/","name":"Die Mary Baker Eddy Bibliothek","description":"","publisher":{"@id":"https:\/\/www.marybakereddylibrary.org\/de\/#organization"},"potentialAction":[{"@type":"SearchAction","target":{"@type":"EntryPoint","urlTemplate":"https:\/\/www.marybakereddylibrary.org\/de\/?s={search_term_string}"},"query-input":{"@type":"PropertyValueSpecification","valueRequired":true,"valueName":"search_term_string"}}],"inLanguage":"de-DE"},{"@type":"Organization","@id":"https:\/\/www.marybakereddylibrary.org\/de\/#organization","name":"The Mary Baker Eddy Library","url":"https:\/\/www.marybakereddylibrary.org\/de\/","logo":{"@type":"ImageObject","inLanguage":"de-DE","@id":"https:\/\/www.marybakereddylibrary.org\/de\/#\/schema\/logo\/image\/","url":"https:\/\/www.marybakereddylibrary.org\/wp-content\/uploads\/2015\/03\/MBEL_logo_HR.jpg","contentUrl":"https:\/\/www.marybakereddylibrary.org\/wp-content\/uploads\/2015\/03\/MBEL_logo_HR.jpg","width":2100,"height":2100,"caption":"The Mary Baker Eddy Library"},"image":{"@id":"https:\/\/www.marybakereddylibrary.org\/de\/#\/schema\/logo\/image\/"},"sameAs":["https:\/\/www.facebook.com\/mbelibrary","https:\/\/x.com\/mbelibrary","https:\/\/www.instagram.com\/mbelibrary"]},{"@type":"Person","@id":"https:\/\/www.marybakereddylibrary.org\/de\/#\/schema\/person\/72c809b93d87eb7f9162a3a2f9ee713e","name":"Laurenz Peschke","image":{"@type":"ImageObject","inLanguage":"de-DE","@id":"https:\/\/secure.gravatar.com\/avatar\/f20b60dbe106c7d0a1951e8b2bd07e717d1b773324268a895a7c7c696e48138a?s=96&d=mm&r=g","url":"https:\/\/secure.gravatar.com\/avatar\/f20b60dbe106c7d0a1951e8b2bd07e717d1b773324268a895a7c7c696e48138a?s=96&d=mm&r=g","contentUrl":"https:\/\/secure.gravatar.com\/avatar\/f20b60dbe106c7d0a1951e8b2bd07e717d1b773324268a895a7c7c696e48138a?s=96&d=mm&r=g","caption":"Laurenz Peschke"}}]}},"_links":{"self":[{"href":"https:\/\/www.marybakereddylibrary.org\/de\/wp-json\/wp\/v2\/posts\/55413","targetHints":{"allow":["GET"]}}],"collection":[{"href":"https:\/\/www.marybakereddylibrary.org\/de\/wp-json\/wp\/v2\/posts"}],"about":[{"href":"https:\/\/www.marybakereddylibrary.org\/de\/wp-json\/wp\/v2\/types\/post"}],"author":[{"embeddable":true,"href":"https:\/\/www.marybakereddylibrary.org\/de\/wp-json\/wp\/v2\/users\/51"}],"replies":[{"embeddable":true,"href":"https:\/\/www.marybakereddylibrary.org\/de\/wp-json\/wp\/v2\/comments?post=55413"}],"version-history":[{"count":0,"href":"https:\/\/www.marybakereddylibrary.org\/de\/wp-json\/wp\/v2\/posts\/55413\/revisions"}],"wp:featuredmedia":[{"embeddable":true,"href":"https:\/\/www.marybakereddylibrary.org\/de\/wp-json\/wp\/v2\/media\/56344"}],"wp:attachment":[{"href":"https:\/\/www.marybakereddylibrary.org\/de\/wp-json\/wp\/v2\/media?parent=55413"}],"wp:term":[{"taxonomy":"category","embeddable":true,"href":"https:\/\/www.marybakereddylibrary.org\/de\/wp-json\/wp\/v2\/categories?post=55413"},{"taxonomy":"post_tag","embeddable":true,"href":"https:\/\/www.marybakereddylibrary.org\/de\/wp-json\/wp\/v2\/tags?post=55413"}],"curies":[{"name":"wp","href":"https:\/\/api.w.org\/{rel}","templated":true}]}}