{"id":25987,"date":"2019-08-16T13:03:20","date_gmt":"2019-08-16T17:03:20","guid":{"rendered":"https:\/\/www.marybakereddylibrary.org\/?p=25987"},"modified":"2022-04-21T13:38:51","modified_gmt":"2022-04-21T17:38:51","slug":"liberad-a-los-cautivos-mary-baker-eddy-y-la-reforma-penitenciaria","status":"publish","type":"post","link":"https:\/\/www.marybakereddylibrary.org\/es\/research\/liberad-a-los-cautivos-mary-baker-eddy-y-la-reforma-penitenciaria\/","title":{"rendered":"\u201cLiberad a los cautivos\u201d: Mary Baker Eddy y la reforma penitenciaria"},"content":{"rendered":"<div id=\"modal-ready\"><p>[et_pb_section bb_built=&#8221;1&#8243; fullwidth=&#8221;on&#8221; specialty=&#8221;off&#8221; next_background_color=&#8221;#000000&#8243; inner_width=&#8221;auto&#8221; inner_max_width=&#8221;none&#8221;][et_pb_fullwidth_post_title _builder_version=&#8221;3.29.3&#8243; featured_image=&#8221;off&#8221; text_shadow_horizontal_length=&#8221;text_shadow_style,%91object Object%93&#8243; text_shadow_vertical_length=&#8221;text_shadow_style,%91object Object%93&#8243; text_shadow_blur_strength=&#8221;text_shadow_style,%91object Object%93&#8243; title_text_shadow_horizontal_length=&#8221;title_text_shadow_style,%91object Object%93&#8243; title_text_shadow_vertical_length=&#8221;title_text_shadow_style,%91object Object%93&#8243; title_text_shadow_blur_strength=&#8221;title_text_shadow_style,%91object Object%93&#8243; meta_text_shadow_horizontal_length=&#8221;meta_text_shadow_style,%91object Object%93&#8243; meta_text_shadow_vertical_length=&#8221;meta_text_shadow_style,%91object Object%93&#8243; meta_text_shadow_blur_strength=&#8221;meta_text_shadow_style,%91object Object%93&#8243; z_index_tablet=&#8221;500&#8243; author=&#8221;off&#8221; categories=&#8221;off&#8221; comments=&#8221;off&#8221; box_shadow_horizontal_tablet=&#8221;0px&#8221; box_shadow_vertical_tablet=&#8221;0px&#8221; box_shadow_blur_tablet=&#8221;40px&#8221; box_shadow_spread_tablet=&#8221;0px&#8221; \/][\/et_pb_section][et_pb_section bb_built=&#8221;1&#8243; prev_background_color=&#8221;#000000&#8243; inner_width=&#8221;auto&#8221; inner_max_width=&#8221;none&#8221;][et_pb_row][et_pb_column type=&#8221;2_3&#8243; custom_padding__hover=&#8221;|||&#8221; custom_padding=&#8221;|||&#8221;][et_pb_image _builder_version=&#8221;3.22.7&#8243; src=&#8221;https:\/\/www.marybakereddylibrary.org\/wp-content\/uploads\/2018\/11\/wickerchair_fr.jpg&#8221; z_index_tablet=&#8221;500&#8243; align_last_edited=&#8221;on|desktop&#8221; align_tablet=&#8221;center&#8221; \/][et_pb_text _builder_version=&#8221;4.4.7&#8243; text_text_shadow_horizontal_length=&#8221;text_text_shadow_style,%91object Object%93&#8243; text_text_shadow_vertical_length=&#8221;text_text_shadow_style,%91object Object%93&#8243; text_text_shadow_blur_strength=&#8221;text_text_shadow_style,%91object Object%93&#8243; link_text_shadow_horizontal_length=&#8221;link_text_shadow_style,%91object Object%93&#8243; link_text_shadow_vertical_length=&#8221;link_text_shadow_style,%91object Object%93&#8243; link_text_shadow_blur_strength=&#8221;link_text_shadow_style,%91object Object%93&#8243; ul_text_shadow_horizontal_length=&#8221;ul_text_shadow_style,%91object Object%93&#8243; ul_text_shadow_vertical_length=&#8221;ul_text_shadow_style,%91object Object%93&#8243; ul_text_shadow_blur_strength=&#8221;ul_text_shadow_style,%91object Object%93&#8243; ol_text_shadow_horizontal_length=&#8221;ol_text_shadow_style,%91object Object%93&#8243; ol_text_shadow_vertical_length=&#8221;ol_text_shadow_style,%91object Object%93&#8243; ol_text_shadow_blur_strength=&#8221;ol_text_shadow_style,%91object Object%93&#8243; quote_text_shadow_horizontal_length=&#8221;quote_text_shadow_style,%91object Object%93&#8243; quote_text_shadow_vertical_length=&#8221;quote_text_shadow_style,%91object Object%93&#8243; quote_text_shadow_blur_strength=&#8221;quote_text_shadow_style,%91object Object%93&#8243; header_text_shadow_horizontal_length=&#8221;header_text_shadow_style,%91object Object%93&#8243; header_text_shadow_vertical_length=&#8221;header_text_shadow_style,%91object Object%93&#8243; header_text_shadow_blur_strength=&#8221;header_text_shadow_style,%91object Object%93&#8243; header_2_text_shadow_horizontal_length=&#8221;header_2_text_shadow_style,%91object Object%93&#8243; header_2_text_shadow_vertical_length=&#8221;header_2_text_shadow_style,%91object Object%93&#8243; header_2_text_shadow_blur_strength=&#8221;header_2_text_shadow_style,%91object Object%93&#8243; header_3_text_shadow_horizontal_length=&#8221;header_3_text_shadow_style,%91object Object%93&#8243; header_3_text_shadow_vertical_length=&#8221;header_3_text_shadow_style,%91object Object%93&#8243; header_3_text_shadow_blur_strength=&#8221;header_3_text_shadow_style,%91object Object%93&#8243; header_4_text_shadow_horizontal_length=&#8221;header_4_text_shadow_style,%91object Object%93&#8243; header_4_text_shadow_vertical_length=&#8221;header_4_text_shadow_style,%91object Object%93&#8243; header_4_text_shadow_blur_strength=&#8221;header_4_text_shadow_style,%91object Object%93&#8243; header_5_text_shadow_horizontal_length=&#8221;header_5_text_shadow_style,%91object Object%93&#8243; header_5_text_shadow_vertical_length=&#8221;header_5_text_shadow_style,%91object Object%93&#8243; header_5_text_shadow_blur_strength=&#8221;header_5_text_shadow_style,%91object Object%93&#8243; header_6_text_shadow_horizontal_length=&#8221;header_6_text_shadow_style,%91object Object%93&#8243; header_6_text_shadow_vertical_length=&#8221;header_6_text_shadow_style,%91object Object%93&#8243; header_6_text_shadow_blur_strength=&#8221;header_6_text_shadow_style,%91object Object%93&#8243; z_index_tablet=&#8221;500&#8243; text_orientation=&#8221;left&#8221;]<\/p>\n<p>Aunque puede que muchos de nuestros lectores est\u00e9n al tanto de las generosas donaciones de Mary Baker Eddy a una variedad de organizaciones ben\u00e9ficas, su profundo inter\u00e9s por la reforma penitenciaria es mucho menos conocido. Este inter\u00e9s se remonta a las conexiones familiares que tuvo con algunos de los mayores reformadores de su \u00e9poca y, espec\u00edficamente, con la Prisi\u00f3n Estatal de Nuevo Hampshire en Concord.<\/p>\n<p>Este regalo de una mecedora de mimbre, que los internos de esa prisi\u00f3n le dieron a Eddy para expresar su gratitud por lo que ella hab\u00eda hecho por ellos, simboliza este compromiso de muchos a\u00f1os de ayudar a los reclusos. La silla est\u00e1 formada por cientos de piezas de rat\u00e1n (una especie de palmera), enrollados y tejidos laboriosamente. En el respaldo est\u00e1 tejido el dise\u00f1o de la cruz y la corona que se encuentra en las obras publicadas de Eddy. El regalo la conmovi\u00f3 tanto que lo expuso en el comedor de su casa en Concord, Pleasant View y, m\u00e1s tarde, en la sala de estar cuando se mud\u00f3 a Chestnut Hill, Massachusetts.<span id='easy-footnote-1-25987' class='easy-footnote-margin-adjust'><\/span><span class='easy-footnote'><a href='https:\/\/www.marybakereddylibrary.org\/es\/research\/liberad-a-los-cautivos-mary-baker-eddy-y-la-reforma-penitenciaria\/#easy-footnote-bottom-1-25987' title='Irving C. Tomlinson, &lt;em&gt;Twelve Years with Mary Baker Eddy,&lt;\/em&gt; Amplified Edition [Doce A\u00f1os con Mary Baker Eddy, Edici\u00f3n Ampliada] (Boston: The Christian Science Publishing Society, 1994), 243.'><sup>1<\/sup><\/a><\/span> (Le dieron la silla en alg\u00fan momento entre 1900 y 1907.)<\/p>\n<p><img loading=\"lazy\" decoding=\"async\" class=\"aligncenter wp-image-22966 size-full\" src=\"https:\/\/www.marybakereddylibrary.org\/wp-content\/uploads\/2018\/11\/wicker_pleasant-view_fr.jpg\" alt=\"Fauteuil dans la salle \u00e0 manger de Pleasant View (P06268).\" width=\"800\" height=\"548\" srcset=\"https:\/\/www.marybakereddylibrary.org\/wp-content\/uploads\/2018\/11\/wicker_pleasant-view_fr.jpg 800w, https:\/\/www.marybakereddylibrary.org\/wp-content\/uploads\/2018\/11\/wicker_pleasant-view_fr-300x206.jpg 300w, https:\/\/www.marybakereddylibrary.org\/wp-content\/uploads\/2018\/11\/wicker_pleasant-view_fr-768x526.jpg 768w\" sizes=\"(max-width: 800px) 100vw, 800px\" \/><\/p>\n<p class=\"custom-caption-centered\">Leyenda: Silla expuesta en el comedor en Pleasant View (P06268).<\/p>\n<p>El Capit\u00e1n Moses Pilsbury, cabeza de la familia Pilsbury, se hizo buen amigo de los Baker cuando era alcaide de esa misma prisi\u00f3n (1818-1826, 1837-1840). En una \u00e9poca en la que el sistema penitenciario en los Estados Unidos era severamente punitivo, Pilsbury implement\u00f3 reformas, tales como leer la Biblia a los presos dos veces al d\u00eda, fomentar la alfabetizaci\u00f3n, contratar personal bas\u00e1ndose en el car\u00e1cter moral m\u00e1s que en la fuerza f\u00edsica y erradicar el castigo corporal. En 1819, Moses hizo construir un taller para los reclusos, en el que se les ense\u00f1aba oficios para proporcionarles habilidades que les facilitaran encontrar empleo al salir de la c\u00e1rcel. Este fue el precursor de las industrias penitenciarias modernas,<span id='easy-footnote-2-25987' class='easy-footnote-margin-adjust'><\/span><span class='easy-footnote'><a href='https:\/\/www.marybakereddylibrary.org\/es\/research\/liberad-a-los-cautivos-mary-baker-eddy-y-la-reforma-penitenciaria\/#easy-footnote-bottom-2-25987' title='Caleb Smith, &lt;em&gt;The Prison and the American Imagination&lt;\/em&gt; [La prisi\u00f3n y la imaginaci\u00f3n estadounidense] (New Haven: Yale University Press, 2009), 125.'><sup>2<\/sup><\/a><\/span> y, de hecho, posibilitar\u00eda m\u00e1s tarde a los reclusos de Concord hacer esta mecedora para Eddy. Como alcaides de Concord y, m\u00e1s tarde, constructores y alcaides de otras prisiones, Moses y sus hijos John, Amos y Luther continuaron extendiendo sus reformas a trav\u00e9s de Nueva Inglaterra y Nueva York. Amos incluso obtuvo reconocimiento mundial por sus m\u00e9todos en la Prisi\u00f3n Estatal de Connecticut cuando fue enviado al Congreso Penitenciario Internacional en Londres.<span id='easy-footnote-3-25987' class='easy-footnote-margin-adjust'><\/span><span class='easy-footnote'><a href='https:\/\/www.marybakereddylibrary.org\/es\/research\/liberad-a-los-cautivos-mary-baker-eddy-y-la-reforma-penitenciaria\/#easy-footnote-bottom-3-25987' title='David E. Coughtry, &lt;em&gt;Mary Baker Eddy and Institutional Work&lt;\/em&gt; [Mary Baker Eddy y el trabajo institucional] (New York: Christian Science Institutional Committee for New York State, 1998), 1-2.'><sup>3<\/sup><\/a><\/span> Irving C. Tomlinson, quien trabaj\u00f3 estrechamente con Eddy durante unos a\u00f1os, recordar\u00eda m\u00e1s tarde que \u201clas actividades de la Ciencia Cristiana en las prisiones interesaban much\u00edsimo a la Sra. Eddy&#8230; Su inter\u00e9s por el trabajo en las prisiones nunca flaque\u00f3\u201d.<span id='easy-footnote-4-25987' class='easy-footnote-margin-adjust'><\/span><span class='easy-footnote'><a href='https:\/\/www.marybakereddylibrary.org\/es\/research\/liberad-a-los-cautivos-mary-baker-eddy-y-la-reforma-penitenciaria\/#easy-footnote-bottom-4-25987' title='Tomlinson, &lt;em&gt;Twelve Years with Mary Baker Eddy,&lt;\/em&gt; Amplified Edition, 243. [Tomlinson, Doce a\u00f1os con Mary Baker Eddy, Edici\u00f3n Ampliada].'><sup>4<\/sup><\/a><\/span> Es m\u00e1s, estaba familiarizada con el trabajo penitenciario desde su tierna infancia. Su familia ten\u00eda una estrecha amistad con los Pilsbury, familia de alcaides que ten\u00edan la reputaci\u00f3n de ser los mayores reformadores de prisiones del siglo XIX.<span id='easy-footnote-5-25987' class='easy-footnote-margin-adjust'><\/span><span class='easy-footnote'><a href='https:\/\/www.marybakereddylibrary.org\/es\/research\/liberad-a-los-cautivos-mary-baker-eddy-y-la-reforma-penitenciaria\/#easy-footnote-bottom-5-25987' title='Orlando Faulkland Lewis, &lt;em&gt;The Development of American Prisons and Prison Customs, 1776-1845: With Special Reference to Early Institutions in the State of New York&lt;\/em&gt; [El desarrollo de las prisiones estadounidenses y de las costumbres en las prisiones, 1776-1845: Con especial menci\u00f3n de las primeras instituciones en el Estado de Nueva York] (Albany: Prison Association of New York, 1922), 176.'><sup>5<\/sup><\/a><\/span> Su hermano George trabaj\u00f3 para los Pilsbury en la Prisi\u00f3n Estatal de Connecticut; su hermana Martha se cas\u00f3 con Luther Pilsbury, director de la Prisi\u00f3n Estatal de Nuevo Hampshire en Concord. En cuanto se casaron, Mary los visit\u00f3 en la prisi\u00f3n de Concord y probablemente pas\u00f3 la noche all\u00ed en el apartamento de ellos.<span id='easy-footnote-6-25987' class='easy-footnote-margin-adjust'><\/span><span class='easy-footnote'><a href='https:\/\/www.marybakereddylibrary.org\/es\/research\/liberad-a-los-cautivos-mary-baker-eddy-y-la-reforma-penitenciaria\/#easy-footnote-bottom-6-25987' title='Mary Baker Eddy a Augusta Holmes Swasey, 24 de febrero de 1843, L02682.'><sup>6<\/sup><\/a><\/span><\/p>\n<p>No es de extra\u00f1ar que Eddy comprendiera la importancia de trabajar activamente con los reclusos, teniendo en cuenta los lazos familiares con estos reformadores. Ya en 1891, <em>The Christian Science Journal<\/em> informaba de la distribuci\u00f3n de literatura de la Ciencia Cristiana en las prisiones. En 1900 Eddy anim\u00f3 encarecidamente a Irving Tomlinson a visitar las c\u00e1rceles de Concord y ella escuchaba con mucho inter\u00e9s lo que \u00e9l le contaba. Tomlinson escribe en sus reminiscencias: \u201cUna de sus primeras charlas con el escritor tras su llegada a Concord, estuvo relacionada con los desafortunados de las c\u00e1rceles del condado y las prisiones estatales. Ante su insistencia, el escritor visit\u00f3 al Sheriff Edgerly del Condado y le propuso celebrar un servicio religioso de la Ciencia Cristiana para los reclusos todos los domingos, a las dos de la tarde, en la c\u00e1rcel del Condado de Merrimac. El Sheriff recibi\u00f3 con agrado la idea&#8230;\u201d.<span id='easy-footnote-7-25987' class='easy-footnote-margin-adjust'><\/span><span class='easy-footnote'><a href='https:\/\/www.marybakereddylibrary.org\/es\/research\/liberad-a-los-cautivos-mary-baker-eddy-y-la-reforma-penitenciaria\/#easy-footnote-bottom-7-25987' title='Eddy a Irving C. Tomlinson, 12 de mayo de 1900, L03728.'><sup>7<\/sup><\/a><\/span> La respuesta de Eddy al plan fue muy entusiasta: \u201cMe alegra de que haya usted comenzado la Misi\u00f3n de la C.C. con fe en que puede abrir las puertas de la prisi\u00f3n y liberar a los cautivos. Que Dios lo bendiga en este camino de Su designio\u201d.<span id='easy-footnote-8-25987' class='easy-footnote-margin-adjust'><\/span><span class='easy-footnote'><a href='https:\/\/www.marybakereddylibrary.org\/es\/research\/liberad-a-los-cautivos-mary-baker-eddy-y-la-reforma-penitenciaria\/#easy-footnote-bottom-8-25987' title='Rem. Irving C. Tomlinson, 622-623.'><sup>8<\/sup><\/a><\/span><\/p>\n<p>Los servicios religiosos se celebraron desde 1900 hasta 1906. Tomlinson tambi\u00e9n sirvi\u00f3 como practicista, orando por los internos cuando le ped\u00edan ayuda espiritual durante la semana. Como resultado de su trabajo, muchos de los reclusos tuvieron curaciones y enviaron su agradecimiento y testimonios a Eddy, quien los mand\u00f3 para que fueran publicados en las revistas de la Ciencia Cristiana. Tomlinson record\u00f3 m\u00e1s tarde que en marzo de 1907 un preso reci\u00e9n puesto en libertad fue a verlo y le dijo que deseaba comprar un ejemplar de <em>Ciencia y Salud con la Llave de las Escrituras.<\/em> Tomlinson ofreci\u00f3 darle un ejemplar gratis, pero el hombre rechaz\u00f3 la oferta diciendo que hab\u00eda ahorrado dinero durante su estancia en prisi\u00f3n para poder pagarlo. Tomlinson inform\u00f3 de que este hombre nunca m\u00e1s cometi\u00f3 otro crimen. Cuando Tomlinson transmiti\u00f3 el incidente a Eddy, ella se sinti\u00f3 profundamente conmovida.<span id='easy-footnote-9-25987' class='easy-footnote-margin-adjust'><\/span><span class='easy-footnote'><a href='https:\/\/www.marybakereddylibrary.org\/es\/research\/liberad-a-los-cautivos-mary-baker-eddy-y-la-reforma-penitenciaria\/#easy-footnote-bottom-9-25987' title='Ib\u00edd.'><sup>9<\/sup><\/a><\/span><\/p>\n<p><em>Para saber m\u00e1s sobre las experiencias de Irving Tomlinson en las c\u00e1rceles de Concord, s\u00edrvase comunicarse con Research &amp; Reference Services [Servicios de Investigaci\u00f3n y Referencia] a trav\u00e9s de <a href=\"mailto:research@mbelibrary.org\" target=\"_blank\" rel=\"noopener noreferrer\">research@mbelibrary.org<\/a>. Si se encuentra en Boston, puede leer las reminiscencias de Tomlinson en nuestra Sala de Investigaci\u00f3n.<\/em><\/p>\n<p>[\/et_pb_text][\/et_pb_column][et_pb_column type=&#8221;1_3&#8243; custom_padding__hover=&#8221;|||&#8221; custom_padding=&#8221;|||&#8221;][et_pb_sidebar _builder_version=&#8221;3.22.7&#8243; area=&#8221;et_pb_widget_area_3&#8243; text_shadow_horizontal_length=&#8221;text_shadow_style,%91object Object%93&#8243; text_shadow_vertical_length=&#8221;text_shadow_style,%91object Object%93&#8243; text_shadow_blur_strength=&#8221;text_shadow_style,%91object Object%93&#8243; header_text_shadow_horizontal_length=&#8221;header_text_shadow_style,%91object Object%93&#8243; header_text_shadow_vertical_length=&#8221;header_text_shadow_style,%91object Object%93&#8243; header_text_shadow_blur_strength=&#8221;header_text_shadow_style,%91object Object%93&#8243; body_text_shadow_horizontal_length=&#8221;body_text_shadow_style,%91object Object%93&#8243; body_text_shadow_vertical_length=&#8221;body_text_shadow_style,%91object Object%93&#8243; body_text_shadow_blur_strength=&#8221;body_text_shadow_style,%91object Object%93&#8243; z_index_tablet=&#8221;500&#8243; \/][\/et_pb_column][\/et_pb_row][\/et_pb_section]<\/p>\n<\/div>","protected":false},"excerpt":{"rendered":"<p>Lean acerca del compromiso de larga data de Eddy de ayudar a los prisioneros.<\/p>","protected":false},"author":44,"featured_media":22962,"comment_status":"closed","ping_status":"closed","sticky":false,"template":"","format":"standard","meta":{"_et_pb_use_builder":"on","_et_pb_old_content":"","_et_gb_content_width":"","_oasis_is_in_workflow":0,"_oasis_original":0,"_oasis_task_priority":"","_relevanssi_hide_post":"","_relevanssi_hide_content":"","_relevanssi_pin_for_all":"","_relevanssi_pin_keywords":"","_relevanssi_unpin_keywords":"","_relevanssi_related_keywords":"","_relevanssi_related_include_ids":"","_relevanssi_related_exclude_ids":"","_relevanssi_related_no_append":"","_relevanssi_related_not_related":"","_relevanssi_related_posts":"","_relevanssi_noindex_reason":"","inline_featured_image":false,"episode_type":"","audio_file":"","podmotor_file_id":"","podmotor_episode_id":"","cover_image":"","cover_image_id":"","duration":"","filesize":"","filesize_raw":"","date_recorded":"","explicit":"","block":"","itunes_episode_number":"","itunes_title":"","itunes_season_number":"","itunes_episode_type":"","footnotes":""},"categories":[153],"tags":[],"class_list":["post-25987","post","type-post","status-publish","format-standard","has-post-thumbnail","hentry","category-preguntele-a-un-investigador"],"yoast_head":"<!-- This site is optimized with the Yoast SEO plugin v27.4 - https:\/\/yoast.com\/product\/yoast-seo-wordpress\/ -->\n<title>\u201cLiberad a los cautivos\u201d: Mary Baker Eddy y la reforma penitenciaria - La Biblioteca Mary Baker Eddy<\/title>\n<meta name=\"robots\" content=\"index, follow, max-snippet:-1, max-image-preview:large, max-video-preview:-1\" \/>\n<link rel=\"canonical\" href=\"https:\/\/www.marybakereddylibrary.org\/es\/research\/liberad-a-los-cautivos-mary-baker-eddy-y-la-reforma-penitenciaria\/\" \/>\n<meta property=\"og:locale\" content=\"es_ES\" \/>\n<meta property=\"og:type\" content=\"article\" \/>\n<meta property=\"og:title\" content=\"\u201cLiberad a los cautivos\u201d: Mary Baker Eddy y la reforma penitenciaria - La Biblioteca Mary Baker Eddy\" \/>\n<meta property=\"og:description\" content=\"Lean acerca del compromiso de larga data de Eddy de ayudar a los prisioneros.\" \/>\n<meta property=\"og:url\" content=\"https:\/\/www.marybakereddylibrary.org\/es\/research\/liberad-a-los-cautivos-mary-baker-eddy-y-la-reforma-penitenciaria\/\" \/>\n<meta property=\"og:site_name\" content=\"La Biblioteca Mary Baker Eddy\" \/>\n<meta property=\"article:publisher\" content=\"https:\/\/www.facebook.com\/mbelibrary\" \/>\n<meta property=\"article:published_time\" content=\"2019-08-16T17:03:20+00:00\" \/>\n<meta property=\"article:modified_time\" content=\"2022-04-21T17:38:51+00:00\" \/>\n<meta property=\"og:image\" content=\"https:\/\/www.marybakereddylibrary.org\/wp-content\/uploads\/2018\/11\/wickerchair_fr.jpg\" \/>\n\t<meta property=\"og:image:width\" content=\"600\" \/>\n\t<meta property=\"og:image:height\" content=\"685\" \/>\n\t<meta property=\"og:image:type\" content=\"image\/jpeg\" \/>\n<meta name=\"author\" content=\"The Mary Baker Eddy Library\" \/>\n<meta name=\"twitter:label1\" content=\"Escrito por\" \/>\n\t<meta name=\"twitter:data1\" content=\"The Mary Baker Eddy Library\" \/>\n\t<meta name=\"twitter:label2\" content=\"Tiempo de lectura\" \/>\n\t<meta name=\"twitter:data2\" content=\"9 minutos\" \/>\n<script type=\"application\/ld+json\" class=\"yoast-schema-graph\">{\"@context\":\"https:\\\/\\\/schema.org\",\"@graph\":[{\"@type\":\"Article\",\"@id\":\"https:\\\/\\\/www.marybakereddylibrary.org\\\/es\\\/research\\\/liberad-a-los-cautivos-mary-baker-eddy-y-la-reforma-penitenciaria\\\/#article\",\"isPartOf\":{\"@id\":\"https:\\\/\\\/www.marybakereddylibrary.org\\\/es\\\/research\\\/liberad-a-los-cautivos-mary-baker-eddy-y-la-reforma-penitenciaria\\\/\"},\"author\":{\"name\":\"The Mary Baker Eddy Library\",\"@id\":\"https:\\\/\\\/www.marybakereddylibrary.org\\\/es\\\/#\\\/schema\\\/person\\\/82abfd938c00bb8542667a796d4e449a\"},\"headline\":\"\u201cLiberad a los cautivos\u201d: Mary Baker Eddy y la reforma penitenciaria\",\"datePublished\":\"2019-08-16T17:03:20+00:00\",\"dateModified\":\"2022-04-21T17:38:51+00:00\",\"mainEntityOfPage\":{\"@id\":\"https:\\\/\\\/www.marybakereddylibrary.org\\\/es\\\/research\\\/liberad-a-los-cautivos-mary-baker-eddy-y-la-reforma-penitenciaria\\\/\"},\"wordCount\":1881,\"publisher\":{\"@id\":\"https:\\\/\\\/www.marybakereddylibrary.org\\\/es\\\/#organization\"},\"image\":{\"@id\":\"https:\\\/\\\/www.marybakereddylibrary.org\\\/es\\\/research\\\/liberad-a-los-cautivos-mary-baker-eddy-y-la-reforma-penitenciaria\\\/#primaryimage\"},\"thumbnailUrl\":\"https:\\\/\\\/www.marybakereddylibrary.org\\\/wp-content\\\/uploads\\\/2018\\\/11\\\/wickerchair_fr.jpg\",\"articleSection\":[\"Preg\u00fantele a un investigador\"],\"inLanguage\":\"es\"},{\"@type\":\"WebPage\",\"@id\":\"https:\\\/\\\/www.marybakereddylibrary.org\\\/es\\\/research\\\/liberad-a-los-cautivos-mary-baker-eddy-y-la-reforma-penitenciaria\\\/\",\"url\":\"https:\\\/\\\/www.marybakereddylibrary.org\\\/es\\\/research\\\/liberad-a-los-cautivos-mary-baker-eddy-y-la-reforma-penitenciaria\\\/\",\"name\":\"\u201cLiberad a los cautivos\u201d: Mary Baker Eddy y la reforma penitenciaria - La Biblioteca Mary Baker Eddy\",\"isPartOf\":{\"@id\":\"https:\\\/\\\/www.marybakereddylibrary.org\\\/es\\\/#website\"},\"primaryImageOfPage\":{\"@id\":\"https:\\\/\\\/www.marybakereddylibrary.org\\\/es\\\/research\\\/liberad-a-los-cautivos-mary-baker-eddy-y-la-reforma-penitenciaria\\\/#primaryimage\"},\"image\":{\"@id\":\"https:\\\/\\\/www.marybakereddylibrary.org\\\/es\\\/research\\\/liberad-a-los-cautivos-mary-baker-eddy-y-la-reforma-penitenciaria\\\/#primaryimage\"},\"thumbnailUrl\":\"https:\\\/\\\/www.marybakereddylibrary.org\\\/wp-content\\\/uploads\\\/2018\\\/11\\\/wickerchair_fr.jpg\",\"datePublished\":\"2019-08-16T17:03:20+00:00\",\"dateModified\":\"2022-04-21T17:38:51+00:00\",\"breadcrumb\":{\"@id\":\"https:\\\/\\\/www.marybakereddylibrary.org\\\/es\\\/research\\\/liberad-a-los-cautivos-mary-baker-eddy-y-la-reforma-penitenciaria\\\/#breadcrumb\"},\"inLanguage\":\"es\",\"potentialAction\":[{\"@type\":\"ReadAction\",\"target\":[\"https:\\\/\\\/www.marybakereddylibrary.org\\\/es\\\/research\\\/liberad-a-los-cautivos-mary-baker-eddy-y-la-reforma-penitenciaria\\\/\"]}]},{\"@type\":\"ImageObject\",\"inLanguage\":\"es\",\"@id\":\"https:\\\/\\\/www.marybakereddylibrary.org\\\/es\\\/research\\\/liberad-a-los-cautivos-mary-baker-eddy-y-la-reforma-penitenciaria\\\/#primaryimage\",\"url\":\"https:\\\/\\\/www.marybakereddylibrary.org\\\/wp-content\\\/uploads\\\/2018\\\/11\\\/wickerchair_fr.jpg\",\"contentUrl\":\"https:\\\/\\\/www.marybakereddylibrary.org\\\/wp-content\\\/uploads\\\/2018\\\/11\\\/wickerchair_fr.jpg\",\"width\":600,\"height\":685,\"caption\":\"Mary Baker Eddy et la r\u00e9forme des prisons\"},{\"@type\":\"BreadcrumbList\",\"@id\":\"https:\\\/\\\/www.marybakereddylibrary.org\\\/es\\\/research\\\/liberad-a-los-cautivos-mary-baker-eddy-y-la-reforma-penitenciaria\\\/#breadcrumb\",\"itemListElement\":[{\"@type\":\"ListItem\",\"position\":1,\"name\":\"Home\",\"item\":\"https:\\\/\\\/www.marybakereddylibrary.org\\\/es\\\/\"},{\"@type\":\"ListItem\",\"position\":2,\"name\":\"\u201cLiberad a los cautivos\u201d: Mary Baker Eddy y la reforma penitenciaria\"}]},{\"@type\":\"WebSite\",\"@id\":\"https:\\\/\\\/www.marybakereddylibrary.org\\\/es\\\/#website\",\"url\":\"https:\\\/\\\/www.marybakereddylibrary.org\\\/es\\\/\",\"name\":\"La Biblioteca Mary Baker Eddy\",\"description\":\"\",\"publisher\":{\"@id\":\"https:\\\/\\\/www.marybakereddylibrary.org\\\/es\\\/#organization\"},\"potentialAction\":[{\"@type\":\"SearchAction\",\"target\":{\"@type\":\"EntryPoint\",\"urlTemplate\":\"https:\\\/\\\/www.marybakereddylibrary.org\\\/es\\\/?s={search_term_string}\"},\"query-input\":{\"@type\":\"PropertyValueSpecification\",\"valueRequired\":true,\"valueName\":\"search_term_string\"}}],\"inLanguage\":\"es\"},{\"@type\":\"Organization\",\"@id\":\"https:\\\/\\\/www.marybakereddylibrary.org\\\/es\\\/#organization\",\"name\":\"The Mary Baker Eddy Library\",\"url\":\"https:\\\/\\\/www.marybakereddylibrary.org\\\/es\\\/\",\"logo\":{\"@type\":\"ImageObject\",\"inLanguage\":\"es\",\"@id\":\"https:\\\/\\\/www.marybakereddylibrary.org\\\/es\\\/#\\\/schema\\\/logo\\\/image\\\/\",\"url\":\"https:\\\/\\\/www.marybakereddylibrary.org\\\/wp-content\\\/uploads\\\/2015\\\/03\\\/MBEL_logo_HR.jpg\",\"contentUrl\":\"https:\\\/\\\/www.marybakereddylibrary.org\\\/wp-content\\\/uploads\\\/2015\\\/03\\\/MBEL_logo_HR.jpg\",\"width\":2100,\"height\":2100,\"caption\":\"The Mary Baker Eddy Library\"},\"image\":{\"@id\":\"https:\\\/\\\/www.marybakereddylibrary.org\\\/es\\\/#\\\/schema\\\/logo\\\/image\\\/\"},\"sameAs\":[\"https:\\\/\\\/www.facebook.com\\\/mbelibrary\",\"https:\\\/\\\/x.com\\\/mbelibrary\",\"https:\\\/\\\/www.instagram.com\\\/mbelibrary\"]},{\"@type\":\"Person\",\"@id\":\"https:\\\/\\\/www.marybakereddylibrary.org\\\/es\\\/#\\\/schema\\\/person\\\/82abfd938c00bb8542667a796d4e449a\",\"name\":\"The Mary Baker Eddy Library\",\"image\":{\"@type\":\"ImageObject\",\"inLanguage\":\"es\",\"@id\":\"https:\\\/\\\/secure.gravatar.com\\\/avatar\\\/47a742fb4f6cc6ad0d0564fe6349235105346e31e12bacfbe4c85164ba549b72?s=96&d=mm&r=g\",\"url\":\"https:\\\/\\\/secure.gravatar.com\\\/avatar\\\/47a742fb4f6cc6ad0d0564fe6349235105346e31e12bacfbe4c85164ba549b72?s=96&d=mm&r=g\",\"contentUrl\":\"https:\\\/\\\/secure.gravatar.com\\\/avatar\\\/47a742fb4f6cc6ad0d0564fe6349235105346e31e12bacfbe4c85164ba549b72?s=96&d=mm&r=g\",\"caption\":\"The Mary Baker Eddy Library\"}}]}<\/script>\n<!-- \/ Yoast SEO plugin. -->","yoast_head_json":{"title":"\u201cLiberad a los cautivos\u201d: Mary Baker Eddy y la reforma penitenciaria - La Biblioteca Mary Baker Eddy","robots":{"index":"index","follow":"follow","max-snippet":"max-snippet:-1","max-image-preview":"max-image-preview:large","max-video-preview":"max-video-preview:-1"},"canonical":"https:\/\/www.marybakereddylibrary.org\/es\/research\/liberad-a-los-cautivos-mary-baker-eddy-y-la-reforma-penitenciaria\/","og_locale":"es_ES","og_type":"article","og_title":"\u201cLiberad a los cautivos\u201d: Mary Baker Eddy y la reforma penitenciaria - La Biblioteca Mary Baker Eddy","og_description":"Lean acerca del compromiso de larga data de Eddy de ayudar a los prisioneros.","og_url":"https:\/\/www.marybakereddylibrary.org\/es\/research\/liberad-a-los-cautivos-mary-baker-eddy-y-la-reforma-penitenciaria\/","og_site_name":"La Biblioteca Mary Baker Eddy","article_publisher":"https:\/\/www.facebook.com\/mbelibrary","article_published_time":"2019-08-16T17:03:20+00:00","article_modified_time":"2022-04-21T17:38:51+00:00","og_image":[{"width":600,"height":685,"url":"https:\/\/www.marybakereddylibrary.org\/wp-content\/uploads\/2018\/11\/wickerchair_fr.jpg","type":"image\/jpeg"}],"author":"The Mary Baker Eddy Library","twitter_misc":{"Escrito por":"The Mary Baker Eddy Library","Tiempo de lectura":"9 minutos"},"schema":{"@context":"https:\/\/schema.org","@graph":[{"@type":"Article","@id":"https:\/\/www.marybakereddylibrary.org\/es\/research\/liberad-a-los-cautivos-mary-baker-eddy-y-la-reforma-penitenciaria\/#article","isPartOf":{"@id":"https:\/\/www.marybakereddylibrary.org\/es\/research\/liberad-a-los-cautivos-mary-baker-eddy-y-la-reforma-penitenciaria\/"},"author":{"name":"The Mary Baker Eddy Library","@id":"https:\/\/www.marybakereddylibrary.org\/es\/#\/schema\/person\/82abfd938c00bb8542667a796d4e449a"},"headline":"\u201cLiberad a los cautivos\u201d: Mary Baker Eddy y la reforma penitenciaria","datePublished":"2019-08-16T17:03:20+00:00","dateModified":"2022-04-21T17:38:51+00:00","mainEntityOfPage":{"@id":"https:\/\/www.marybakereddylibrary.org\/es\/research\/liberad-a-los-cautivos-mary-baker-eddy-y-la-reforma-penitenciaria\/"},"wordCount":1881,"publisher":{"@id":"https:\/\/www.marybakereddylibrary.org\/es\/#organization"},"image":{"@id":"https:\/\/www.marybakereddylibrary.org\/es\/research\/liberad-a-los-cautivos-mary-baker-eddy-y-la-reforma-penitenciaria\/#primaryimage"},"thumbnailUrl":"https:\/\/www.marybakereddylibrary.org\/wp-content\/uploads\/2018\/11\/wickerchair_fr.jpg","articleSection":["Preg\u00fantele a un investigador"],"inLanguage":"es"},{"@type":"WebPage","@id":"https:\/\/www.marybakereddylibrary.org\/es\/research\/liberad-a-los-cautivos-mary-baker-eddy-y-la-reforma-penitenciaria\/","url":"https:\/\/www.marybakereddylibrary.org\/es\/research\/liberad-a-los-cautivos-mary-baker-eddy-y-la-reforma-penitenciaria\/","name":"\u201cLiberad a los cautivos\u201d: Mary Baker Eddy y la reforma penitenciaria - La Biblioteca Mary Baker Eddy","isPartOf":{"@id":"https:\/\/www.marybakereddylibrary.org\/es\/#website"},"primaryImageOfPage":{"@id":"https:\/\/www.marybakereddylibrary.org\/es\/research\/liberad-a-los-cautivos-mary-baker-eddy-y-la-reforma-penitenciaria\/#primaryimage"},"image":{"@id":"https:\/\/www.marybakereddylibrary.org\/es\/research\/liberad-a-los-cautivos-mary-baker-eddy-y-la-reforma-penitenciaria\/#primaryimage"},"thumbnailUrl":"https:\/\/www.marybakereddylibrary.org\/wp-content\/uploads\/2018\/11\/wickerchair_fr.jpg","datePublished":"2019-08-16T17:03:20+00:00","dateModified":"2022-04-21T17:38:51+00:00","breadcrumb":{"@id":"https:\/\/www.marybakereddylibrary.org\/es\/research\/liberad-a-los-cautivos-mary-baker-eddy-y-la-reforma-penitenciaria\/#breadcrumb"},"inLanguage":"es","potentialAction":[{"@type":"ReadAction","target":["https:\/\/www.marybakereddylibrary.org\/es\/research\/liberad-a-los-cautivos-mary-baker-eddy-y-la-reforma-penitenciaria\/"]}]},{"@type":"ImageObject","inLanguage":"es","@id":"https:\/\/www.marybakereddylibrary.org\/es\/research\/liberad-a-los-cautivos-mary-baker-eddy-y-la-reforma-penitenciaria\/#primaryimage","url":"https:\/\/www.marybakereddylibrary.org\/wp-content\/uploads\/2018\/11\/wickerchair_fr.jpg","contentUrl":"https:\/\/www.marybakereddylibrary.org\/wp-content\/uploads\/2018\/11\/wickerchair_fr.jpg","width":600,"height":685,"caption":"Mary Baker Eddy et la r\u00e9forme des prisons"},{"@type":"BreadcrumbList","@id":"https:\/\/www.marybakereddylibrary.org\/es\/research\/liberad-a-los-cautivos-mary-baker-eddy-y-la-reforma-penitenciaria\/#breadcrumb","itemListElement":[{"@type":"ListItem","position":1,"name":"Home","item":"https:\/\/www.marybakereddylibrary.org\/es\/"},{"@type":"ListItem","position":2,"name":"\u201cLiberad a los cautivos\u201d: Mary Baker Eddy y la reforma penitenciaria"}]},{"@type":"WebSite","@id":"https:\/\/www.marybakereddylibrary.org\/es\/#website","url":"https:\/\/www.marybakereddylibrary.org\/es\/","name":"La Biblioteca Mary Baker Eddy","description":"","publisher":{"@id":"https:\/\/www.marybakereddylibrary.org\/es\/#organization"},"potentialAction":[{"@type":"SearchAction","target":{"@type":"EntryPoint","urlTemplate":"https:\/\/www.marybakereddylibrary.org\/es\/?s={search_term_string}"},"query-input":{"@type":"PropertyValueSpecification","valueRequired":true,"valueName":"search_term_string"}}],"inLanguage":"es"},{"@type":"Organization","@id":"https:\/\/www.marybakereddylibrary.org\/es\/#organization","name":"The Mary Baker Eddy Library","url":"https:\/\/www.marybakereddylibrary.org\/es\/","logo":{"@type":"ImageObject","inLanguage":"es","@id":"https:\/\/www.marybakereddylibrary.org\/es\/#\/schema\/logo\/image\/","url":"https:\/\/www.marybakereddylibrary.org\/wp-content\/uploads\/2015\/03\/MBEL_logo_HR.jpg","contentUrl":"https:\/\/www.marybakereddylibrary.org\/wp-content\/uploads\/2015\/03\/MBEL_logo_HR.jpg","width":2100,"height":2100,"caption":"The Mary Baker Eddy Library"},"image":{"@id":"https:\/\/www.marybakereddylibrary.org\/es\/#\/schema\/logo\/image\/"},"sameAs":["https:\/\/www.facebook.com\/mbelibrary","https:\/\/x.com\/mbelibrary","https:\/\/www.instagram.com\/mbelibrary"]},{"@type":"Person","@id":"https:\/\/www.marybakereddylibrary.org\/es\/#\/schema\/person\/82abfd938c00bb8542667a796d4e449a","name":"The Mary Baker Eddy Library","image":{"@type":"ImageObject","inLanguage":"es","@id":"https:\/\/secure.gravatar.com\/avatar\/47a742fb4f6cc6ad0d0564fe6349235105346e31e12bacfbe4c85164ba549b72?s=96&d=mm&r=g","url":"https:\/\/secure.gravatar.com\/avatar\/47a742fb4f6cc6ad0d0564fe6349235105346e31e12bacfbe4c85164ba549b72?s=96&d=mm&r=g","contentUrl":"https:\/\/secure.gravatar.com\/avatar\/47a742fb4f6cc6ad0d0564fe6349235105346e31e12bacfbe4c85164ba549b72?s=96&d=mm&r=g","caption":"The Mary Baker Eddy Library"}}]}},"_links":{"self":[{"href":"https:\/\/www.marybakereddylibrary.org\/es\/wp-json\/wp\/v2\/posts\/25987","targetHints":{"allow":["GET"]}}],"collection":[{"href":"https:\/\/www.marybakereddylibrary.org\/es\/wp-json\/wp\/v2\/posts"}],"about":[{"href":"https:\/\/www.marybakereddylibrary.org\/es\/wp-json\/wp\/v2\/types\/post"}],"author":[{"embeddable":true,"href":"https:\/\/www.marybakereddylibrary.org\/es\/wp-json\/wp\/v2\/users\/44"}],"replies":[{"embeddable":true,"href":"https:\/\/www.marybakereddylibrary.org\/es\/wp-json\/wp\/v2\/comments?post=25987"}],"version-history":[{"count":0,"href":"https:\/\/www.marybakereddylibrary.org\/es\/wp-json\/wp\/v2\/posts\/25987\/revisions"}],"wp:featuredmedia":[{"embeddable":true,"href":"https:\/\/www.marybakereddylibrary.org\/es\/wp-json\/wp\/v2\/media\/22962"}],"wp:attachment":[{"href":"https:\/\/www.marybakereddylibrary.org\/es\/wp-json\/wp\/v2\/media?parent=25987"}],"wp:term":[{"taxonomy":"category","embeddable":true,"href":"https:\/\/www.marybakereddylibrary.org\/es\/wp-json\/wp\/v2\/categories?post=25987"},{"taxonomy":"post_tag","embeddable":true,"href":"https:\/\/www.marybakereddylibrary.org\/es\/wp-json\/wp\/v2\/tags?post=25987"}],"curies":[{"name":"wp","href":"https:\/\/api.w.org\/{rel}","templated":true}]}}