{"id":48870,"date":"2022-08-08T13:26:00","date_gmt":"2022-08-08T17:26:00","guid":{"rendered":"https:\/\/www.marybakereddylibrary.org\/?p=48870"},"modified":"2022-09-07T14:43:12","modified_gmt":"2022-09-07T18:43:12","slug":"mujeres-que-marcaron-la-historia-adele-simpson","status":"publish","type":"post","link":"https:\/\/www.marybakereddylibrary.org\/es\/research\/mujeres-que-marcaron-la-historia-adele-simpson\/","title":{"rendered":"Mujeres que marcaron la historia: Adele Simpson"},"content":{"rendered":"<div id=\"modal-ready\"><p>[et_pb_section fb_built=&#8221;1&#8243; fullwidth=&#8221;on&#8221; _builder_version=&#8221;3.22&#8243; global_colors_info=&#8221;{}&#8221;][et_pb_fullwidth_post_title author=&#8221;off&#8221; date_format=&#8221;j %92d%92e F %92d%92e Y&#8221; categories=&#8221;off&#8221; comments=&#8221;off&#8221; featured_image=&#8221;off&#8221; _builder_version=&#8221;4.14.7&#8243; hover_enabled=&#8221;0&#8243; z_index_tablet=&#8221;500&#8243; title_text_shadow_horizontal_length_tablet=&#8221;0px&#8221; title_text_shadow_vertical_length_tablet=&#8221;0px&#8221; title_text_shadow_blur_strength_tablet=&#8221;1px&#8221; meta_text_shadow_horizontal_length_tablet=&#8221;0px&#8221; meta_text_shadow_vertical_length_tablet=&#8221;0px&#8221; meta_text_shadow_blur_strength_tablet=&#8221;1px&#8221; box_shadow_horizontal_tablet=&#8221;0px&#8221; box_shadow_vertical_tablet=&#8221;0px&#8221; box_shadow_blur_tablet=&#8221;40px&#8221; box_shadow_spread_tablet=&#8221;0px&#8221; text_shadow_horizontal_length_tablet=&#8221;0px&#8221; text_shadow_vertical_length_tablet=&#8221;0px&#8221; text_shadow_blur_strength_tablet=&#8221;1px&#8221; global_colors_info=&#8221;{}&#8221; sticky_enabled=&#8221;0&#8243;][\/et_pb_fullwidth_post_title][\/et_pb_section][et_pb_section fb_built=&#8221;1&#8243; _builder_version=&#8221;3.22&#8243; global_colors_info=&#8221;{}&#8221;][et_pb_row column_structure=&#8221;2_3,1_3&#8243; _builder_version=&#8221;3.25&#8243; background_size=&#8221;initial&#8221; background_position=&#8221;top_left&#8221; background_repeat=&#8221;repeat&#8221; global_colors_info=&#8221;{}&#8221;][et_pb_column type=&#8221;2_3&#8243; _builder_version=&#8221;3.0.47&#8243; custom_padding=&#8221;|||&#8221; global_colors_info=&#8221;{}&#8221; custom_padding__hover=&#8221;|||&#8221;][et_pb_image src=&#8221;https:\/\/www.marybakereddylibrary.org\/wp-content\/uploads\/2022\/02\/GettyImages-837211614_Adele-Simpson_Featured-image_1200x750px.jpg&#8221; alt=&#8221;Adele Simpson&#8221; title_text=&#8221;Denver Post Archives&#8221; align_tablet=&#8221;center&#8221; align_phone=&#8221;&#8221; align_last_edited=&#8221;on|desktop&#8221; _builder_version=&#8221;4.14.7&#8243; z_index_tablet=&#8221;500&#8243; box_shadow_horizontal_tablet=&#8221;0px&#8221; box_shadow_vertical_tablet=&#8221;0px&#8221; box_shadow_blur_tablet=&#8221;40px&#8221; box_shadow_spread_tablet=&#8221;0px&#8221; use_border_color=&#8221;off&#8221; global_colors_info=&#8221;{}&#8221;][\/et_pb_image][et_pb_text _builder_version=&#8221;4.14.7&#8243; hover_enabled=&#8221;0&#8243; global_colors_info=&#8221;{}&#8221; sticky_enabled=&#8221;0&#8243;]<\/p>\n<p style=\"font-size: 12px; line-height: 16ps; text-align: center;\"><strong>Adele Simpson en Denver, 1959. \u00a9 Denver Post \/ Contributor \/ Denver Post \/ Getty Images.<\/strong><\/p>\n<p>\n<!--:fr-->\n<!--:-->\n<br \/>\nUn pasaje b\u00edblico del libro de Job siempre fascin\u00f3 a la dise\u00f1adora de moda de posguerra Adele Simpson: \u201cAd\u00f3rnate ahora de majestad y de alteza, y v\u00edstete de honra y de hermosura\u201d (40:10). Ella cre\u00eda que los hombres y las mujeres deb\u00edan usar prendas que expresaran su identidad m\u00e1s elevada, punto de vista adquirido de sus creencias espirituales.<\/p>\n<p>Esta dise\u00f1adora de alta costura, que apenas med\u00eda 1,45 metros (para que la vieran durante los desfiles de moda ten\u00eda que pararse sobre una plataforma improvisada), atribu\u00eda sus logros como artista y empresaria al estudio de la Ciencia Cristiana. Y expresaba gratitud por las ense\u00f1anzas de Mary Baker Eddy, que le permitieron alcanzar mayor felicidad y armon\u00eda en su carrera y en su matrimonio.<span id='easy-footnote-1-48870' class='easy-footnote-margin-adjust'><\/span><span class='easy-footnote'><a href='https:\/\/www.marybakereddylibrary.org\/es\/research\/mujeres-que-marcaron-la-historia-adele-simpson\/#easy-footnote-bottom-1-48870' title='Marcy Babbitt, &lt;em&gt;Living Christian Science: Fourteen Lives&lt;\/em&gt; [Vivir la Ciencia Cristiana: Catorce vidas] (Englewood Cliffs, New Jersey: Prentice-Hall, Inc., 1975), 190.'><sup>1<\/sup><\/a><\/span><\/p>\n<p>Adele cre\u00f3 modas innovadoras y accesibles que llegaron a las pasarelas de todo el mundo e incluso aparecieron en las portadas de la revista <em>Vogue.<\/em> Fue una de las fundadoras del Council of Fashion Designers of America (CFDA) [Consejo de Dise\u00f1adores de Moda de Estados Unidos] y del Fashion Group International (FGI) [Grupo de Moda Internacional]. Se le conoce tambi\u00e9n como la \u201cDise\u00f1adora de las primeras damas de Estados Unidos\u201d. En el transcurso de cuatro d\u00e9cadas visti\u00f3 a Mamie Eisenhower, Lady Bird Johnson, Pat Nixon, Betty Ford, Rosalyn Carter y Barbara Bush.<span id='easy-footnote-2-48870' class='easy-footnote-margin-adjust'><\/span><span class='easy-footnote'><a href='https:\/\/www.marybakereddylibrary.org\/es\/research\/mujeres-que-marcaron-la-historia-adele-simpson\/#easy-footnote-bottom-2-48870' title='\u201cAdele Simpson: Fashion Designer for First Ladies\u201d [Adele Simpson: Dise\u00f1adora de moda de las primeras damas], &lt;em&gt;Los Angeles Times,&lt;\/em&gt; 26 de agosto de 1995, &lt;a href=&quot;https:\/\/www.latimes.com\/archives\/la-xpm-1995-08-26-mn-39154-story.html&quot;&gt;https:\/\/www.latimes.com\/archives\/la-xpm-1995-08-26-mn-39154-story.html&lt;\/a&gt;; \u201cVestido de mujer, 1948-58\u201d, National Museum of American History, &lt;a href=&quot;https:\/\/americanhistory.si.edu\/collections\/search\/object\/nmah_360605&quot;&gt;https:\/\/americanhistory.si.edu\/collections\/search\/object\/nmah_360605&lt;\/a&gt;.'><sup>2<\/sup><\/a><\/span><\/p>\n<p>Naci\u00f3 con el nombre de Adele Smithline el 28 de diciembre de 1903, en el Upper East Side de Nueva York. Sus padres, Jacob Smithline (aprox.1870-1936) y Ella Bloch (aprox.1870-1928), eran letones. La pareja inmigr\u00f3 a Estados Unidos desde Letonia en 1901. Su madre era ama de casa y su padre era sastre. Para que participaran en el trabajo textil de la familia, ella y sus cuatro hermanas recibieron clases particulares de bordado en casa, y sus padres contrataron a una modista, algo com\u00fan para las familias grandes de clase media y alta en esa \u00e9poca. Se fabric\u00f3 un vestuario completo para las ni\u00f1as. Por ser la m\u00e1s joven, la mayor\u00eda de la ropa que usaba Adele era la que iban dejando sus hermanas mayores. Esto la motiv\u00f3 a comenzar a hacer su propia ropa. A los 14 a\u00f1os ya se hac\u00eda a mano conjuntos para ella e incluso abastec\u00eda el vestuario de todas sus hermanas.<span id='easy-footnote-3-48870' class='easy-footnote-margin-adjust'><\/span><span class='easy-footnote'><a href='https:\/\/www.marybakereddylibrary.org\/es\/research\/mujeres-que-marcaron-la-historia-adele-simpson\/#easy-footnote-bottom-3-48870' title='Babbitt, &lt;em&gt;Living Christian Science,&lt;\/em&gt; 188.'><sup>3<\/sup><\/a><\/span><\/p>\n<p>Incluso a una edad temprana, Adele se sinti\u00f3 motivada a observar las culturas de todo el mundo en busca de ideas de dise\u00f1o. En determinado momento cosi\u00f3 una colecci\u00f3n de piezas inspirada en patrones y bordados egipcios para que una de sus hermanas la usara en un viaje al extranjero.<span id='easy-footnote-4-48870' class='easy-footnote-margin-adjust'><\/span><span class='easy-footnote'><a href='https:\/\/www.marybakereddylibrary.org\/es\/research\/mujeres-que-marcaron-la-historia-adele-simpson\/#easy-footnote-bottom-4-48870' title='Adele Simpson, entrevista con Phyllis Feldkamp, 13 de junio de 1978, FIT Special Collections &amp;amp; College Archives, &lt;a href=&quot;https:\/\/www.youtube.com\/watch?v=FGn-5UiLTQ4&quot;&gt;https :\/\/www.youtube.com\/watch?v=FGn-5UiLTQ4&lt;\/a&gt;, de 16:45 a 17:30.'><sup>4<\/sup><\/a><\/span> Ella explic\u00f3 luego que ese incidente puso su carrera en marcha:<\/p>\n<blockquote><p>Una de mis hermanas, artista talentosa, trabajaba como dibujante en Ben Gershel &amp; Company, una empresa que fabricaba ropa. Su patr\u00f3n, admirado por la forma en que se vest\u00eda, quiso saber d\u00f3nde consegu\u00eda su ropa. Cuando ella le dijo que su hermana menor se la hac\u00eda, me mand\u00f3 llamar y me dio un empleo.<span id='easy-footnote-5-48870' class='easy-footnote-margin-adjust'><\/span><span class='easy-footnote'><a href='https:\/\/www.marybakereddylibrary.org\/es\/research\/mujeres-que-marcaron-la-historia-adele-simpson\/#easy-footnote-bottom-5-48870' title='Babbitt, &lt;em&gt;Living Christian Science,&lt;\/em&gt; 188.'><sup>5<\/sup><\/a><\/span><\/p><\/blockquote>\n<p>Por entonces Adele todav\u00eda era una adolescente que asist\u00eda a la escuela. Pero apenas unos a\u00f1os m\u00e1s tarde, a la edad de 21 a\u00f1os, llegar\u00eda a lo m\u00e1s alto de la S\u00e9ptima Avenida en Nueva York, para ser conocida como una de las dise\u00f1adoras mejor pagadas de la industria.<span id='easy-footnote-6-48870' class='easy-footnote-margin-adjust'><\/span><span class='easy-footnote'><a href='https:\/\/www.marybakereddylibrary.org\/es\/research\/mujeres-que-marcaron-la-historia-adele-simpson\/#easy-footnote-bottom-6-48870' title='\u201cAdele Simpson: Fashion Designer for First Ladies\u201d, &lt;em&gt;Los Angeles Times,&lt;\/em&gt; 26 de agosto de 1995, &lt;a href=&quot;https:\/\/www.latimes.com\/archives\/la-xpm-1995-08-26-mn-39154-story.html&quot;&gt;https:\/\/www.latimes.com\/archives\/la-xpm-1995-08-26-mn-39154-story.html&lt;\/a&gt;.'><sup>6<\/sup><\/a><\/span><\/p>\n<p>Entre los 20 y 30 a\u00f1os Adele explor\u00f3 varias oportunidades creativas en su carrera de dise\u00f1o. Comenz\u00f3 a tomar clases en el Instituto Pratt de Nueva York, y pronto consigui\u00f3 un trabajo con el destacado dise\u00f1ador de modas Bill Blass. Posteriormente trabaj\u00f3 para el dise\u00f1ador Al Lasher, se convirti\u00f3 en socia de la firma, la adquiri\u00f3 a los 29 a\u00f1os y se convirti\u00f3 en su directora, cambiando el nombre de la marca a <em>Adele Simpson<\/em>.<span id='easy-footnote-7-48870' class='easy-footnote-margin-adjust'><\/span><span class='easy-footnote'><a href='https:\/\/www.marybakereddylibrary.org\/es\/research\/mujeres-que-marcaron-la-historia-adele-simpson\/#easy-footnote-bottom-7-48870' title='Babbitt, &lt;em&gt;Living Christian Science,&lt;\/em&gt; 191-192.'><sup>7<\/sup><\/a><\/span> Estaba abriendo el camino de las mujeres en la industria del dise\u00f1o, hasta entonces dominada por los hombres. Pero su trabajo pionero fue de toda una vida: m\u00e1s de 25 a\u00f1os despu\u00e9s, <em>The New York Times<\/em> publicaba art\u00edculos como el siguiente:<\/p>\n<blockquote><p>La moda es cosa de mujeres. Pero la gran mayor\u00eda de las casas de moda est\u00e1n dirigidas por hombres. Sin embargo, hay algunas excepciones notables, la m\u00e1s destacada de las cuales es Adele Simpson, Inc. Cabe se\u00f1alar, por supuesto, que muchas casas de ropa para mujeres llevan nombres de mujeres, pero la mayor\u00eda de las veces estos nombres designan al fundador o al dise\u00f1ador en lugar de a los principales propietarios.<span id='easy-footnote-8-48870' class='easy-footnote-margin-adjust'><\/span><span class='easy-footnote'><a href='https:\/\/www.marybakereddylibrary.org\/es\/research\/mujeres-que-marcaron-la-historia-adele-simpson\/#easy-footnote-bottom-8-48870' title='Herbert Koshetz, \u201cFashion House Run by a Woman Is a Rarity\u201d [Una casa de moda dirigida por una mujer es algo raro], &lt;em&gt;The New York Times,&lt;\/em&gt; 21 de diciembre de 1959, 39.'><sup>8<\/sup><\/a><\/span><\/p><\/blockquote>\n<p><img loading=\"lazy\" decoding=\"async\" class=\"aligncenter wp-image-45968\" src=\"https:\/\/www.marybakereddylibrary.org\/wp-content\/uploads\/2022\/02\/GettyImages-517263500_Pat-Nixon-Inaugural-ball-gown_431x800px.jpg\" alt=\"Pat Nixon's inaugural ball gown, 1973\" width=\"323\" height=\"600\" srcset=\"https:\/\/www.marybakereddylibrary.org\/wp-content\/uploads\/2022\/02\/GettyImages-517263500_Pat-Nixon-Inaugural-ball-gown_431x800px.jpg 431w, https:\/\/www.marybakereddylibrary.org\/wp-content\/uploads\/2022\/02\/GettyImages-517263500_Pat-Nixon-Inaugural-ball-gown_431x800px-162x300.jpg 162w\" sizes=\"(max-width: 323px) 100vw, 323px\" \/><\/p>\n<p class=\"custom-caption-centered\" style=\"text-align: centered;\">El vestido de gala inaugural de la primera dama de los Estados Unidos, Pat Nixon, dise\u00f1ado por Adele Simpson, era un vestido estilo princesa en organza de seda azul turquesa sobre lam\u00e9 de seda turquesa y plata. 17 de enero de 1973. \u00a9 Bettmann \/ Contributor \/ Bettmann \/ Getty Images.<\/p>\n<div class=\"gmail_default\"><\/div>\n<p>En 1930 Adele se cas\u00f3 con Wesley Simpson, un vendedor de telas. La pareja se conoci\u00f3 en la oficina de Adele cuando Wesley le mostr\u00f3 una nueva l\u00ednea de materiales. Poco despu\u00e9s, amigos mutuos los presentaron m\u00e1s formalmente. En el proceso Adele tambi\u00e9n conoci\u00f3 la Ciencia Cristiana a trav\u00e9s de la hermana de Wesley, Elsie. <span id='easy-footnote-9-48870' class='easy-footnote-margin-adjust'><\/span><span class='easy-footnote'><a href='https:\/\/www.marybakereddylibrary.org\/es\/research\/mujeres-que-marcaron-la-historia-adele-simpson\/#easy-footnote-bottom-9-48870' title='Babbitt, &lt;em&gt;Living Christian Science,&lt;\/em&gt; 189. \u201cWesley Simpson, Designer And Textile Executive, 72\u201d [Wesley Simpson, dise\u00f1ador y ejecutivo de textiles, 72 a\u00f1os],&lt;em&gt;The New York Times,&lt;\/em&gt; 9 de septiembre de 1975, 42.'><sup>9<\/sup><\/a><\/span> Reflexionando sobre esto, Adele record\u00f3 lo que la atrajo a la religi\u00f3n:<\/p>\n<blockquote><p>Desde que era muy peque\u00f1a me resist\u00ed instintivamente al concepto de que se deb\u00eda temer a Dios. Al mismo tiempo no sab\u00eda c\u00f3mo alcanzar una mejor comprensi\u00f3n de \u00c9l. As\u00ed que a medida que crec\u00eda, si bien honraba a Dios y los Diez Mandamientos, no ten\u00eda inter\u00e9s en la religi\u00f3n. Estaba en busca de una carrera que estableciera tendencias de la moda y me llevara a la cima en este campo. Esto hab\u00eda resultado en un ritmo fren\u00e9tico de actividad dif\u00edcil de sostener, creando tensiones en el hogar y en los negocios. Fue entonces que me enter\u00e9 de la Ciencia Cristiana y comenc\u00e9 a conocer a Dios como el Principio universal, el Amor.<span id='easy-footnote-10-48870' class='easy-footnote-margin-adjust'><\/span><span class='easy-footnote'><a href='https:\/\/www.marybakereddylibrary.org\/es\/research\/mujeres-que-marcaron-la-historia-adele-simpson\/#easy-footnote-bottom-10-48870' title='Babbitt, &lt;em&gt;Living Christian Science,&lt;\/em&gt; 187.'><sup>10<\/sup><\/a><\/span><\/p><\/blockquote>\n<p>Adele y Wesley trabajaban en estrecha colaboraci\u00f3n, y en determinado momento abrieron su propia empresa de fabricaci\u00f3n de vestidos. Mantener un equilibrio entre los aspectos personales y profesionales de su relaci\u00f3n en ocasiones era dif\u00edcil, y en esos momentos recurr\u00eda a la oraci\u00f3n. Su cu\u00f1ada hab\u00eda hablado con ella acerca del \u201cpoder sanador y calmante del Amor\u201d.<span id='easy-footnote-11-48870' class='easy-footnote-margin-adjust'><\/span><span class='easy-footnote'><a href='https:\/\/www.marybakereddylibrary.org\/es\/research\/mujeres-que-marcaron-la-historia-adele-simpson\/#easy-footnote-bottom-11-48870' title='&lt;em&gt;Ib\u00edd.,&lt;\/em&gt; 190.'><sup>11<\/sup><\/a><\/span> Esto la llev\u00f3 a comenzar a estudiar la Ciencia Cristiana. Se sinti\u00f3 profundamente impresionada por el cap\u00edtulo \u201cEl matrimonio\u201d del libro de Mary Baker Eddy <em>Ciencia y Salud con la Llave de las Escrituras,<\/em> en el que encontr\u00f3 una gu\u00eda \u00fatil para enriquecer su propio matrimonio. Le gustaba especialmente el siguiente pasaje:<\/p>\n<blockquote><p>La Ciencia [Cristiana] inevitablemente eleva m\u00e1s alto el ser en la escala de la armon\u00eda y la felicidad. Los gustos, motivos y aspiraciones afines son necesarios para la formaci\u00f3n de un compa\u00f1erismo feliz y permanente.<span id='easy-footnote-12-48870' class='easy-footnote-margin-adjust'><\/span><span class='easy-footnote'><a href='https:\/\/www.marybakereddylibrary.org\/es\/research\/mujeres-que-marcaron-la-historia-adele-simpson\/#easy-footnote-bottom-12-48870' title='Mary Baker Eddy, &lt;em&gt;Ciencia y Salud con la Llave de las Escrituras&lt;\/em&gt; (Boston: The Christian Science Board of Directors), 60.'><sup>12<\/sup><\/a><\/span><\/p><\/blockquote>\n<p>Pronto Wesley comenz\u00f3 a estudiar la Ciencia Cristiana. Debido a que los dos estaban unidos en actividades tanto dentro como fuera del hogar, para Adele los efectos armonizadores de practicar su nueva religi\u00f3n fueron particularmente \u00fatiles. Ella tambi\u00e9n se dio cuenta de que la Ciencia Cristiana tra\u00eda a su vida el equilibrio que le estaba faltando.<span id='easy-footnote-13-48870' class='easy-footnote-margin-adjust'><\/span><span class='easy-footnote'><a href='https:\/\/www.marybakereddylibrary.org\/es\/research\/mujeres-que-marcaron-la-historia-adele-simpson\/#easy-footnote-bottom-13-48870' title='Babbitt, &lt;em&gt;Living Christian Science,&lt;\/em&gt; 190.'><sup>13<\/sup><\/a><\/span><\/p>\n<p>En su trabajo Adele ten\u00eda particular inter\u00e9s en dominar las t\u00e9cnicas de liderazgo, especialmente valiosas en un momento en que las mujeres normalmente no eran directoras de empresas. Ella recurri\u00f3 al ejemplo b\u00edblico de Mois\u00e9s guiando a su pueblo para salir de Egipto. En <em>Ciencia y Salud<\/em> ella encontr\u00f3 lo que llam\u00f3 \u201cuna Ciencia fundamental de la Vida \u2014del hombre y el universo\u2014 con reglas y leyes que, si se aplican, traen realizaci\u00f3n y satisfacci\u00f3n espiritual a hombres y mujeres\u201d. Y decidi\u00f3 \u201cponer todo lo posible para aplicar estas leyes cient\u00edficas y sagradas de Dios a mi propia carrera\u201d. Cada ma\u00f1ana estudiaba cuidadosamente la Lecci\u00f3n B\u00edblica semanal del <em>Cuaderno Trimestral de la Ciencia Cristiana,<\/em> y se dio cuenta de que hacerlo le daba inspiraci\u00f3n para supervisar el trabajo art\u00edstico del personal.<\/p>\n<blockquote><p>Al tratar con 60 a 70 personas por d\u00eda en mi f\u00e1brica, he descubierto que el factor armonizador en las relaciones humanas es el Amor divino. Si llego por la ma\u00f1ana y encuentro a un empleado haciendo algo mal, no lo confronto delante de sus compa\u00f1eros de trabajo, sino que espero la oportunidad adecuada, generalmente al final del d\u00eda. Luego le explico lo que no hizo bien, y le pido que lo piense durante la noche y vea c\u00f3mo se puede corregir. Esta pr\u00e1ctica me ha valido muchos trabajadores leales y considerados.<\/p>\n<p>En el negocio de la confecci\u00f3n de prendas de vestir, con sus temperamentos y las presiones de las fechas de entregas de temporada, la gente tiende a alterarse. Las ense\u00f1anzas de mi religi\u00f3n de que todo est\u00e1 bajo el gobierno del Amor divino, no s\u00f3lo me han ayudado a mantener la calma bajo estr\u00e9s, sino que han contribuido tambi\u00e9n a que los dem\u00e1s sientan esa atm\u00f3sfera de calma.<span id='easy-footnote-14-48870' class='easy-footnote-margin-adjust'><\/span><span class='easy-footnote'><a href='https:\/\/www.marybakereddylibrary.org\/es\/research\/mujeres-que-marcaron-la-historia-adele-simpson\/#easy-footnote-bottom-14-48870' title='&lt;em&gt;Ib\u00edd.,&lt;\/em&gt; 190, 196.'><sup>14<\/sup><\/a><\/span><\/p><\/blockquote>\n<p>Como artista, Adele atribuy\u00f3 buena parte de ese proceso a un pasaje de <em>Ciencia y Salud<\/em> que es parte de una respuesta a la pregunta \u201c\u00bfQu\u00e9 es el hombre?\u201d: \u201clo que no tiene ni una sola cualidad que no derive de la Deidad; lo que no posee ninguna vida, inteligencia ni poder creativo propios, sino que refleja espiritualmente todo lo que pertenece a su Hacedor\u201d.<span id='easy-footnote-15-48870' class='easy-footnote-margin-adjust'><\/span><span class='easy-footnote'><a href='https:\/\/www.marybakereddylibrary.org\/es\/research\/mujeres-que-marcaron-la-historia-adele-simpson\/#easy-footnote-bottom-15-48870' title='Mary Baker Eddy, &lt;em&gt;Ciencia y Salud,&lt;\/em&gt; 475.'><sup>15<\/sup><\/a><\/span> Incluso llam\u00f3 a esto \u201cuna regla gobernante en mi trabajo creativo\u201d. Lleg\u00f3 a recordarse a s\u00ed misma todos los d\u00edas que Dios era lo primero en su vida, y que Dios gobierna al hombre y al universo. La ense\u00f1anza de la Sra. Eddy de que el hombre no es un creador personal la liber\u00f3 de las tensiones y creencias egotistas. Ella se dio cuenta de que su trabajo como artista \u201cera reflejar las ideas que ven\u00edan de Dios, la \u00fanica Mente creativa\u201d. <span id='easy-footnote-16-48870' class='easy-footnote-margin-adjust'><\/span><span class='easy-footnote'><a href='https:\/\/www.marybakereddylibrary.org\/es\/research\/mujeres-que-marcaron-la-historia-adele-simpson\/#easy-footnote-bottom-16-48870' title='Babbitt, &lt;em&gt;Living Christian Science,&lt;\/em&gt; 191.'><sup>16<\/sup><\/a><\/span><\/p>\n<p><img loading=\"lazy\" decoding=\"async\" class=\"aligncenter wp-image-45973\" src=\"https:\/\/www.marybakereddylibrary.org\/wp-content\/uploads\/2022\/02\/Vogue-Magazine-Adele-Simpson_Blue-Cotton-Coat-Dress_650x645px.jpg\" alt=\"Images in Vogue magazine, May 1, 1952\" width=\"486\" height=\"482\" srcset=\"https:\/\/www.marybakereddylibrary.org\/wp-content\/uploads\/2022\/02\/Vogue-Magazine-Adele-Simpson_Blue-Cotton-Coat-Dress_650x645px.jpg 486w, https:\/\/www.marybakereddylibrary.org\/wp-content\/uploads\/2022\/02\/Vogue-Magazine-Adele-Simpson_Blue-Cotton-Coat-Dress_650x645px-480x476.jpg 480w\" sizes=\"(min-width: 0px) and (max-width: 480px) 480px, (min-width: 481px) 486px, 100vw\" \/><\/p>\n<p class=\"custom-caption-centered\" style=\"text-align: centered;\">Im\u00e1genes publicadas en la revista <em>Vogue<\/em> del 1<sup>o<\/sup> de mayo de 1952, con una foto de portada de un vestido (estilo abrigo) de algod\u00f3n azul de Adele Simpson, una descripci\u00f3n de la portada y un anuncio interior.<\/p>\n<p>Mientras su carrera florec\u00eda, Adele creaba hermosos y elegantes dise\u00f1os que tambi\u00e9n eran pr\u00e1cticos para las mujeres. <em>The New York Times<\/em> explic\u00f3:<br \/>\n\u201cLa Sra. Simpson tom\u00f3 la alta costura francesa y le dio una interpretaci\u00f3n estadounidense: \u2018pr\u00eat-\u00e0-porter\u2019 o lista para vestir. Sus vestidos y chaquetas de colores combinados y abrigos bien cortados en telas finas conquistaron el favor de las mujeres adineradas de su tiempo en busca de ropa cl\u00e1sica que no costara el alquiler de un mes\u201d.<span id='easy-footnote-17-48870' class='easy-footnote-margin-adjust'><\/span><span class='easy-footnote'><a href='https:\/\/www.marybakereddylibrary.org\/es\/research\/mujeres-que-marcaron-la-historia-adele-simpson\/#easy-footnote-bottom-17-48870' title='Constance C.R. White, \u201cAdele Simpson, 91, a Designer And Postwar Fashion Leader\u201d [Adele Simpson, 91 a\u00f1os, dise\u00f1adora y l\u00edder de la moda de posguerra], &lt;em&gt;The New York Times,&lt;\/em&gt; 24 de agosto de 1995, D21.'><sup>17<\/sup><\/a><\/span><\/p>\n<p>Se le atribuye la repopularizaci\u00f3n de los vestidos que las mujeres no necesitaban quitarse por la cabeza, una caracter\u00edstica poco com\u00fan en las d\u00e9cadas anteriores. Y tambi\u00e9n de las chaquetas reversibles. Estaba decidida a hacer ropa para mujeres que simplificara el vestir.<span id='easy-footnote-18-48870' class='easy-footnote-margin-adjust'><\/span><span class='easy-footnote'><a href='https:\/\/www.marybakereddylibrary.org\/es\/research\/mujeres-que-marcaron-la-historia-adele-simpson\/#easy-footnote-bottom-18-48870' title='Babbitt, &lt;em&gt;Living Christian Science,&lt;\/em&gt;188.'><sup>18<\/sup><\/a><\/span> Aunque la mayor\u00eda de los principales dise\u00f1adores eran hombres, Adele emple\u00f3 con eficacia su clara comprensi\u00f3n del cuerpo de la mujer y su vida cotidiana para crear prendas c\u00f3modas pero sofisticadas. El Fashion Institute of Design &amp; Merchandising coment\u00f3 que ella \u201cfue una pionera a su propia manera discreta\u201d, y agreg\u00f3 que \u201cintrodujo telas de algod\u00f3n y sari para ropa de noche, agregando un toque poco convencional a sus siluetas conservadoras. Y a menudo usaba el negro en sus prendas de primavera y verano\u201d.<span id='easy-footnote-19-48870' class='easy-footnote-margin-adjust'><\/span><span class='easy-footnote'><a href='https:\/\/www.marybakereddylibrary.org\/es\/research\/mujeres-que-marcaron-la-historia-adele-simpson\/#easy-footnote-bottom-19-48870' title='\u201cSpotted: Elegance in Black and White\u201d [Puntitos vislumbrados: Elegancia en blanco y negro], &lt;a href=&quot;https:\/\/fidmmuseum.org\/2015\/05\/adele-simpson.html#:~:text=spotted&quot;&gt;https:\/\/fidmmuseum.org\/2015\/05\/adele-simpson.html#:~:text=spotted&lt;\/a&gt;.'><sup>19<\/sup><\/a><\/span><\/p>\n<p>En 1961 Adele viaj\u00f3 a Per\u00fa donde, seg\u00fan <em>The Christian Science Monitor,<\/em> absorbi\u00f3 \u201ccolores y cultura, artes y artesan\u00edas, lo antiguo inmutable y lo incitante de lo nuevo\u201d para inspirar su colecci\u00f3n de verano 1962. Us\u00f3 bordados Picora en muchas de sus piezas de colecci\u00f3n y tambi\u00e9n incorpor\u00f3 chales peruanos de Tapada y ponchos tradicionales en los dise\u00f1os de vestidos a medida y de fiesta.<span id='easy-footnote-20-48870' class='easy-footnote-margin-adjust'><\/span><span class='easy-footnote'><a href='https:\/\/www.marybakereddylibrary.org\/es\/research\/mujeres-que-marcaron-la-historia-adele-simpson\/#easy-footnote-bottom-20-48870' title='Marilyn Hoffman, \u201cPeru Now Inspires Fashion\u201d [Ahora Per\u00fa inspira la moda], &lt;em&gt;The Christian Science Monitor,&lt;\/em&gt; 21 de mayo de 1962, 4.'><sup>20<\/sup><\/a><\/span><\/p>\n<p>Adele viaj\u00f3 a muchos pa\u00edses para realizar desfiles de moda, entre ellos Francia, Turqu\u00eda, China e India. Estos viajes le ofrecieron m\u00e1s oportunidades para practicar su religi\u00f3n:<\/p>\n<blockquote><p>Voy a un pa\u00eds no como una extranjera, sino como una amiga. A trav\u00e9s de los ojos de mis nuevos amigos veo el pa\u00eds desde adentro&#8230; Mi ense\u00f1anza religiosa de que hay un solo Padre-Madre universal y, por lo tanto, una sola familia del hombre, me ha llevado a compartir con varios pa\u00edses en el extranjero mi conocimiento de las t\u00e9cnicas de fabricaci\u00f3n y las tendencias de la moda, ayud\u00e1ndolos en sus esfuerzos por producir para el mercado mundial.<span id='easy-footnote-21-48870' class='easy-footnote-margin-adjust'><\/span><span class='easy-footnote'><a href='https:\/\/www.marybakereddylibrary.org\/es\/research\/mujeres-que-marcaron-la-historia-adele-simpson\/#easy-footnote-bottom-21-48870' title='Babbitt, &lt;em&gt;Living Christian Science,&lt;\/em&gt; 193.'><sup>21<\/sup><\/a><\/span><\/p><\/blockquote>\n<p>El 8 de septiembre de 1975 Wesley falleci\u00f3. Hab\u00edan estado casados casi 45 a\u00f1os.<span id='easy-footnote-22-48870' class='easy-footnote-margin-adjust'><\/span><span class='easy-footnote'><a href='https:\/\/www.marybakereddylibrary.org\/es\/research\/mujeres-que-marcaron-la-historia-adele-simpson\/#easy-footnote-bottom-22-48870' title='\u201cWesley Simpson, Designer And Textile Executive, 72,\u201d &lt;em&gt;The New York Times,&lt;\/em&gt; 9 de septiembre de 1975, 42.'><sup>22<\/sup><\/a><\/span> Adele continu\u00f3 dirigiendo su empresa durante casi una d\u00e9cada m\u00e1s, antes de traspasar su empresa a su hija y a su yerno, Joan y Richard Raines, respectivamente, en 1984. Para entonces, la pareja hab\u00eda trabajado para su empresa durante 30 a\u00f1os. \u201cMi madre era en gran medida la hija de su madre\u201d, afirm\u00f3 su hijo, Roger Raines. \u201cTen\u00eda una chispa especial y estaba siempre de buen humor\u201d. Joan dise\u00f1aba principalmente vestidos de d\u00eda, trajes, abrigos con faldas que hac\u00edan juego, botas de noche e impermeables. En 1991 Adele Simpson, Inc., y Baron Peters, Inc., se fusionaron para formar ASBP. El a\u00f1o siguiente, Joan y Richard renunciaron a sus cargos. Poco despu\u00e9s, su socio comercial, Baron Peters, se declar\u00f3 en quiebra.<span id='easy-footnote-23-48870' class='easy-footnote-margin-adjust'><\/span><span class='easy-footnote'><a href='https:\/\/www.marybakereddylibrary.org\/es\/research\/mujeres-que-marcaron-la-historia-adele-simpson\/#easy-footnote-bottom-23-48870' title='Obituario de Lisa Lockwood, Joan Simpson Raines y Richard Raines, &lt;em&gt;Women\u2019s Wear Daily, &lt;\/em&gt;20 de mayo de 2020.'><sup>23<\/sup><\/a><\/span><\/p>\n<p>Adele falleci\u00f3 el 23 de agosto de 1995 en su casa de Greenwich, Connecticut. Ten\u00eda 91 a\u00f1os. Dej\u00f3 dos hijos, Joan Raines y Jeffery Simpson, tres nietos y bisnietos. Para entonces Joan se hab\u00eda hecho cargo de su casa de moda. Recuerda lo siguiente de su madre:<\/p>\n<blockquote><p>Ten\u00eda una gran filosof\u00eda que ense\u00f1\u00f3 a sus hijos: \u201cNunca aceptes un no por respuesta\u201d. Fue una verdadera pionera y una incansable trabajadora. No tem\u00eda correr riesgos al momento de comprar productos por piezas o cortar productos para almacenar. A menudo dec\u00eda: \u201cSi metes la mano en agua caliente, s\u00e1cala\u201d.<span id='easy-footnote-24-48870' class='easy-footnote-margin-adjust'><\/span><span class='easy-footnote'><a href='https:\/\/www.marybakereddylibrary.org\/es\/research\/mujeres-que-marcaron-la-historia-adele-simpson\/#easy-footnote-bottom-24-48870' title='\u201cAdele Simpson dead at 91\u201d [Adele Simpson muere a los 91 a\u00f1os], &lt;em&gt;Women\u2019s Wear Daily,&lt;\/em&gt; agosto de 1995, 6.'><sup>24<\/sup><\/a><\/span><\/p><\/blockquote>\n<p>Adele Simpson dedic\u00f3 su vida al negocio de la moda, pero para ella significaba mucho m\u00e1s que ropa. Ten\u00eda \u201cuna fascinaci\u00f3n por la forma en que las personas de todo el mundo expresan su sentido de belleza\u201d. Su compromiso con la Ciencia Cristiana impregn\u00f3 su vida y se extendi\u00f3 por todo el mundo, como lo expresa su siguiente reflexi\u00f3n:<\/p>\n<blockquote><p>Dondequiera que viajo busco iglesias filiales de la Ciencia Cristiana y asisto a los servicios dominicales y a las reuniones de testimonios de los mi\u00e9rcoles. Nunca deja de impresionarme el hecho de que en todas partes del mundo \u2014sea Italia, Francia, Sudam\u00e9rica, Alemania, Inglaterra, el Lejano Oriente, el Cercano Oriente, Beverly Hills, Dallas, Nueva York, Greenwich, Boston\u2014 los servicios de la Ciencia Cristiana son los mismos. Ya sea que los servicios sean en ingl\u00e9s, franc\u00e9s, italiano, espa\u00f1ol, alem\u00e1n, agradezco a Mary Baker Eddy por su provisi\u00f3n de una iglesia internacional.<span id='easy-footnote-25-48870' class='easy-footnote-margin-adjust'><\/span><span class='easy-footnote'><a href='https:\/\/www.marybakereddylibrary.org\/es\/research\/mujeres-que-marcaron-la-historia-adele-simpson\/#easy-footnote-bottom-25-48870' title='Babbitt, &lt;em&gt;Living Christian Science,&lt;\/em&gt; 200.'><sup>25<\/sup><\/a><\/span><\/p><\/blockquote>\n<hr \/>\n<p><em>Este blog tambi\u00e9n se puede leer en este sitio Web en\u00a0<a href=\"https:\/\/www.marybakereddylibrary.org\/de\/research\/frauen-der-geschichte-adele-simpson\">alem\u00e1n<\/a>,\u00a0<a href=\"https:\/\/www.marybakereddylibrary.org\/fr\/research\/des-femmes-ayant-marque-lhistoire-adele-simpson\/\">franc\u00e9s<\/a>,\u00a0<a href=\"https:\/\/www.marybakereddylibrary.org\/research\/women-of-history-adele-simpson\/\">ingl\u00e9s<\/a>\u00a0y\u00a0<a href=\"https:\/\/www.marybakereddylibrary.org\/pt-br\/research\/mulheres-que-fizeram-historia-adele-simpson\/\">portugu\u00e9s<\/a>.<\/em>[\/et_pb_text][\/et_pb_column][et_pb_column type=&#8221;1_3&#8243; _builder_version=&#8221;3.0.47&#8243; custom_padding=&#8221;|||&#8221; global_colors_info=&#8221;{}&#8221; custom_padding__hover=&#8221;|||&#8221;][et_pb_sidebar area=&#8221;et_pb_widget_area_3&#8243; _builder_version=&#8221;3.0.74&#8243; remove_border=&#8221;off&#8221; global_colors_info=&#8221;{}&#8221;][\/et_pb_sidebar][\/et_pb_column][\/et_pb_row][\/et_pb_section]<\/p>\n<\/div>","protected":false},"excerpt":{"rendered":"<p>Lea la historia de una galardonada dise\u00f1adora de moda que atribuy\u00f3 a la Ciencia Cristiana el establecimiento de sus normas de excelencia e innovaci\u00f3n.<\/p>","protected":false},"author":24,"featured_media":45965,"comment_status":"closed","ping_status":"closed","sticky":false,"template":"","format":"standard","meta":{"_et_pb_use_builder":"on","_et_pb_old_content":"","_et_gb_content_width":"","_oasis_is_in_workflow":0,"_oasis_original":0,"_oasis_task_priority":"2normal","_relevanssi_hide_post":"","_relevanssi_hide_content":"","_relevanssi_pin_for_all":"","_relevanssi_pin_keywords":"","_relevanssi_unpin_keywords":"","_relevanssi_related_keywords":"","_relevanssi_related_include_ids":"","_relevanssi_related_exclude_ids":"","_relevanssi_related_no_append":"","_relevanssi_related_not_related":"","_relevanssi_related_posts":"","_relevanssi_noindex_reason":"","inline_featured_image":false,"episode_type":"","audio_file":"","podmotor_file_id":"","podmotor_episode_id":"","cover_image":"","cover_image_id":"","duration":"","filesize":"","filesize_raw":"","date_recorded":"","explicit":"","block":"","itunes_episode_number":"","itunes_title":"","itunes_season_number":"","itunes_episode_type":"","footnotes":""},"categories":[221],"tags":[190],"class_list":["post-48870","post","type-post","status-publish","format-standard","has-post-thumbnail","hentry","category-mujeres-que-marcaron-la-historia","tag-mujeres-en-la-historia"],"yoast_head":"<!-- This site is optimized with the Yoast SEO plugin v27.4 - https:\/\/yoast.com\/product\/yoast-seo-wordpress\/ -->\n<title>Mujeres que marcaron la historia: Adele Simpson - La Biblioteca Mary Baker Eddy<\/title>\n<meta name=\"robots\" content=\"index, follow, max-snippet:-1, max-image-preview:large, max-video-preview:-1\" \/>\n<link rel=\"canonical\" href=\"https:\/\/www.marybakereddylibrary.org\/es\/research\/mujeres-que-marcaron-la-historia-adele-simpson\/\" \/>\n<meta property=\"og:locale\" content=\"es_ES\" \/>\n<meta property=\"og:type\" content=\"article\" \/>\n<meta property=\"og:title\" content=\"Mujeres que marcaron la historia: Adele Simpson - La Biblioteca Mary Baker Eddy\" \/>\n<meta property=\"og:description\" content=\"Lea la historia de una galardonada dise\u00f1adora de moda que atribuy\u00f3 a la Ciencia Cristiana el establecimiento de sus normas de excelencia e innovaci\u00f3n.\" \/>\n<meta property=\"og:url\" content=\"https:\/\/www.marybakereddylibrary.org\/es\/research\/mujeres-que-marcaron-la-historia-adele-simpson\/\" \/>\n<meta property=\"og:site_name\" content=\"La Biblioteca Mary Baker Eddy\" \/>\n<meta property=\"article:publisher\" content=\"https:\/\/www.facebook.com\/mbelibrary\" \/>\n<meta property=\"article:published_time\" content=\"2022-08-08T17:26:00+00:00\" \/>\n<meta property=\"article:modified_time\" content=\"2022-09-07T18:43:12+00:00\" \/>\n<meta property=\"og:image\" content=\"https:\/\/www.marybakereddylibrary.org\/wp-content\/uploads\/2022\/02\/GettyImages-837211614_Adele-Simpson_Featured-image_1200x750px.jpg\" \/>\n\t<meta property=\"og:image:width\" content=\"1200\" \/>\n\t<meta property=\"og:image:height\" content=\"750\" \/>\n\t<meta property=\"og:image:type\" content=\"image\/jpeg\" \/>\n<meta name=\"author\" content=\"Jeremy Jarvis\" \/>\n<meta name=\"twitter:label1\" content=\"Escrito por\" \/>\n\t<meta name=\"twitter:data1\" content=\"Jeremy Jarvis\" \/>\n\t<meta name=\"twitter:label2\" content=\"Tiempo de lectura\" \/>\n\t<meta name=\"twitter:data2\" content=\"13 minutos\" \/>\n<script type=\"application\/ld+json\" class=\"yoast-schema-graph\">{\"@context\":\"https:\\\/\\\/schema.org\",\"@graph\":[{\"@type\":\"Article\",\"@id\":\"https:\\\/\\\/www.marybakereddylibrary.org\\\/es\\\/research\\\/mujeres-que-marcaron-la-historia-adele-simpson\\\/#article\",\"isPartOf\":{\"@id\":\"https:\\\/\\\/www.marybakereddylibrary.org\\\/es\\\/research\\\/mujeres-que-marcaron-la-historia-adele-simpson\\\/\"},\"author\":{\"name\":\"Jeremy Jarvis\",\"@id\":\"https:\\\/\\\/www.marybakereddylibrary.org\\\/es\\\/#\\\/schema\\\/person\\\/a693749f25f4b25c4a61ee0aad0df062\"},\"headline\":\"Mujeres que marcaron la historia: Adele Simpson\",\"datePublished\":\"2022-08-08T17:26:00+00:00\",\"dateModified\":\"2022-09-07T18:43:12+00:00\",\"mainEntityOfPage\":{\"@id\":\"https:\\\/\\\/www.marybakereddylibrary.org\\\/es\\\/research\\\/mujeres-que-marcaron-la-historia-adele-simpson\\\/\"},\"wordCount\":3302,\"publisher\":{\"@id\":\"https:\\\/\\\/www.marybakereddylibrary.org\\\/es\\\/#organization\"},\"image\":{\"@id\":\"https:\\\/\\\/www.marybakereddylibrary.org\\\/es\\\/research\\\/mujeres-que-marcaron-la-historia-adele-simpson\\\/#primaryimage\"},\"thumbnailUrl\":\"https:\\\/\\\/www.marybakereddylibrary.org\\\/wp-content\\\/uploads\\\/2022\\\/02\\\/GettyImages-837211614_Adele-Simpson_Featured-image_1200x750px.jpg\",\"keywords\":[\"Mujeres en la historia\"],\"articleSection\":[\"Mujeres que marcaron la historia\"],\"inLanguage\":\"es\"},{\"@type\":\"WebPage\",\"@id\":\"https:\\\/\\\/www.marybakereddylibrary.org\\\/es\\\/research\\\/mujeres-que-marcaron-la-historia-adele-simpson\\\/\",\"url\":\"https:\\\/\\\/www.marybakereddylibrary.org\\\/es\\\/research\\\/mujeres-que-marcaron-la-historia-adele-simpson\\\/\",\"name\":\"Mujeres que marcaron la historia: Adele Simpson - La Biblioteca Mary Baker Eddy\",\"isPartOf\":{\"@id\":\"https:\\\/\\\/www.marybakereddylibrary.org\\\/es\\\/#website\"},\"primaryImageOfPage\":{\"@id\":\"https:\\\/\\\/www.marybakereddylibrary.org\\\/es\\\/research\\\/mujeres-que-marcaron-la-historia-adele-simpson\\\/#primaryimage\"},\"image\":{\"@id\":\"https:\\\/\\\/www.marybakereddylibrary.org\\\/es\\\/research\\\/mujeres-que-marcaron-la-historia-adele-simpson\\\/#primaryimage\"},\"thumbnailUrl\":\"https:\\\/\\\/www.marybakereddylibrary.org\\\/wp-content\\\/uploads\\\/2022\\\/02\\\/GettyImages-837211614_Adele-Simpson_Featured-image_1200x750px.jpg\",\"datePublished\":\"2022-08-08T17:26:00+00:00\",\"dateModified\":\"2022-09-07T18:43:12+00:00\",\"breadcrumb\":{\"@id\":\"https:\\\/\\\/www.marybakereddylibrary.org\\\/es\\\/research\\\/mujeres-que-marcaron-la-historia-adele-simpson\\\/#breadcrumb\"},\"inLanguage\":\"es\",\"potentialAction\":[{\"@type\":\"ReadAction\",\"target\":[\"https:\\\/\\\/www.marybakereddylibrary.org\\\/es\\\/research\\\/mujeres-que-marcaron-la-historia-adele-simpson\\\/\"]}]},{\"@type\":\"ImageObject\",\"inLanguage\":\"es\",\"@id\":\"https:\\\/\\\/www.marybakereddylibrary.org\\\/es\\\/research\\\/mujeres-que-marcaron-la-historia-adele-simpson\\\/#primaryimage\",\"url\":\"https:\\\/\\\/www.marybakereddylibrary.org\\\/wp-content\\\/uploads\\\/2022\\\/02\\\/GettyImages-837211614_Adele-Simpson_Featured-image_1200x750px.jpg\",\"contentUrl\":\"https:\\\/\\\/www.marybakereddylibrary.org\\\/wp-content\\\/uploads\\\/2022\\\/02\\\/GettyImages-837211614_Adele-Simpson_Featured-image_1200x750px.jpg\",\"width\":1200,\"height\":750,\"caption\":\"JAN 23 1959 In Denver for the first time, Adele Simpson, famous New York Couturier, posed in the Forecast shop beside a basket of Colorado carnations which inspired her exotic silk prints last season. Credit: Denver Post (Denver Post via Getty Images)\"},{\"@type\":\"BreadcrumbList\",\"@id\":\"https:\\\/\\\/www.marybakereddylibrary.org\\\/es\\\/research\\\/mujeres-que-marcaron-la-historia-adele-simpson\\\/#breadcrumb\",\"itemListElement\":[{\"@type\":\"ListItem\",\"position\":1,\"name\":\"Home\",\"item\":\"https:\\\/\\\/www.marybakereddylibrary.org\\\/es\\\/\"},{\"@type\":\"ListItem\",\"position\":2,\"name\":\"Mujeres que marcaron la historia: Adele Simpson\"}]},{\"@type\":\"WebSite\",\"@id\":\"https:\\\/\\\/www.marybakereddylibrary.org\\\/es\\\/#website\",\"url\":\"https:\\\/\\\/www.marybakereddylibrary.org\\\/es\\\/\",\"name\":\"La Biblioteca Mary Baker Eddy\",\"description\":\"\",\"publisher\":{\"@id\":\"https:\\\/\\\/www.marybakereddylibrary.org\\\/es\\\/#organization\"},\"potentialAction\":[{\"@type\":\"SearchAction\",\"target\":{\"@type\":\"EntryPoint\",\"urlTemplate\":\"https:\\\/\\\/www.marybakereddylibrary.org\\\/es\\\/?s={search_term_string}\"},\"query-input\":{\"@type\":\"PropertyValueSpecification\",\"valueRequired\":true,\"valueName\":\"search_term_string\"}}],\"inLanguage\":\"es\"},{\"@type\":\"Organization\",\"@id\":\"https:\\\/\\\/www.marybakereddylibrary.org\\\/es\\\/#organization\",\"name\":\"The Mary Baker Eddy Library\",\"url\":\"https:\\\/\\\/www.marybakereddylibrary.org\\\/es\\\/\",\"logo\":{\"@type\":\"ImageObject\",\"inLanguage\":\"es\",\"@id\":\"https:\\\/\\\/www.marybakereddylibrary.org\\\/es\\\/#\\\/schema\\\/logo\\\/image\\\/\",\"url\":\"https:\\\/\\\/www.marybakereddylibrary.org\\\/wp-content\\\/uploads\\\/2015\\\/03\\\/MBEL_logo_HR.jpg\",\"contentUrl\":\"https:\\\/\\\/www.marybakereddylibrary.org\\\/wp-content\\\/uploads\\\/2015\\\/03\\\/MBEL_logo_HR.jpg\",\"width\":2100,\"height\":2100,\"caption\":\"The Mary Baker Eddy Library\"},\"image\":{\"@id\":\"https:\\\/\\\/www.marybakereddylibrary.org\\\/es\\\/#\\\/schema\\\/logo\\\/image\\\/\"},\"sameAs\":[\"https:\\\/\\\/www.facebook.com\\\/mbelibrary\",\"https:\\\/\\\/x.com\\\/mbelibrary\",\"https:\\\/\\\/www.instagram.com\\\/mbelibrary\"]},{\"@type\":\"Person\",\"@id\":\"https:\\\/\\\/www.marybakereddylibrary.org\\\/es\\\/#\\\/schema\\\/person\\\/a693749f25f4b25c4a61ee0aad0df062\",\"name\":\"Jeremy Jarvis\",\"image\":{\"@type\":\"ImageObject\",\"inLanguage\":\"es\",\"@id\":\"https:\\\/\\\/secure.gravatar.com\\\/avatar\\\/2339a6ab98459f432716fbd7529f91cebda1beffbde400d13cdb4d7b61f95d5c?s=96&d=mm&r=g\",\"url\":\"https:\\\/\\\/secure.gravatar.com\\\/avatar\\\/2339a6ab98459f432716fbd7529f91cebda1beffbde400d13cdb4d7b61f95d5c?s=96&d=mm&r=g\",\"contentUrl\":\"https:\\\/\\\/secure.gravatar.com\\\/avatar\\\/2339a6ab98459f432716fbd7529f91cebda1beffbde400d13cdb4d7b61f95d5c?s=96&d=mm&r=g\",\"caption\":\"Jeremy Jarvis\"}}]}<\/script>\n<!-- \/ Yoast SEO plugin. -->","yoast_head_json":{"title":"Mujeres que marcaron la historia: Adele Simpson - La Biblioteca Mary Baker Eddy","robots":{"index":"index","follow":"follow","max-snippet":"max-snippet:-1","max-image-preview":"max-image-preview:large","max-video-preview":"max-video-preview:-1"},"canonical":"https:\/\/www.marybakereddylibrary.org\/es\/research\/mujeres-que-marcaron-la-historia-adele-simpson\/","og_locale":"es_ES","og_type":"article","og_title":"Mujeres que marcaron la historia: Adele Simpson - La Biblioteca Mary Baker Eddy","og_description":"Lea la historia de una galardonada dise\u00f1adora de moda que atribuy\u00f3 a la Ciencia Cristiana el establecimiento de sus normas de excelencia e innovaci\u00f3n.","og_url":"https:\/\/www.marybakereddylibrary.org\/es\/research\/mujeres-que-marcaron-la-historia-adele-simpson\/","og_site_name":"La Biblioteca Mary Baker Eddy","article_publisher":"https:\/\/www.facebook.com\/mbelibrary","article_published_time":"2022-08-08T17:26:00+00:00","article_modified_time":"2022-09-07T18:43:12+00:00","og_image":[{"width":1200,"height":750,"url":"https:\/\/www.marybakereddylibrary.org\/wp-content\/uploads\/2022\/02\/GettyImages-837211614_Adele-Simpson_Featured-image_1200x750px.jpg","type":"image\/jpeg"}],"author":"Jeremy Jarvis","twitter_misc":{"Escrito por":"Jeremy Jarvis","Tiempo de lectura":"13 minutos"},"schema":{"@context":"https:\/\/schema.org","@graph":[{"@type":"Article","@id":"https:\/\/www.marybakereddylibrary.org\/es\/research\/mujeres-que-marcaron-la-historia-adele-simpson\/#article","isPartOf":{"@id":"https:\/\/www.marybakereddylibrary.org\/es\/research\/mujeres-que-marcaron-la-historia-adele-simpson\/"},"author":{"name":"Jeremy Jarvis","@id":"https:\/\/www.marybakereddylibrary.org\/es\/#\/schema\/person\/a693749f25f4b25c4a61ee0aad0df062"},"headline":"Mujeres que marcaron la historia: Adele Simpson","datePublished":"2022-08-08T17:26:00+00:00","dateModified":"2022-09-07T18:43:12+00:00","mainEntityOfPage":{"@id":"https:\/\/www.marybakereddylibrary.org\/es\/research\/mujeres-que-marcaron-la-historia-adele-simpson\/"},"wordCount":3302,"publisher":{"@id":"https:\/\/www.marybakereddylibrary.org\/es\/#organization"},"image":{"@id":"https:\/\/www.marybakereddylibrary.org\/es\/research\/mujeres-que-marcaron-la-historia-adele-simpson\/#primaryimage"},"thumbnailUrl":"https:\/\/www.marybakereddylibrary.org\/wp-content\/uploads\/2022\/02\/GettyImages-837211614_Adele-Simpson_Featured-image_1200x750px.jpg","keywords":["Mujeres en la historia"],"articleSection":["Mujeres que marcaron la historia"],"inLanguage":"es"},{"@type":"WebPage","@id":"https:\/\/www.marybakereddylibrary.org\/es\/research\/mujeres-que-marcaron-la-historia-adele-simpson\/","url":"https:\/\/www.marybakereddylibrary.org\/es\/research\/mujeres-que-marcaron-la-historia-adele-simpson\/","name":"Mujeres que marcaron la historia: Adele Simpson - La Biblioteca Mary Baker Eddy","isPartOf":{"@id":"https:\/\/www.marybakereddylibrary.org\/es\/#website"},"primaryImageOfPage":{"@id":"https:\/\/www.marybakereddylibrary.org\/es\/research\/mujeres-que-marcaron-la-historia-adele-simpson\/#primaryimage"},"image":{"@id":"https:\/\/www.marybakereddylibrary.org\/es\/research\/mujeres-que-marcaron-la-historia-adele-simpson\/#primaryimage"},"thumbnailUrl":"https:\/\/www.marybakereddylibrary.org\/wp-content\/uploads\/2022\/02\/GettyImages-837211614_Adele-Simpson_Featured-image_1200x750px.jpg","datePublished":"2022-08-08T17:26:00+00:00","dateModified":"2022-09-07T18:43:12+00:00","breadcrumb":{"@id":"https:\/\/www.marybakereddylibrary.org\/es\/research\/mujeres-que-marcaron-la-historia-adele-simpson\/#breadcrumb"},"inLanguage":"es","potentialAction":[{"@type":"ReadAction","target":["https:\/\/www.marybakereddylibrary.org\/es\/research\/mujeres-que-marcaron-la-historia-adele-simpson\/"]}]},{"@type":"ImageObject","inLanguage":"es","@id":"https:\/\/www.marybakereddylibrary.org\/es\/research\/mujeres-que-marcaron-la-historia-adele-simpson\/#primaryimage","url":"https:\/\/www.marybakereddylibrary.org\/wp-content\/uploads\/2022\/02\/GettyImages-837211614_Adele-Simpson_Featured-image_1200x750px.jpg","contentUrl":"https:\/\/www.marybakereddylibrary.org\/wp-content\/uploads\/2022\/02\/GettyImages-837211614_Adele-Simpson_Featured-image_1200x750px.jpg","width":1200,"height":750,"caption":"JAN 23 1959 In Denver for the first time, Adele Simpson, famous New York Couturier, posed in the Forecast shop beside a basket of Colorado carnations which inspired her exotic silk prints last season. Credit: Denver Post (Denver Post via Getty Images)"},{"@type":"BreadcrumbList","@id":"https:\/\/www.marybakereddylibrary.org\/es\/research\/mujeres-que-marcaron-la-historia-adele-simpson\/#breadcrumb","itemListElement":[{"@type":"ListItem","position":1,"name":"Home","item":"https:\/\/www.marybakereddylibrary.org\/es\/"},{"@type":"ListItem","position":2,"name":"Mujeres que marcaron la historia: Adele Simpson"}]},{"@type":"WebSite","@id":"https:\/\/www.marybakereddylibrary.org\/es\/#website","url":"https:\/\/www.marybakereddylibrary.org\/es\/","name":"La Biblioteca Mary Baker Eddy","description":"","publisher":{"@id":"https:\/\/www.marybakereddylibrary.org\/es\/#organization"},"potentialAction":[{"@type":"SearchAction","target":{"@type":"EntryPoint","urlTemplate":"https:\/\/www.marybakereddylibrary.org\/es\/?s={search_term_string}"},"query-input":{"@type":"PropertyValueSpecification","valueRequired":true,"valueName":"search_term_string"}}],"inLanguage":"es"},{"@type":"Organization","@id":"https:\/\/www.marybakereddylibrary.org\/es\/#organization","name":"The Mary Baker Eddy Library","url":"https:\/\/www.marybakereddylibrary.org\/es\/","logo":{"@type":"ImageObject","inLanguage":"es","@id":"https:\/\/www.marybakereddylibrary.org\/es\/#\/schema\/logo\/image\/","url":"https:\/\/www.marybakereddylibrary.org\/wp-content\/uploads\/2015\/03\/MBEL_logo_HR.jpg","contentUrl":"https:\/\/www.marybakereddylibrary.org\/wp-content\/uploads\/2015\/03\/MBEL_logo_HR.jpg","width":2100,"height":2100,"caption":"The Mary Baker Eddy Library"},"image":{"@id":"https:\/\/www.marybakereddylibrary.org\/es\/#\/schema\/logo\/image\/"},"sameAs":["https:\/\/www.facebook.com\/mbelibrary","https:\/\/x.com\/mbelibrary","https:\/\/www.instagram.com\/mbelibrary"]},{"@type":"Person","@id":"https:\/\/www.marybakereddylibrary.org\/es\/#\/schema\/person\/a693749f25f4b25c4a61ee0aad0df062","name":"Jeremy Jarvis","image":{"@type":"ImageObject","inLanguage":"es","@id":"https:\/\/secure.gravatar.com\/avatar\/2339a6ab98459f432716fbd7529f91cebda1beffbde400d13cdb4d7b61f95d5c?s=96&d=mm&r=g","url":"https:\/\/secure.gravatar.com\/avatar\/2339a6ab98459f432716fbd7529f91cebda1beffbde400d13cdb4d7b61f95d5c?s=96&d=mm&r=g","contentUrl":"https:\/\/secure.gravatar.com\/avatar\/2339a6ab98459f432716fbd7529f91cebda1beffbde400d13cdb4d7b61f95d5c?s=96&d=mm&r=g","caption":"Jeremy Jarvis"}}]}},"_links":{"self":[{"href":"https:\/\/www.marybakereddylibrary.org\/es\/wp-json\/wp\/v2\/posts\/48870","targetHints":{"allow":["GET"]}}],"collection":[{"href":"https:\/\/www.marybakereddylibrary.org\/es\/wp-json\/wp\/v2\/posts"}],"about":[{"href":"https:\/\/www.marybakereddylibrary.org\/es\/wp-json\/wp\/v2\/types\/post"}],"author":[{"embeddable":true,"href":"https:\/\/www.marybakereddylibrary.org\/es\/wp-json\/wp\/v2\/users\/24"}],"replies":[{"embeddable":true,"href":"https:\/\/www.marybakereddylibrary.org\/es\/wp-json\/wp\/v2\/comments?post=48870"}],"version-history":[{"count":0,"href":"https:\/\/www.marybakereddylibrary.org\/es\/wp-json\/wp\/v2\/posts\/48870\/revisions"}],"wp:featuredmedia":[{"embeddable":true,"href":"https:\/\/www.marybakereddylibrary.org\/es\/wp-json\/wp\/v2\/media\/45965"}],"wp:attachment":[{"href":"https:\/\/www.marybakereddylibrary.org\/es\/wp-json\/wp\/v2\/media?parent=48870"}],"wp:term":[{"taxonomy":"category","embeddable":true,"href":"https:\/\/www.marybakereddylibrary.org\/es\/wp-json\/wp\/v2\/categories?post=48870"},{"taxonomy":"post_tag","embeddable":true,"href":"https:\/\/www.marybakereddylibrary.org\/es\/wp-json\/wp\/v2\/tags?post=48870"}],"curies":[{"name":"wp","href":"https:\/\/api.w.org\/{rel}","templated":true}]}}