{"id":84088,"date":"2025-05-02T09:22:50","date_gmt":"2025-05-02T13:22:50","guid":{"rendered":"https:\/\/www.marybakereddylibrary.org\/?p=84088"},"modified":"2025-05-07T11:27:10","modified_gmt":"2025-05-07T15:27:10","slug":"mujeres-que-marcaron-la-historia-clara-barton","status":"publish","type":"post","link":"https:\/\/www.marybakereddylibrary.org\/es\/research\/mujeres-que-marcaron-la-historia-clara-barton\/","title":{"rendered":"Mujeres que marcaron la historia: Clara Barton"},"content":{"rendered":"<div id=\"modal-ready\"><p>[et_pb_section fb_built=&#8221;1&#8243; fullwidth=&#8221;on&#8221; _builder_version=&#8221;4.16&#8243; global_colors_info=&#8221;{}&#8221;][et_pb_fullwidth_post_title author=&#8221;off&#8221; date_format=&#8221;j %92d%92e F %92d%92e Y&#8221; categories=&#8221;off&#8221; comments=&#8221;off&#8221; featured_image=&#8221;off&#8221; _builder_version=&#8221;4.16&#8243; z_index_tablet=&#8221;500&#8243; title_text_shadow_horizontal_length_tablet=&#8221;0px&#8221; title_text_shadow_vertical_length_tablet=&#8221;0px&#8221; title_text_shadow_blur_strength_tablet=&#8221;1px&#8221; meta_text_shadow_horizontal_length_tablet=&#8221;0px&#8221; meta_text_shadow_vertical_length_tablet=&#8221;0px&#8221; meta_text_shadow_blur_strength_tablet=&#8221;1px&#8221; box_shadow_horizontal_tablet=&#8221;0px&#8221; box_shadow_vertical_tablet=&#8221;0px&#8221; box_shadow_blur_tablet=&#8221;40px&#8221; box_shadow_spread_tablet=&#8221;0px&#8221; text_shadow_horizontal_length_tablet=&#8221;0px&#8221; text_shadow_vertical_length_tablet=&#8221;0px&#8221; text_shadow_blur_strength_tablet=&#8221;1px&#8221; global_colors_info=&#8221;{}&#8221;][\/et_pb_fullwidth_post_title][\/et_pb_section][et_pb_section fb_built=&#8221;1&#8243; _builder_version=&#8221;4.16&#8243; global_colors_info=&#8221;{}&#8221;][et_pb_row column_structure=&#8221;2_3,1_3&#8243; _builder_version=&#8221;4.16&#8243; background_size=&#8221;initial&#8221; background_position=&#8221;top_left&#8221; background_repeat=&#8221;repeat&#8221; global_colors_info=&#8221;{}&#8221;][et_pb_column type=&#8221;2_3&#8243; _builder_version=&#8221;4.16&#8243; custom_padding=&#8221;|||&#8221; global_colors_info=&#8221;{}&#8221; custom_padding__hover=&#8221;|||&#8221;][et_pb_image src=&#8221;https:\/\/www.marybakereddylibrary.org\/wp-content\/uploads\/2025\/05\/2015-Clara-Barton-2025-edit.jpg&#8221; alt=&#8221;Portrait of Annie Knott&#8221; title_text=&#8221;2015 &#8211; Clara Barton 2025 edit&#8221; align_tablet=&#8221;center&#8221; align_phone=&#8221;&#8221; align_last_edited=&#8221;on|desktop&#8221; admin_label=&#8221;Image&#8221; _builder_version=&#8221;4.21.0&#8243; z_index_tablet=&#8221;500&#8243; box_shadow_horizontal_tablet=&#8221;0px&#8221; box_shadow_vertical_tablet=&#8221;0px&#8221; box_shadow_blur_tablet=&#8221;40px&#8221; box_shadow_spread_tablet=&#8221;0px&#8221; global_colors_info=&#8221;{}&#8221;][\/et_pb_image][et_pb_text admin_label=&#8221;Photo Caption&#8221; _builder_version=&#8221;4.21.0&#8243; _module_preset=&#8221;default&#8221; global_colors_info=&#8221;{}&#8221;]<\/p>\n<p style=\"text-align: center;\"><strong>Retrato de Clara Barton, alrededor de 1904. Fotograf\u00eda de J.E. Purdy. Biblioteca del Congreso, Divisi\u00f3n de Grabados y Fotograf\u00edas, LC-USZ62-75827.<\/strong><\/p>\n<p>[\/et_pb_text][et_pb_text _builder_version=&#8221;4.21.0&#8243; z_index_tablet=&#8221;500&#8243; box_shadow_horizontal_tablet=&#8221;0px&#8221; box_shadow_vertical_tablet=&#8221;0px&#8221; box_shadow_blur_tablet=&#8221;40px&#8221; box_shadow_spread_tablet=&#8221;0px&#8221; global_colors_info=&#8221;{}&#8221;]\n<!--:fr-->\n<!--:-->\nClara Barton es conocida por su trabajo humanitario y como maestra y enfermera. Tambi\u00e9n fue contempor\u00e1nea de Mary Baker Eddy. Ambas mujeres compartieron el objetivo com\u00fan de aliviar el sufrimiento humano. Si bien cada una lo abord\u00f3 de manera diferente, ambas trabajaron de manera incansable por sus causas respectivas.<\/p>\n<p>Clarissa Harlowe Barton naci\u00f3 en 1821, el d\u00eda de Navidad, en Oxford, Massachusetts. Quiz\u00e1s el primer ejemplo de su devoci\u00f3n de por vida a cuidar de los dem\u00e1s ocurri\u00f3 cuando fue la enfermera de su hermano David durante algunos a\u00f1os, luego de que \u00e9l resultara herido en un accidente. A pesar de que los doctores hab\u00edan perdido la esperanza, se recuper\u00f3 por completo.<\/p>\n<p>Barton se convirti\u00f3 en maestra a los 15 a\u00f1os y abri\u00f3 su propia escuela en Bordentown, Nueva Jersey. Luego de eso, se mud\u00f3 a Washington D. C., donde trabaj\u00f3 como secretaria de registro en la Oficina de Patentes y Marcas de los Estados Unidos. En Washington, sus opiniones antiesclavistas eran controversiales. Perdi\u00f3 su trabajo en 1857, luego de que James Buchanan se convirti\u00f3 en presidente.<\/p>\n<p>Al comienzo de la Guerra Civil Estadounidense en 1861, Barton fue una de las primeras voluntarias en el hospital Washington Infirmary. Abandon\u00f3 los hospitales de la ciudad para ayudar a los soldados en el campo, al organizar apoyo para reunir suministros de primeros auxilios, transportar agua y preparar comida. A menudo usaba su propio dinero para pagar los suministros. Su presencia en los asuntos del campo de batalla se volvi\u00f3 algo habitual, e incluso prest\u00f3 servicio en Fredericksburg, Antietam y Charleston. La capacidad de Barton para soportar las duras condiciones f\u00edsicas y emocionales en el frente de combate era extraordinaria, a pesar de que su propia salud se vio afectada. La apodaron \u201cEl \u00c1ngel del Campo de Batalla\u201d.<\/p>\n<p>Al finalizar la guerra, el presidente Abraham Lincoln la nombr\u00f3 Corresponsal General de los Amigos de los Prisioneros en Libertad Condicional. Supervis\u00f3 la b\u00fasqueda de informaci\u00f3n de m\u00e1s de 21.000 soldados perdidos, al buscar sus nombres en listas de presos y de fallecidos, as\u00ed como instalar l\u00e1pidas. M\u00e1s tarde, continu\u00f3 atendiendo a los soldados en las guerras franco-prusiana e hispano-estadounidense, y tambi\u00e9n particip\u00f3 en tareas de socorro en cat\u00e1strofes tanto en su propio pa\u00eds como en el extranjero.<\/p>\n<p>Barton se inspir\u00f3 en el trabajo de la Cruz Roja Internacional al responder a los tiempos de guerra y desastres naturales. En 1881 fund\u00f3 la Cruz Roja Americana y se convirti\u00f3 en su primera presidenta. Tambi\u00e9n fue esencial en la ratificaci\u00f3n de los Convenios de Ginebra por parte de Estados Unidos al a\u00f1o siguiente. Permaneci\u00f3 activa en los a\u00f1os subsecuentes trabajando para la Cruz Roja hasta su renuncia en 1904. Despu\u00e9s de eso, sigui\u00f3 dando charlas y conferencias hasta pasados los 80 a\u00f1os. Falleci\u00f3 en Glen Echo, Maryland, el 12 de abril de 1912.<\/p>\n<p>Barton y Mary Baker Eddy jam\u00e1s se conocieron. Al mismo tiempo, hicieron comentarios la una sobre la otra en publicaciones peri\u00f3dicas de la \u00e9poca, que muestran admiraci\u00f3n mutua. El 6 de enero de 1908, en una entrevista con el <i>New York American,<\/i> Barton proclam\u00f3 su gran aprecio tanto por Mary Baker Eddy como por la Ciencia Cristiana:<\/p>\n<blockquote><p>Si bien no he estudiado la gran religi\u00f3n fundada por la Sra. Eddy en profundidad como para considerarme Cient\u00edfica Cristiana, puedo decir que contemplo la Ciencia Cristiana, seg\u00fan la comprendo, como la fe m\u00e1s idealmente hermosa y a la vez la m\u00e1s pr\u00e1ctica y reconfortante. Hace m\u00e1s por el mundo hoy, y continuar\u00e1 haci\u00e9ndolo a medida que m\u00e1s personas tomen consciencia de la belleza de sus ense\u00f1anzas, que cualquier otra influencia para el bien\u2026<\/p>\n<p>&nbsp;<\/p>\n<p>La Sra. Eddy deber\u00eda recibir el respeto, la admiraci\u00f3n y el amor de toda la naci\u00f3n, porque es su m\u00e1s grandiosa mujer. Sus ense\u00f1anzas difunden el amor y la buena voluntad entre los hombres, y un Cient\u00edfico Cristiano no puede serlo a menos que haya eliminado la codicia y el ego\u00edsmo de su naturaleza.<\/p><\/blockquote>\n<p>En el mismo art\u00edculo, Barton tambi\u00e9n confirm\u00f3 que hab\u00eda le\u00eddo el libro de Mary Baker Eddy <i>Ciencia y Salud con la Llave de las Escrituras<\/i> y a\u00f1adi\u00f3: \u201cEl amor impregna todas las ense\u00f1anzas de esta gran mujer, y es tan grande, creo yo, que desde esta perspectiva apenas podemos darnos cuenta de su grandeza, y al contemplar la historia de su vida no vemos otra cosa que altruismo y abnegaci\u00f3n\u201d.<span id='easy-footnote-1-84088' class='easy-footnote-margin-adjust'><\/span><span class='easy-footnote'><a href='https:\/\/www.marybakereddylibrary.org\/es\/research\/mujeres-que-marcaron-la-historia-clara-barton\/#easy-footnote-bottom-1-84088' title='Viola Rodgers, \u201cChristian Science Most Potent Factor in Religious Life, Says Clara Barton\u201d [La Ciencia Cristiana es el factor m\u00e1s potente de la vida religiosa, de acuerdo con Clara Barton], &lt;i&gt;New York American,&lt;\/i&gt; 6 de enero de 1908, 4.'><sup>1<\/sup><\/a><\/span><\/p>\n<p>M\u00e1s adelante, ese mismo mes, Mary Baker Eddy respondi\u00f3 en el <i>Christian Science Sentinel,<\/i> donde la entrevista de Barton volvi\u00f3 a imprimirse:<\/p>\n<blockquote><p>En el <i>New York American<\/i> del 6 de enero de 1908, la Srta. Clara Barton sumergi\u00f3 su pluma en mi coraz\u00f3n y traz\u00f3 las emociones, motivos y objetivo que all\u00ed encontr\u00f3. Entonces, levantando las cortinas de la mente mortal, describi\u00f3 las habitaciones de mi coraz\u00f3n, sus hu\u00e9spedes, sus comodidades, y luego entreg\u00f3 su descubrimiento a la prensa. Ahora, si la Srta. Barton no fuera un venerable soldado, patriota, fil\u00e1ntropo, moralista, mujer de estado, me estremecer\u00eda ante tan notoria alabanza. Pero considerando todo lo que la Srta. Barton realmente es, y sabiendo que es capaz de soportar los ataques que pueda traerle dicha descripci\u00f3n de su visita al alma, dir\u00e9 am\u00e9n, as\u00ed sea.<span id='easy-footnote-2-84088' class='easy-footnote-margin-adjust'><\/span><span class='easy-footnote'><a href='https:\/\/www.marybakereddylibrary.org\/es\/research\/mujeres-que-marcaron-la-historia-clara-barton\/#easy-footnote-bottom-2-84088' title='Mary Baker G. Eddy, \u201cMiss Clara Barton\u201d, &lt;i&gt;Christian Science Sentinel,&lt;\/i&gt; 18 de enero de 1908, 390; Eddy, \u201cMiss Clara Barton\u201d, &lt;i&gt;The Christian Science Journal,&lt;\/i&gt; febrero de 1908, 696.'><sup>2<\/sup><\/a><\/span><\/p><\/blockquote>\n<p>Clifford P. Smith, el primer gerente de los archivos de La Iglesia Madre (La Primera Iglesia de Cristo, Cient\u00edfico), record\u00f3 la vez que conoci\u00f3 a Barton durante su visita a Mason City, Iowa, en 1906, donde \u00e9l viv\u00eda en ese entonces. M\u00e1s adelante, escribi\u00f3 sus impresiones:<\/p>\n<blockquote><p>Al hablar con ella, no pude evitar sentir que ten\u00eda mucho en com\u00fan con la Sra. Eddy, que hasta su aspecto era algo similar al de ella, no en sus facciones, sino en la humildad, amor y altruismo que transmit\u00eda\u2026<\/p>\n<p>&nbsp;<\/p>\n<p>Luego ella dijo que estaba convencida de que la teor\u00eda y pr\u00e1ctica de la Ciencia Cristiana eran reales y que estaba considerando abrazar la Causa de la Ciencia Cristiana abiertamente, pero que luego de pensarlo con cuidado, decidi\u00f3 no hacerlo por esta raz\u00f3n: Como fundadora de la Cruz Roja&#8230; todo lo que ella hiciera la afectar\u00eda en gran manera. Consciente de esto, sinti\u00f3 que deb\u00eda creer en la Ciencia Cristiana y aplicarla, pero de ninguna manera debilitar la fuerza de la Cruz Roja al dar la impresi\u00f3n de que la abandonaba.<span id='easy-footnote-3-84088' class='easy-footnote-margin-adjust'><\/span><span class='easy-footnote'><a href='https:\/\/www.marybakereddylibrary.org\/es\/research\/mujeres-que-marcaron-la-historia-clara-barton\/#easy-footnote-bottom-3-84088' title='Clifford P. Smith, \u201cAs I Recall It\u201d [Tal como lo recuerdo], 1952, Reminiscencia, 87.'><sup>3<\/sup><\/a><\/span><\/p><\/blockquote>\n<hr \/>\n<p><em>Este art\u00edculo tambi\u00e9n se puede leer en este sitio web en <a href=\"https:\/\/www.marybakereddylibrary.org\/research\/frauen-der-geschichte-clara-barton\/\" target=\"_blank\" rel=\"noopener\">alem\u00e1n<\/a>,\u00a0<a href=\"https:\/\/www.marybakereddylibrary.org\/fr\/research\/des-femmes-ayant-marque-lhistoire-clara-barton\/\" target=\"_blank\" rel=\"noopener\">franc\u00e9s<\/a>,\u00a0<a href=\"https:\/\/www.marybakereddylibrary.org\/research\/women-of-history-clara-barton\/\" target=\"_blank\" rel=\"noopener\">ingl\u00e9s<\/a>\u00a0y\u00a0<a href=\"https:\/\/www.marybakereddylibrary.org\/pt-br\/research\/mulheres-que-fizeram-historia-clara-barton\/\" target=\"_blank\" rel=\"noopener\">portugu\u00e9s<\/a>.<\/em><br \/>\n[\/et_pb_text][\/et_pb_column][et_pb_column type=&#8221;1_3&#8243; _builder_version=&#8221;4.16&#8243; custom_padding=&#8221;|||&#8221; global_colors_info=&#8221;{}&#8221; custom_padding__hover=&#8221;|||&#8221;][et_pb_sidebar area=&#8221;et_pb_widget_area_3&#8243; _builder_version=&#8221;4.16&#8243; global_colors_info=&#8221;{}&#8221;][\/et_pb_sidebar][\/et_pb_column][\/et_pb_row][\/et_pb_section]<\/p>\n<\/div>","protected":false},"excerpt":{"rendered":"<p>Descubra c\u00f3mo la fundadora de la Cruz Roja Americana se involucr\u00f3 en las ense\u00f1anzas de la Ciencia Cristiana y las admiraba.<\/p>","protected":false},"author":24,"featured_media":84222,"comment_status":"closed","ping_status":"closed","sticky":false,"template":"","format":"standard","meta":{"_et_pb_use_builder":"on","_et_pb_old_content":"","_et_gb_content_width":"","_oasis_is_in_workflow":0,"_oasis_original":0,"_oasis_task_priority":"","_relevanssi_hide_post":"","_relevanssi_hide_content":"","_relevanssi_pin_for_all":"","_relevanssi_pin_keywords":"","_relevanssi_unpin_keywords":"","_relevanssi_related_keywords":"","_relevanssi_related_include_ids":"","_relevanssi_related_exclude_ids":"","_relevanssi_related_no_append":"","_relevanssi_related_not_related":"","_relevanssi_related_posts":"","_relevanssi_noindex_reason":"","inline_featured_image":false,"episode_type":"","audio_file":"","podmotor_file_id":"","podmotor_episode_id":"","cover_image":"","cover_image_id":"","duration":"","filesize":"","filesize_raw":"","date_recorded":"","explicit":"","block":"","itunes_episode_number":"","itunes_title":"","itunes_season_number":"","itunes_episode_type":"","footnotes":""},"categories":[221],"tags":[],"class_list":["post-84088","post","type-post","status-publish","format-standard","has-post-thumbnail","hentry","category-mujeres-que-marcaron-la-historia"],"yoast_head":"<!-- This site is optimized with the Yoast SEO plugin v27.4 - https:\/\/yoast.com\/product\/yoast-seo-wordpress\/ -->\n<title>Mujeres que marcaron la historia: Clara Barton - La Biblioteca Mary Baker Eddy<\/title>\n<meta name=\"description\" content=\"Descubra c\u00f3mo la fundadora de la Cruz Roja Americana se involucr\u00f3 en las ense\u00f1anzas de la Ciencia Cristiana y las admiraba.\" \/>\n<meta name=\"robots\" content=\"index, follow, max-snippet:-1, max-image-preview:large, max-video-preview:-1\" \/>\n<link rel=\"canonical\" href=\"https:\/\/www.marybakereddylibrary.org\/es\/research\/mujeres-que-marcaron-la-historia-clara-barton\/\" \/>\n<meta property=\"og:locale\" content=\"es_ES\" \/>\n<meta property=\"og:type\" content=\"article\" \/>\n<meta property=\"og:title\" content=\"Mujeres que marcaron la historia: Clara Barton - La Biblioteca Mary Baker Eddy\" \/>\n<meta property=\"og:description\" content=\"Descubra c\u00f3mo la fundadora de la Cruz Roja Americana se involucr\u00f3 en las ense\u00f1anzas de la Ciencia Cristiana y las admiraba.\" \/>\n<meta property=\"og:url\" content=\"https:\/\/www.marybakereddylibrary.org\/es\/research\/mujeres-que-marcaron-la-historia-clara-barton\/\" \/>\n<meta property=\"og:site_name\" content=\"La Biblioteca Mary Baker Eddy\" \/>\n<meta property=\"article:publisher\" content=\"https:\/\/www.facebook.com\/mbelibrary\" \/>\n<meta property=\"article:published_time\" content=\"2025-05-02T13:22:50+00:00\" \/>\n<meta property=\"article:modified_time\" content=\"2025-05-07T15:27:10+00:00\" \/>\n<meta property=\"og:image\" content=\"https:\/\/www.marybakereddylibrary.org\/wp-content\/uploads\/2025\/05\/2015-Clara-Barton-2025-edit.jpg\" \/>\n\t<meta property=\"og:image:width\" content=\"1200\" \/>\n\t<meta property=\"og:image:height\" content=\"750\" \/>\n\t<meta property=\"og:image:type\" content=\"image\/jpeg\" \/>\n<meta name=\"author\" content=\"Jeremy Jarvis\" \/>\n<meta name=\"twitter:label1\" content=\"Escrito por\" \/>\n\t<meta name=\"twitter:data1\" content=\"Jeremy Jarvis\" \/>\n\t<meta name=\"twitter:label2\" content=\"Tiempo de lectura\" \/>\n\t<meta name=\"twitter:data2\" content=\"4 minutos\" \/>\n<script type=\"application\/ld+json\" class=\"yoast-schema-graph\">{\"@context\":\"https:\\\/\\\/schema.org\",\"@graph\":[{\"@type\":\"Article\",\"@id\":\"https:\\\/\\\/www.marybakereddylibrary.org\\\/es\\\/research\\\/mujeres-que-marcaron-la-historia-clara-barton\\\/#article\",\"isPartOf\":{\"@id\":\"https:\\\/\\\/www.marybakereddylibrary.org\\\/es\\\/research\\\/mujeres-que-marcaron-la-historia-clara-barton\\\/\"},\"author\":{\"name\":\"Jeremy Jarvis\",\"@id\":\"https:\\\/\\\/www.marybakereddylibrary.org\\\/es\\\/#\\\/schema\\\/person\\\/a693749f25f4b25c4a61ee0aad0df062\"},\"headline\":\"Mujeres que marcaron la historia: Clara Barton\",\"datePublished\":\"2025-05-02T13:22:50+00:00\",\"dateModified\":\"2025-05-07T15:27:10+00:00\",\"mainEntityOfPage\":{\"@id\":\"https:\\\/\\\/www.marybakereddylibrary.org\\\/es\\\/research\\\/mujeres-que-marcaron-la-historia-clara-barton\\\/\"},\"wordCount\":1560,\"publisher\":{\"@id\":\"https:\\\/\\\/www.marybakereddylibrary.org\\\/es\\\/#organization\"},\"image\":{\"@id\":\"https:\\\/\\\/www.marybakereddylibrary.org\\\/es\\\/research\\\/mujeres-que-marcaron-la-historia-clara-barton\\\/#primaryimage\"},\"thumbnailUrl\":\"https:\\\/\\\/www.marybakereddylibrary.org\\\/wp-content\\\/uploads\\\/2025\\\/05\\\/2015-Clara-Barton-2025-edit.jpg\",\"articleSection\":[\"Mujeres que marcaron la historia\"],\"inLanguage\":\"es\"},{\"@type\":\"WebPage\",\"@id\":\"https:\\\/\\\/www.marybakereddylibrary.org\\\/es\\\/research\\\/mujeres-que-marcaron-la-historia-clara-barton\\\/\",\"url\":\"https:\\\/\\\/www.marybakereddylibrary.org\\\/es\\\/research\\\/mujeres-que-marcaron-la-historia-clara-barton\\\/\",\"name\":\"Mujeres que marcaron la historia: Clara Barton - La Biblioteca Mary Baker Eddy\",\"isPartOf\":{\"@id\":\"https:\\\/\\\/www.marybakereddylibrary.org\\\/es\\\/#website\"},\"primaryImageOfPage\":{\"@id\":\"https:\\\/\\\/www.marybakereddylibrary.org\\\/es\\\/research\\\/mujeres-que-marcaron-la-historia-clara-barton\\\/#primaryimage\"},\"image\":{\"@id\":\"https:\\\/\\\/www.marybakereddylibrary.org\\\/es\\\/research\\\/mujeres-que-marcaron-la-historia-clara-barton\\\/#primaryimage\"},\"thumbnailUrl\":\"https:\\\/\\\/www.marybakereddylibrary.org\\\/wp-content\\\/uploads\\\/2025\\\/05\\\/2015-Clara-Barton-2025-edit.jpg\",\"datePublished\":\"2025-05-02T13:22:50+00:00\",\"dateModified\":\"2025-05-07T15:27:10+00:00\",\"description\":\"Descubra c\u00f3mo la fundadora de la Cruz Roja Americana se involucr\u00f3 en las ense\u00f1anzas de la Ciencia Cristiana y las admiraba.\",\"breadcrumb\":{\"@id\":\"https:\\\/\\\/www.marybakereddylibrary.org\\\/es\\\/research\\\/mujeres-que-marcaron-la-historia-clara-barton\\\/#breadcrumb\"},\"inLanguage\":\"es\",\"potentialAction\":[{\"@type\":\"ReadAction\",\"target\":[\"https:\\\/\\\/www.marybakereddylibrary.org\\\/es\\\/research\\\/mujeres-que-marcaron-la-historia-clara-barton\\\/\"]}]},{\"@type\":\"ImageObject\",\"inLanguage\":\"es\",\"@id\":\"https:\\\/\\\/www.marybakereddylibrary.org\\\/es\\\/research\\\/mujeres-que-marcaron-la-historia-clara-barton\\\/#primaryimage\",\"url\":\"https:\\\/\\\/www.marybakereddylibrary.org\\\/wp-content\\\/uploads\\\/2025\\\/05\\\/2015-Clara-Barton-2025-edit.jpg\",\"contentUrl\":\"https:\\\/\\\/www.marybakereddylibrary.org\\\/wp-content\\\/uploads\\\/2025\\\/05\\\/2015-Clara-Barton-2025-edit.jpg\",\"width\":1200,\"height\":750},{\"@type\":\"BreadcrumbList\",\"@id\":\"https:\\\/\\\/www.marybakereddylibrary.org\\\/es\\\/research\\\/mujeres-que-marcaron-la-historia-clara-barton\\\/#breadcrumb\",\"itemListElement\":[{\"@type\":\"ListItem\",\"position\":1,\"name\":\"Home\",\"item\":\"https:\\\/\\\/www.marybakereddylibrary.org\\\/es\\\/\"},{\"@type\":\"ListItem\",\"position\":2,\"name\":\"Mujeres que marcaron la historia: Clara Barton\"}]},{\"@type\":\"WebSite\",\"@id\":\"https:\\\/\\\/www.marybakereddylibrary.org\\\/es\\\/#website\",\"url\":\"https:\\\/\\\/www.marybakereddylibrary.org\\\/es\\\/\",\"name\":\"La Biblioteca Mary Baker Eddy\",\"description\":\"\",\"publisher\":{\"@id\":\"https:\\\/\\\/www.marybakereddylibrary.org\\\/es\\\/#organization\"},\"potentialAction\":[{\"@type\":\"SearchAction\",\"target\":{\"@type\":\"EntryPoint\",\"urlTemplate\":\"https:\\\/\\\/www.marybakereddylibrary.org\\\/es\\\/?s={search_term_string}\"},\"query-input\":{\"@type\":\"PropertyValueSpecification\",\"valueRequired\":true,\"valueName\":\"search_term_string\"}}],\"inLanguage\":\"es\"},{\"@type\":\"Organization\",\"@id\":\"https:\\\/\\\/www.marybakereddylibrary.org\\\/es\\\/#organization\",\"name\":\"The Mary Baker Eddy Library\",\"url\":\"https:\\\/\\\/www.marybakereddylibrary.org\\\/es\\\/\",\"logo\":{\"@type\":\"ImageObject\",\"inLanguage\":\"es\",\"@id\":\"https:\\\/\\\/www.marybakereddylibrary.org\\\/es\\\/#\\\/schema\\\/logo\\\/image\\\/\",\"url\":\"https:\\\/\\\/www.marybakereddylibrary.org\\\/wp-content\\\/uploads\\\/2015\\\/03\\\/MBEL_logo_HR.jpg\",\"contentUrl\":\"https:\\\/\\\/www.marybakereddylibrary.org\\\/wp-content\\\/uploads\\\/2015\\\/03\\\/MBEL_logo_HR.jpg\",\"width\":2100,\"height\":2100,\"caption\":\"The Mary Baker Eddy Library\"},\"image\":{\"@id\":\"https:\\\/\\\/www.marybakereddylibrary.org\\\/es\\\/#\\\/schema\\\/logo\\\/image\\\/\"},\"sameAs\":[\"https:\\\/\\\/www.facebook.com\\\/mbelibrary\",\"https:\\\/\\\/x.com\\\/mbelibrary\",\"https:\\\/\\\/www.instagram.com\\\/mbelibrary\"]},{\"@type\":\"Person\",\"@id\":\"https:\\\/\\\/www.marybakereddylibrary.org\\\/es\\\/#\\\/schema\\\/person\\\/a693749f25f4b25c4a61ee0aad0df062\",\"name\":\"Jeremy Jarvis\",\"image\":{\"@type\":\"ImageObject\",\"inLanguage\":\"es\",\"@id\":\"https:\\\/\\\/secure.gravatar.com\\\/avatar\\\/2339a6ab98459f432716fbd7529f91cebda1beffbde400d13cdb4d7b61f95d5c?s=96&d=mm&r=g\",\"url\":\"https:\\\/\\\/secure.gravatar.com\\\/avatar\\\/2339a6ab98459f432716fbd7529f91cebda1beffbde400d13cdb4d7b61f95d5c?s=96&d=mm&r=g\",\"contentUrl\":\"https:\\\/\\\/secure.gravatar.com\\\/avatar\\\/2339a6ab98459f432716fbd7529f91cebda1beffbde400d13cdb4d7b61f95d5c?s=96&d=mm&r=g\",\"caption\":\"Jeremy Jarvis\"}}]}<\/script>\n<!-- \/ Yoast SEO plugin. -->","yoast_head_json":{"title":"Mujeres que marcaron la historia: Clara Barton - La Biblioteca Mary Baker Eddy","description":"Descubra c\u00f3mo la fundadora de la Cruz Roja Americana se involucr\u00f3 en las ense\u00f1anzas de la Ciencia Cristiana y las admiraba.","robots":{"index":"index","follow":"follow","max-snippet":"max-snippet:-1","max-image-preview":"max-image-preview:large","max-video-preview":"max-video-preview:-1"},"canonical":"https:\/\/www.marybakereddylibrary.org\/es\/research\/mujeres-que-marcaron-la-historia-clara-barton\/","og_locale":"es_ES","og_type":"article","og_title":"Mujeres que marcaron la historia: Clara Barton - La Biblioteca Mary Baker Eddy","og_description":"Descubra c\u00f3mo la fundadora de la Cruz Roja Americana se involucr\u00f3 en las ense\u00f1anzas de la Ciencia Cristiana y las admiraba.","og_url":"https:\/\/www.marybakereddylibrary.org\/es\/research\/mujeres-que-marcaron-la-historia-clara-barton\/","og_site_name":"La Biblioteca Mary Baker Eddy","article_publisher":"https:\/\/www.facebook.com\/mbelibrary","article_published_time":"2025-05-02T13:22:50+00:00","article_modified_time":"2025-05-07T15:27:10+00:00","og_image":[{"width":1200,"height":750,"url":"https:\/\/www.marybakereddylibrary.org\/wp-content\/uploads\/2025\/05\/2015-Clara-Barton-2025-edit.jpg","type":"image\/jpeg"}],"author":"Jeremy Jarvis","twitter_misc":{"Escrito por":"Jeremy Jarvis","Tiempo de lectura":"4 minutos"},"schema":{"@context":"https:\/\/schema.org","@graph":[{"@type":"Article","@id":"https:\/\/www.marybakereddylibrary.org\/es\/research\/mujeres-que-marcaron-la-historia-clara-barton\/#article","isPartOf":{"@id":"https:\/\/www.marybakereddylibrary.org\/es\/research\/mujeres-que-marcaron-la-historia-clara-barton\/"},"author":{"name":"Jeremy Jarvis","@id":"https:\/\/www.marybakereddylibrary.org\/es\/#\/schema\/person\/a693749f25f4b25c4a61ee0aad0df062"},"headline":"Mujeres que marcaron la historia: Clara Barton","datePublished":"2025-05-02T13:22:50+00:00","dateModified":"2025-05-07T15:27:10+00:00","mainEntityOfPage":{"@id":"https:\/\/www.marybakereddylibrary.org\/es\/research\/mujeres-que-marcaron-la-historia-clara-barton\/"},"wordCount":1560,"publisher":{"@id":"https:\/\/www.marybakereddylibrary.org\/es\/#organization"},"image":{"@id":"https:\/\/www.marybakereddylibrary.org\/es\/research\/mujeres-que-marcaron-la-historia-clara-barton\/#primaryimage"},"thumbnailUrl":"https:\/\/www.marybakereddylibrary.org\/wp-content\/uploads\/2025\/05\/2015-Clara-Barton-2025-edit.jpg","articleSection":["Mujeres que marcaron la historia"],"inLanguage":"es"},{"@type":"WebPage","@id":"https:\/\/www.marybakereddylibrary.org\/es\/research\/mujeres-que-marcaron-la-historia-clara-barton\/","url":"https:\/\/www.marybakereddylibrary.org\/es\/research\/mujeres-que-marcaron-la-historia-clara-barton\/","name":"Mujeres que marcaron la historia: Clara Barton - La Biblioteca Mary Baker Eddy","isPartOf":{"@id":"https:\/\/www.marybakereddylibrary.org\/es\/#website"},"primaryImageOfPage":{"@id":"https:\/\/www.marybakereddylibrary.org\/es\/research\/mujeres-que-marcaron-la-historia-clara-barton\/#primaryimage"},"image":{"@id":"https:\/\/www.marybakereddylibrary.org\/es\/research\/mujeres-que-marcaron-la-historia-clara-barton\/#primaryimage"},"thumbnailUrl":"https:\/\/www.marybakereddylibrary.org\/wp-content\/uploads\/2025\/05\/2015-Clara-Barton-2025-edit.jpg","datePublished":"2025-05-02T13:22:50+00:00","dateModified":"2025-05-07T15:27:10+00:00","description":"Descubra c\u00f3mo la fundadora de la Cruz Roja Americana se involucr\u00f3 en las ense\u00f1anzas de la Ciencia Cristiana y las admiraba.","breadcrumb":{"@id":"https:\/\/www.marybakereddylibrary.org\/es\/research\/mujeres-que-marcaron-la-historia-clara-barton\/#breadcrumb"},"inLanguage":"es","potentialAction":[{"@type":"ReadAction","target":["https:\/\/www.marybakereddylibrary.org\/es\/research\/mujeres-que-marcaron-la-historia-clara-barton\/"]}]},{"@type":"ImageObject","inLanguage":"es","@id":"https:\/\/www.marybakereddylibrary.org\/es\/research\/mujeres-que-marcaron-la-historia-clara-barton\/#primaryimage","url":"https:\/\/www.marybakereddylibrary.org\/wp-content\/uploads\/2025\/05\/2015-Clara-Barton-2025-edit.jpg","contentUrl":"https:\/\/www.marybakereddylibrary.org\/wp-content\/uploads\/2025\/05\/2015-Clara-Barton-2025-edit.jpg","width":1200,"height":750},{"@type":"BreadcrumbList","@id":"https:\/\/www.marybakereddylibrary.org\/es\/research\/mujeres-que-marcaron-la-historia-clara-barton\/#breadcrumb","itemListElement":[{"@type":"ListItem","position":1,"name":"Home","item":"https:\/\/www.marybakereddylibrary.org\/es\/"},{"@type":"ListItem","position":2,"name":"Mujeres que marcaron la historia: Clara Barton"}]},{"@type":"WebSite","@id":"https:\/\/www.marybakereddylibrary.org\/es\/#website","url":"https:\/\/www.marybakereddylibrary.org\/es\/","name":"La Biblioteca Mary Baker Eddy","description":"","publisher":{"@id":"https:\/\/www.marybakereddylibrary.org\/es\/#organization"},"potentialAction":[{"@type":"SearchAction","target":{"@type":"EntryPoint","urlTemplate":"https:\/\/www.marybakereddylibrary.org\/es\/?s={search_term_string}"},"query-input":{"@type":"PropertyValueSpecification","valueRequired":true,"valueName":"search_term_string"}}],"inLanguage":"es"},{"@type":"Organization","@id":"https:\/\/www.marybakereddylibrary.org\/es\/#organization","name":"The Mary Baker Eddy Library","url":"https:\/\/www.marybakereddylibrary.org\/es\/","logo":{"@type":"ImageObject","inLanguage":"es","@id":"https:\/\/www.marybakereddylibrary.org\/es\/#\/schema\/logo\/image\/","url":"https:\/\/www.marybakereddylibrary.org\/wp-content\/uploads\/2015\/03\/MBEL_logo_HR.jpg","contentUrl":"https:\/\/www.marybakereddylibrary.org\/wp-content\/uploads\/2015\/03\/MBEL_logo_HR.jpg","width":2100,"height":2100,"caption":"The Mary Baker Eddy Library"},"image":{"@id":"https:\/\/www.marybakereddylibrary.org\/es\/#\/schema\/logo\/image\/"},"sameAs":["https:\/\/www.facebook.com\/mbelibrary","https:\/\/x.com\/mbelibrary","https:\/\/www.instagram.com\/mbelibrary"]},{"@type":"Person","@id":"https:\/\/www.marybakereddylibrary.org\/es\/#\/schema\/person\/a693749f25f4b25c4a61ee0aad0df062","name":"Jeremy Jarvis","image":{"@type":"ImageObject","inLanguage":"es","@id":"https:\/\/secure.gravatar.com\/avatar\/2339a6ab98459f432716fbd7529f91cebda1beffbde400d13cdb4d7b61f95d5c?s=96&d=mm&r=g","url":"https:\/\/secure.gravatar.com\/avatar\/2339a6ab98459f432716fbd7529f91cebda1beffbde400d13cdb4d7b61f95d5c?s=96&d=mm&r=g","contentUrl":"https:\/\/secure.gravatar.com\/avatar\/2339a6ab98459f432716fbd7529f91cebda1beffbde400d13cdb4d7b61f95d5c?s=96&d=mm&r=g","caption":"Jeremy Jarvis"}}]}},"_links":{"self":[{"href":"https:\/\/www.marybakereddylibrary.org\/es\/wp-json\/wp\/v2\/posts\/84088","targetHints":{"allow":["GET"]}}],"collection":[{"href":"https:\/\/www.marybakereddylibrary.org\/es\/wp-json\/wp\/v2\/posts"}],"about":[{"href":"https:\/\/www.marybakereddylibrary.org\/es\/wp-json\/wp\/v2\/types\/post"}],"author":[{"embeddable":true,"href":"https:\/\/www.marybakereddylibrary.org\/es\/wp-json\/wp\/v2\/users\/24"}],"replies":[{"embeddable":true,"href":"https:\/\/www.marybakereddylibrary.org\/es\/wp-json\/wp\/v2\/comments?post=84088"}],"version-history":[{"count":0,"href":"https:\/\/www.marybakereddylibrary.org\/es\/wp-json\/wp\/v2\/posts\/84088\/revisions"}],"wp:featuredmedia":[{"embeddable":true,"href":"https:\/\/www.marybakereddylibrary.org\/es\/wp-json\/wp\/v2\/media\/84222"}],"wp:attachment":[{"href":"https:\/\/www.marybakereddylibrary.org\/es\/wp-json\/wp\/v2\/media?parent=84088"}],"wp:term":[{"taxonomy":"category","embeddable":true,"href":"https:\/\/www.marybakereddylibrary.org\/es\/wp-json\/wp\/v2\/categories?post=84088"},{"taxonomy":"post_tag","embeddable":true,"href":"https:\/\/www.marybakereddylibrary.org\/es\/wp-json\/wp\/v2\/tags?post=84088"}],"curies":[{"name":"wp","href":"https:\/\/api.w.org\/{rel}","templated":true}]}}