{"id":25973,"date":"2019-08-16T12:21:45","date_gmt":"2019-08-16T16:21:45","guid":{"rendered":"https:\/\/www.marybakereddylibrary.org\/?p=25973"},"modified":"2022-04-21T13:21:49","modified_gmt":"2022-04-21T17:21:49","slug":"mary-baker-eddy-a-t-elle-fait-mention-de-hugo-ou-de-tolstoi-dans-ses-ecrits","status":"publish","type":"post","link":"https:\/\/www.marybakereddylibrary.org\/fr\/research\/mary-baker-eddy-a-t-elle-fait-mention-de-hugo-ou-de-tolstoi-dans-ses-ecrits\/","title":{"rendered":"Mary Baker Eddy a-t-elle fait mention de Hugo ou de Tolsto\u00ef dans ses \u00e9crits&nbsp;?"},"content":{"rendered":"<div id=\"modal-ready\"><p>[et_pb_section bb_built=&#8221;1&#8243; fullwidth=&#8221;on&#8221; specialty=&#8221;off&#8221; next_background_color=&#8221;#000000&#8243; inner_width=&#8221;auto&#8221; inner_max_width=&#8221;none&#8221;][et_pb_fullwidth_post_title _builder_version=&#8221;3.29.3&#8243; featured_image=&#8221;off&#8221; text_shadow_horizontal_length=&#8221;text_shadow_style,%91object Object%93&#8243; text_shadow_vertical_length=&#8221;text_shadow_style,%91object Object%93&#8243; text_shadow_blur_strength=&#8221;text_shadow_style,%91object Object%93&#8243; title_text_shadow_horizontal_length=&#8221;title_text_shadow_style,%91object Object%93&#8243; title_text_shadow_vertical_length=&#8221;title_text_shadow_style,%91object Object%93&#8243; title_text_shadow_blur_strength=&#8221;title_text_shadow_style,%91object Object%93&#8243; meta_text_shadow_horizontal_length=&#8221;meta_text_shadow_style,%91object Object%93&#8243; meta_text_shadow_vertical_length=&#8221;meta_text_shadow_style,%91object Object%93&#8243; meta_text_shadow_blur_strength=&#8221;meta_text_shadow_style,%91object Object%93&#8243; z_index_tablet=&#8221;500&#8243; author=&#8221;off&#8221; categories=&#8221;off&#8221; comments=&#8221;off&#8221; box_shadow_horizontal_tablet=&#8221;0px&#8221; box_shadow_vertical_tablet=&#8221;0px&#8221; box_shadow_blur_tablet=&#8221;40px&#8221; box_shadow_spread_tablet=&#8221;0px&#8221; date_format=&#8221;j F Y&#8221; \/][\/et_pb_section][et_pb_section bb_built=&#8221;1&#8243; prev_background_color=&#8221;#000000&#8243; inner_width=&#8221;auto&#8221; inner_max_width=&#8221;none&#8221;][et_pb_row][et_pb_column type=&#8221;2_3&#8243; custom_padding__hover=&#8221;|||&#8221; custom_padding=&#8221;|||&#8221;][et_pb_text _builder_version=&#8221;3.22.7&#8243; text_text_shadow_horizontal_length=&#8221;text_text_shadow_style,%91object Object%93&#8243; text_text_shadow_vertical_length=&#8221;text_text_shadow_style,%91object Object%93&#8243; text_text_shadow_blur_strength=&#8221;text_text_shadow_style,%91object Object%93&#8243; link_text_shadow_horizontal_length=&#8221;link_text_shadow_style,%91object Object%93&#8243; link_text_shadow_vertical_length=&#8221;link_text_shadow_style,%91object Object%93&#8243; link_text_shadow_blur_strength=&#8221;link_text_shadow_style,%91object Object%93&#8243; ul_text_shadow_horizontal_length=&#8221;ul_text_shadow_style,%91object Object%93&#8243; ul_text_shadow_vertical_length=&#8221;ul_text_shadow_style,%91object Object%93&#8243; ul_text_shadow_blur_strength=&#8221;ul_text_shadow_style,%91object Object%93&#8243; ol_text_shadow_horizontal_length=&#8221;ol_text_shadow_style,%91object Object%93&#8243; ol_text_shadow_vertical_length=&#8221;ol_text_shadow_style,%91object Object%93&#8243; ol_text_shadow_blur_strength=&#8221;ol_text_shadow_style,%91object Object%93&#8243; quote_text_shadow_horizontal_length=&#8221;quote_text_shadow_style,%91object Object%93&#8243; quote_text_shadow_vertical_length=&#8221;quote_text_shadow_style,%91object Object%93&#8243; quote_text_shadow_blur_strength=&#8221;quote_text_shadow_style,%91object Object%93&#8243; header_text_shadow_horizontal_length=&#8221;header_text_shadow_style,%91object Object%93&#8243; header_text_shadow_vertical_length=&#8221;header_text_shadow_style,%91object Object%93&#8243; header_text_shadow_blur_strength=&#8221;header_text_shadow_style,%91object Object%93&#8243; header_2_text_shadow_horizontal_length=&#8221;header_2_text_shadow_style,%91object Object%93&#8243; header_2_text_shadow_vertical_length=&#8221;header_2_text_shadow_style,%91object Object%93&#8243; header_2_text_shadow_blur_strength=&#8221;header_2_text_shadow_style,%91object Object%93&#8243; header_3_text_shadow_horizontal_length=&#8221;header_3_text_shadow_style,%91object Object%93&#8243; header_3_text_shadow_vertical_length=&#8221;header_3_text_shadow_style,%91object Object%93&#8243; header_3_text_shadow_blur_strength=&#8221;header_3_text_shadow_style,%91object Object%93&#8243; header_4_text_shadow_horizontal_length=&#8221;header_4_text_shadow_style,%91object Object%93&#8243; header_4_text_shadow_vertical_length=&#8221;header_4_text_shadow_style,%91object Object%93&#8243; header_4_text_shadow_blur_strength=&#8221;header_4_text_shadow_style,%91object Object%93&#8243; header_5_text_shadow_horizontal_length=&#8221;header_5_text_shadow_style,%91object Object%93&#8243; header_5_text_shadow_vertical_length=&#8221;header_5_text_shadow_style,%91object Object%93&#8243; header_5_text_shadow_blur_strength=&#8221;header_5_text_shadow_style,%91object Object%93&#8243; header_6_text_shadow_horizontal_length=&#8221;header_6_text_shadow_style,%91object Object%93&#8243; header_6_text_shadow_vertical_length=&#8221;header_6_text_shadow_style,%91object Object%93&#8243; header_6_text_shadow_blur_strength=&#8221;header_6_text_shadow_style,%91object Object%93&#8243; z_index_tablet=&#8221;500&#8243; text_orientation=&#8221;left&#8221;]<\/p>\n<p>Mary Baker Eddy n&#8217;a jamais mentionn\u00e9 Victor Hugo ni L\u00e9on Tolsto\u00ef dans ses \u0153uvres publi\u00e9es, mais elle a fait preuve d&#8217;un certain int\u00e9r\u00eat pour Tolsto\u00ef.<\/p>\n<p>La biblioth\u00e8que personnelle de Mary Baker Eddy comprenait un exemplaire de <em>La Sonate \u00e0 Kreutzer<\/em> (1890) et de <em>Marchez pendant que vous avez la lumi\u00e8re<\/em> (1891). En 1901, elle a lu une interview de Tolsto\u00ef, intitul\u00e9e \u00ab&nbsp;En attendant la mort&nbsp;\u00bb, dans le New York World du 24 f\u00e9vrier de la m\u00eame ann\u00e9e. Elle a annot\u00e9 plusieurs passages au crayon dans le journal m\u00eame<span id='easy-footnote-1-25973' class='easy-footnote-margin-adjust'><\/span><span class='easy-footnote'><a href='https:\/\/www.marybakereddylibrary.org\/fr\/research\/mary-baker-eddy-a-t-elle-fait-mention-de-hugo-ou-de-tolstoi-dans-ses-ecrits\/#easy-footnote-bottom-1-25973' title='SB012, 152-153'><sup>1<\/sup><\/a><\/span>.<\/p>\n<p>En mars 1901, elle a adress\u00e9 \u00e0 Tolsto\u00ef deux exemplaires de <em>Science et Sant\u00e9 avec la Clef des Ecritures<\/em><span id='easy-footnote-2-25973' class='easy-footnote-margin-adjust'><\/span><span class='easy-footnote'><a href='https:\/\/www.marybakereddylibrary.org\/fr\/research\/mary-baker-eddy-a-t-elle-fait-mention-de-hugo-ou-de-tolstoi-dans-ses-ecrits\/#easy-footnote-bottom-2-25973' title='Anna B. White Baker \u00e0 Tolsto\u00ef, 19 mars 1901, V03595.'><sup>2<\/sup><\/a><\/span>. Tolsto\u00ef a r\u00e9pondu \u00e0 ce cadeau par l&#8217;interm\u00e9diaire de son fils, Serge Tolsto\u00ef&nbsp;: \u00ab&nbsp;L\u00e9on Tolsto\u00ef a bien re\u00e7u le livre \u201cScience et Sant\u00e9\u201d que vous lui avez envoy\u00e9 et il me prie de vous en remercier \u2013 Serge Tolsto\u00ef.&nbsp;\u00bb<span id='easy-footnote-3-25973' class='easy-footnote-margin-adjust'><\/span><span class='easy-footnote'><a href='https:\/\/www.marybakereddylibrary.org\/fr\/research\/mary-baker-eddy-a-t-elle-fait-mention-de-hugo-ou-de-tolstoi-dans-ses-ecrits\/#easy-footnote-bottom-3-25973' title='Serge Tolsto\u00ef \u00e0 M. B. Eddy, c. 25 avril 1901, IC718aP1.87.018.'><sup>3<\/sup><\/a><\/span><\/p>\n<p>Mary Baker Eddy a \u00e9galement envoy\u00e9 \u00e0 Tolsto\u00ef un exemplaire d&#8217;<em>Ecrits divers<\/em> en attirant son attention sur la lettre d&#8217;un homme int\u00e9ress\u00e9 par la lecture de <em>Science et Sant\u00e9,<\/em> lettre qui figure aux pages 463-471, sous le titre \u00ab&nbsp;Comment comprendre \u201cScience et Sant\u00e9\u201d \u00bb<span id='easy-footnote-4-25973' class='easy-footnote-margin-adjust'><\/span><span class='easy-footnote'><a href='https:\/\/www.marybakereddylibrary.org\/fr\/research\/mary-baker-eddy-a-t-elle-fait-mention-de-hugo-ou-de-tolstoi-dans-ses-ecrits\/#easy-footnote-bottom-4-25973' title='M. B. Eddy \u00e0 Tolsto\u00ef, 2 mai 1901, V03596.'><sup>4<\/sup><\/a><\/span>.<\/p>\n<p>[\/et_pb_text][\/et_pb_column][et_pb_column type=&#8221;1_3&#8243; custom_padding__hover=&#8221;|||&#8221; custom_padding=&#8221;|||&#8221;][et_pb_sidebar _builder_version=&#8221;3.22.7&#8243; area=&#8221;et_pb_widget_area_3&#8243; text_shadow_horizontal_length=&#8221;text_shadow_style,%91object Object%93&#8243; text_shadow_vertical_length=&#8221;text_shadow_style,%91object Object%93&#8243; text_shadow_blur_strength=&#8221;text_shadow_style,%91object Object%93&#8243; header_text_shadow_horizontal_length=&#8221;header_text_shadow_style,%91object Object%93&#8243; header_text_shadow_vertical_length=&#8221;header_text_shadow_style,%91object Object%93&#8243; header_text_shadow_blur_strength=&#8221;header_text_shadow_style,%91object Object%93&#8243; body_text_shadow_horizontal_length=&#8221;body_text_shadow_style,%91object Object%93&#8243; body_text_shadow_vertical_length=&#8221;body_text_shadow_style,%91object Object%93&#8243; body_text_shadow_blur_strength=&#8221;body_text_shadow_style,%91object Object%93&#8243; z_index_tablet=&#8221;500&#8243; \/][\/et_pb_column][\/et_pb_row][\/et_pb_section]<\/p>\n<\/div>","protected":false},"excerpt":{"rendered":"<p>Elle a eu des contacts avec l&#8217;un de ces auteurs \u00e0 plusieurs reprises&nbsp;!<\/p>","protected":false},"author":44,"featured_media":0,"comment_status":"closed","ping_status":"closed","sticky":false,"template":"","format":"standard","meta":{"_et_pb_use_builder":"on","_et_pb_old_content":"","_et_gb_content_width":"","_oasis_is_in_workflow":0,"_oasis_original":0,"_oasis_task_priority":"","_relevanssi_hide_post":"","_relevanssi_hide_content":"","_relevanssi_pin_for_all":"","_relevanssi_pin_keywords":"","_relevanssi_unpin_keywords":"","_relevanssi_related_keywords":"","_relevanssi_related_include_ids":"","_relevanssi_related_exclude_ids":"","_relevanssi_related_no_append":"","_relevanssi_related_not_related":"","_relevanssi_related_posts":"","_relevanssi_noindex_reason":"","inline_featured_image":false,"episode_type":"","audio_file":"","podmotor_file_id":"","podmotor_episode_id":"","cover_image":"","cover_image_id":"","duration":"","filesize":"","filesize_raw":"","date_recorded":"","explicit":"","block":"","itunes_episode_number":"","itunes_title":"","itunes_season_number":"","itunes_episode_type":"","footnotes":""},"categories":[210],"tags":[],"class_list":["post-25973","post","type-post","status-publish","format-standard","hentry","category-nos-archivistes-vous-repondent-fr"],"yoast_head":"<!-- This site is optimized with the Yoast SEO plugin v27.5 - https:\/\/yoast.com\/product\/yoast-seo-wordpress\/ -->\n<title>Mary Baker Eddy a-t-elle fait mention de Hugo ou de Tolsto\u00ef dans ses \u00e9crits ? - La Biblioth\u00e8que Mary Baker Eddy<\/title>\n<meta name=\"robots\" content=\"index, follow, max-snippet:-1, max-image-preview:large, max-video-preview:-1\" \/>\n<link rel=\"canonical\" href=\"https:\/\/www.marybakereddylibrary.org\/fr\/research\/mary-baker-eddy-a-t-elle-fait-mention-de-hugo-ou-de-tolstoi-dans-ses-ecrits\/\" \/>\n<meta property=\"og:locale\" content=\"fr_FR\" \/>\n<meta property=\"og:type\" content=\"article\" \/>\n<meta property=\"og:title\" content=\"Mary Baker Eddy a-t-elle fait mention de Hugo ou de Tolsto\u00ef dans ses \u00e9crits ? - La Biblioth\u00e8que Mary Baker Eddy\" \/>\n<meta property=\"og:description\" content=\"Elle a eu des contacts avec l&#039;un de ces auteurs \u00e0 plusieurs reprises !\" \/>\n<meta property=\"og:url\" content=\"https:\/\/www.marybakereddylibrary.org\/fr\/research\/mary-baker-eddy-a-t-elle-fait-mention-de-hugo-ou-de-tolstoi-dans-ses-ecrits\/\" \/>\n<meta property=\"og:site_name\" content=\"La Biblioth\u00e8que Mary Baker Eddy\" \/>\n<meta property=\"article:publisher\" content=\"https:\/\/www.facebook.com\/mbelibrary\" \/>\n<meta property=\"article:published_time\" content=\"2019-08-16T16:21:45+00:00\" \/>\n<meta property=\"article:modified_time\" content=\"2022-04-21T17:21:49+00:00\" \/>\n<meta name=\"author\" content=\"The Mary Baker Eddy Library\" \/>\n<meta name=\"twitter:label1\" content=\"\u00c9crit par\" \/>\n\t<meta name=\"twitter:data1\" content=\"The Mary Baker Eddy Library\" \/>\n\t<meta name=\"twitter:label2\" content=\"Dur\u00e9e de lecture estim\u00e9e\" \/>\n\t<meta name=\"twitter:data2\" content=\"5 minutes\" \/>\n<script type=\"application\/ld+json\" class=\"yoast-schema-graph\">{\"@context\":\"https:\\\/\\\/schema.org\",\"@graph\":[{\"@type\":\"Article\",\"@id\":\"https:\\\/\\\/www.marybakereddylibrary.org\\\/fr\\\/research\\\/mary-baker-eddy-a-t-elle-fait-mention-de-hugo-ou-de-tolstoi-dans-ses-ecrits\\\/#article\",\"isPartOf\":{\"@id\":\"https:\\\/\\\/www.marybakereddylibrary.org\\\/fr\\\/research\\\/mary-baker-eddy-a-t-elle-fait-mention-de-hugo-ou-de-tolstoi-dans-ses-ecrits\\\/\"},\"author\":{\"name\":\"The Mary Baker Eddy Library\",\"@id\":\"https:\\\/\\\/www.marybakereddylibrary.org\\\/fr\\\/#\\\/schema\\\/person\\\/82abfd938c00bb8542667a796d4e449a\"},\"headline\":\"Mary Baker Eddy a-t-elle fait mention de Hugo ou de Tolsto\u00ef dans ses \u00e9crits&nbsp;?\",\"datePublished\":\"2019-08-16T16:21:45+00:00\",\"dateModified\":\"2022-04-21T17:21:49+00:00\",\"mainEntityOfPage\":{\"@id\":\"https:\\\/\\\/www.marybakereddylibrary.org\\\/fr\\\/research\\\/mary-baker-eddy-a-t-elle-fait-mention-de-hugo-ou-de-tolstoi-dans-ses-ecrits\\\/\"},\"wordCount\":931,\"publisher\":{\"@id\":\"https:\\\/\\\/www.marybakereddylibrary.org\\\/fr\\\/#organization\"},\"articleSection\":[\"Nos archivistes vous r\u00e9pondent\"],\"inLanguage\":\"fr-FR\"},{\"@type\":\"WebPage\",\"@id\":\"https:\\\/\\\/www.marybakereddylibrary.org\\\/fr\\\/research\\\/mary-baker-eddy-a-t-elle-fait-mention-de-hugo-ou-de-tolstoi-dans-ses-ecrits\\\/\",\"url\":\"https:\\\/\\\/www.marybakereddylibrary.org\\\/fr\\\/research\\\/mary-baker-eddy-a-t-elle-fait-mention-de-hugo-ou-de-tolstoi-dans-ses-ecrits\\\/\",\"name\":\"Mary Baker Eddy a-t-elle fait mention de Hugo ou de Tolsto\u00ef dans ses \u00e9crits ? - La Biblioth\u00e8que Mary Baker Eddy\",\"isPartOf\":{\"@id\":\"https:\\\/\\\/www.marybakereddylibrary.org\\\/fr\\\/#website\"},\"datePublished\":\"2019-08-16T16:21:45+00:00\",\"dateModified\":\"2022-04-21T17:21:49+00:00\",\"breadcrumb\":{\"@id\":\"https:\\\/\\\/www.marybakereddylibrary.org\\\/fr\\\/research\\\/mary-baker-eddy-a-t-elle-fait-mention-de-hugo-ou-de-tolstoi-dans-ses-ecrits\\\/#breadcrumb\"},\"inLanguage\":\"fr-FR\",\"potentialAction\":[{\"@type\":\"ReadAction\",\"target\":[\"https:\\\/\\\/www.marybakereddylibrary.org\\\/fr\\\/research\\\/mary-baker-eddy-a-t-elle-fait-mention-de-hugo-ou-de-tolstoi-dans-ses-ecrits\\\/\"]}]},{\"@type\":\"BreadcrumbList\",\"@id\":\"https:\\\/\\\/www.marybakereddylibrary.org\\\/fr\\\/research\\\/mary-baker-eddy-a-t-elle-fait-mention-de-hugo-ou-de-tolstoi-dans-ses-ecrits\\\/#breadcrumb\",\"itemListElement\":[{\"@type\":\"ListItem\",\"position\":1,\"name\":\"Accueil\",\"item\":\"https:\\\/\\\/www.marybakereddylibrary.org\\\/fr\\\/\"},{\"@type\":\"ListItem\",\"position\":2,\"name\":\"Mary Baker Eddy a-t-elle fait mention de Hugo ou de Tolsto\u00ef dans ses \u00e9crits&nbsp;?\"}]},{\"@type\":\"WebSite\",\"@id\":\"https:\\\/\\\/www.marybakereddylibrary.org\\\/fr\\\/#website\",\"url\":\"https:\\\/\\\/www.marybakereddylibrary.org\\\/fr\\\/\",\"name\":\"La Biblioth\u00e8que Mary Baker Eddy\",\"description\":\"\",\"publisher\":{\"@id\":\"https:\\\/\\\/www.marybakereddylibrary.org\\\/fr\\\/#organization\"},\"potentialAction\":[{\"@type\":\"SearchAction\",\"target\":{\"@type\":\"EntryPoint\",\"urlTemplate\":\"https:\\\/\\\/www.marybakereddylibrary.org\\\/fr\\\/?s={search_term_string}\"},\"query-input\":{\"@type\":\"PropertyValueSpecification\",\"valueRequired\":true,\"valueName\":\"search_term_string\"}}],\"inLanguage\":\"fr-FR\"},{\"@type\":\"Organization\",\"@id\":\"https:\\\/\\\/www.marybakereddylibrary.org\\\/fr\\\/#organization\",\"name\":\"The Mary Baker Eddy Library\",\"url\":\"https:\\\/\\\/www.marybakereddylibrary.org\\\/fr\\\/\",\"logo\":{\"@type\":\"ImageObject\",\"inLanguage\":\"fr-FR\",\"@id\":\"https:\\\/\\\/www.marybakereddylibrary.org\\\/fr\\\/#\\\/schema\\\/logo\\\/image\\\/\",\"url\":\"https:\\\/\\\/www.marybakereddylibrary.org\\\/wp-content\\\/uploads\\\/2015\\\/03\\\/MBEL_logo_HR.jpg\",\"contentUrl\":\"https:\\\/\\\/www.marybakereddylibrary.org\\\/wp-content\\\/uploads\\\/2015\\\/03\\\/MBEL_logo_HR.jpg\",\"width\":2100,\"height\":2100,\"caption\":\"The Mary Baker Eddy Library\"},\"image\":{\"@id\":\"https:\\\/\\\/www.marybakereddylibrary.org\\\/fr\\\/#\\\/schema\\\/logo\\\/image\\\/\"},\"sameAs\":[\"https:\\\/\\\/www.facebook.com\\\/mbelibrary\",\"https:\\\/\\\/x.com\\\/mbelibrary\",\"https:\\\/\\\/www.instagram.com\\\/mbelibrary\"]},{\"@type\":\"Person\",\"@id\":\"https:\\\/\\\/www.marybakereddylibrary.org\\\/fr\\\/#\\\/schema\\\/person\\\/82abfd938c00bb8542667a796d4e449a\",\"name\":\"The Mary Baker Eddy Library\",\"image\":{\"@type\":\"ImageObject\",\"inLanguage\":\"fr-FR\",\"@id\":\"https:\\\/\\\/secure.gravatar.com\\\/avatar\\\/47a742fb4f6cc6ad0d0564fe6349235105346e31e12bacfbe4c85164ba549b72?s=96&d=mm&r=g\",\"url\":\"https:\\\/\\\/secure.gravatar.com\\\/avatar\\\/47a742fb4f6cc6ad0d0564fe6349235105346e31e12bacfbe4c85164ba549b72?s=96&d=mm&r=g\",\"contentUrl\":\"https:\\\/\\\/secure.gravatar.com\\\/avatar\\\/47a742fb4f6cc6ad0d0564fe6349235105346e31e12bacfbe4c85164ba549b72?s=96&d=mm&r=g\",\"caption\":\"The Mary Baker Eddy Library\"}}]}<\/script>\n<!-- \/ Yoast SEO plugin. -->","yoast_head_json":{"title":"Mary Baker Eddy a-t-elle fait mention de Hugo ou de Tolsto\u00ef dans ses \u00e9crits ? - La Biblioth\u00e8que Mary Baker Eddy","robots":{"index":"index","follow":"follow","max-snippet":"max-snippet:-1","max-image-preview":"max-image-preview:large","max-video-preview":"max-video-preview:-1"},"canonical":"https:\/\/www.marybakereddylibrary.org\/fr\/research\/mary-baker-eddy-a-t-elle-fait-mention-de-hugo-ou-de-tolstoi-dans-ses-ecrits\/","og_locale":"fr_FR","og_type":"article","og_title":"Mary Baker Eddy a-t-elle fait mention de Hugo ou de Tolsto\u00ef dans ses \u00e9crits ? - La Biblioth\u00e8que Mary Baker Eddy","og_description":"Elle a eu des contacts avec l'un de ces auteurs \u00e0 plusieurs reprises !","og_url":"https:\/\/www.marybakereddylibrary.org\/fr\/research\/mary-baker-eddy-a-t-elle-fait-mention-de-hugo-ou-de-tolstoi-dans-ses-ecrits\/","og_site_name":"La Biblioth\u00e8que Mary Baker Eddy","article_publisher":"https:\/\/www.facebook.com\/mbelibrary","article_published_time":"2019-08-16T16:21:45+00:00","article_modified_time":"2022-04-21T17:21:49+00:00","author":"The Mary Baker Eddy Library","twitter_misc":{"\u00c9crit par":"The Mary Baker Eddy Library","Dur\u00e9e de lecture estim\u00e9e":"5 minutes"},"schema":{"@context":"https:\/\/schema.org","@graph":[{"@type":"Article","@id":"https:\/\/www.marybakereddylibrary.org\/fr\/research\/mary-baker-eddy-a-t-elle-fait-mention-de-hugo-ou-de-tolstoi-dans-ses-ecrits\/#article","isPartOf":{"@id":"https:\/\/www.marybakereddylibrary.org\/fr\/research\/mary-baker-eddy-a-t-elle-fait-mention-de-hugo-ou-de-tolstoi-dans-ses-ecrits\/"},"author":{"name":"The Mary Baker Eddy Library","@id":"https:\/\/www.marybakereddylibrary.org\/fr\/#\/schema\/person\/82abfd938c00bb8542667a796d4e449a"},"headline":"Mary Baker Eddy a-t-elle fait mention de Hugo ou de Tolsto\u00ef dans ses \u00e9crits&nbsp;?","datePublished":"2019-08-16T16:21:45+00:00","dateModified":"2022-04-21T17:21:49+00:00","mainEntityOfPage":{"@id":"https:\/\/www.marybakereddylibrary.org\/fr\/research\/mary-baker-eddy-a-t-elle-fait-mention-de-hugo-ou-de-tolstoi-dans-ses-ecrits\/"},"wordCount":931,"publisher":{"@id":"https:\/\/www.marybakereddylibrary.org\/fr\/#organization"},"articleSection":["Nos archivistes vous r\u00e9pondent"],"inLanguage":"fr-FR"},{"@type":"WebPage","@id":"https:\/\/www.marybakereddylibrary.org\/fr\/research\/mary-baker-eddy-a-t-elle-fait-mention-de-hugo-ou-de-tolstoi-dans-ses-ecrits\/","url":"https:\/\/www.marybakereddylibrary.org\/fr\/research\/mary-baker-eddy-a-t-elle-fait-mention-de-hugo-ou-de-tolstoi-dans-ses-ecrits\/","name":"Mary Baker Eddy a-t-elle fait mention de Hugo ou de Tolsto\u00ef dans ses \u00e9crits ? - La Biblioth\u00e8que Mary Baker Eddy","isPartOf":{"@id":"https:\/\/www.marybakereddylibrary.org\/fr\/#website"},"datePublished":"2019-08-16T16:21:45+00:00","dateModified":"2022-04-21T17:21:49+00:00","breadcrumb":{"@id":"https:\/\/www.marybakereddylibrary.org\/fr\/research\/mary-baker-eddy-a-t-elle-fait-mention-de-hugo-ou-de-tolstoi-dans-ses-ecrits\/#breadcrumb"},"inLanguage":"fr-FR","potentialAction":[{"@type":"ReadAction","target":["https:\/\/www.marybakereddylibrary.org\/fr\/research\/mary-baker-eddy-a-t-elle-fait-mention-de-hugo-ou-de-tolstoi-dans-ses-ecrits\/"]}]},{"@type":"BreadcrumbList","@id":"https:\/\/www.marybakereddylibrary.org\/fr\/research\/mary-baker-eddy-a-t-elle-fait-mention-de-hugo-ou-de-tolstoi-dans-ses-ecrits\/#breadcrumb","itemListElement":[{"@type":"ListItem","position":1,"name":"Accueil","item":"https:\/\/www.marybakereddylibrary.org\/fr\/"},{"@type":"ListItem","position":2,"name":"Mary Baker Eddy a-t-elle fait mention de Hugo ou de Tolsto\u00ef dans ses \u00e9crits&nbsp;?"}]},{"@type":"WebSite","@id":"https:\/\/www.marybakereddylibrary.org\/fr\/#website","url":"https:\/\/www.marybakereddylibrary.org\/fr\/","name":"La Biblioth\u00e8que Mary Baker Eddy","description":"","publisher":{"@id":"https:\/\/www.marybakereddylibrary.org\/fr\/#organization"},"potentialAction":[{"@type":"SearchAction","target":{"@type":"EntryPoint","urlTemplate":"https:\/\/www.marybakereddylibrary.org\/fr\/?s={search_term_string}"},"query-input":{"@type":"PropertyValueSpecification","valueRequired":true,"valueName":"search_term_string"}}],"inLanguage":"fr-FR"},{"@type":"Organization","@id":"https:\/\/www.marybakereddylibrary.org\/fr\/#organization","name":"The Mary Baker Eddy Library","url":"https:\/\/www.marybakereddylibrary.org\/fr\/","logo":{"@type":"ImageObject","inLanguage":"fr-FR","@id":"https:\/\/www.marybakereddylibrary.org\/fr\/#\/schema\/logo\/image\/","url":"https:\/\/www.marybakereddylibrary.org\/wp-content\/uploads\/2015\/03\/MBEL_logo_HR.jpg","contentUrl":"https:\/\/www.marybakereddylibrary.org\/wp-content\/uploads\/2015\/03\/MBEL_logo_HR.jpg","width":2100,"height":2100,"caption":"The Mary Baker Eddy Library"},"image":{"@id":"https:\/\/www.marybakereddylibrary.org\/fr\/#\/schema\/logo\/image\/"},"sameAs":["https:\/\/www.facebook.com\/mbelibrary","https:\/\/x.com\/mbelibrary","https:\/\/www.instagram.com\/mbelibrary"]},{"@type":"Person","@id":"https:\/\/www.marybakereddylibrary.org\/fr\/#\/schema\/person\/82abfd938c00bb8542667a796d4e449a","name":"The Mary Baker Eddy Library","image":{"@type":"ImageObject","inLanguage":"fr-FR","@id":"https:\/\/secure.gravatar.com\/avatar\/47a742fb4f6cc6ad0d0564fe6349235105346e31e12bacfbe4c85164ba549b72?s=96&d=mm&r=g","url":"https:\/\/secure.gravatar.com\/avatar\/47a742fb4f6cc6ad0d0564fe6349235105346e31e12bacfbe4c85164ba549b72?s=96&d=mm&r=g","contentUrl":"https:\/\/secure.gravatar.com\/avatar\/47a742fb4f6cc6ad0d0564fe6349235105346e31e12bacfbe4c85164ba549b72?s=96&d=mm&r=g","caption":"The Mary Baker Eddy Library"}}]}},"_links":{"self":[{"href":"https:\/\/www.marybakereddylibrary.org\/fr\/wp-json\/wp\/v2\/posts\/25973","targetHints":{"allow":["GET"]}}],"collection":[{"href":"https:\/\/www.marybakereddylibrary.org\/fr\/wp-json\/wp\/v2\/posts"}],"about":[{"href":"https:\/\/www.marybakereddylibrary.org\/fr\/wp-json\/wp\/v2\/types\/post"}],"author":[{"embeddable":true,"href":"https:\/\/www.marybakereddylibrary.org\/fr\/wp-json\/wp\/v2\/users\/44"}],"replies":[{"embeddable":true,"href":"https:\/\/www.marybakereddylibrary.org\/fr\/wp-json\/wp\/v2\/comments?post=25973"}],"version-history":[{"count":0,"href":"https:\/\/www.marybakereddylibrary.org\/fr\/wp-json\/wp\/v2\/posts\/25973\/revisions"}],"wp:attachment":[{"href":"https:\/\/www.marybakereddylibrary.org\/fr\/wp-json\/wp\/v2\/media?parent=25973"}],"wp:term":[{"taxonomy":"category","embeddable":true,"href":"https:\/\/www.marybakereddylibrary.org\/fr\/wp-json\/wp\/v2\/categories?post=25973"},{"taxonomy":"post_tag","embeddable":true,"href":"https:\/\/www.marybakereddylibrary.org\/fr\/wp-json\/wp\/v2\/tags?post=25973"}],"curies":[{"name":"wp","href":"https:\/\/api.w.org\/{rel}","templated":true}]}}