{"id":26574,"date":"2019-11-20T09:07:17","date_gmt":"2019-11-20T14:07:17","guid":{"rendered":"https:\/\/www.marybakereddylibrary.org\/?p=26574"},"modified":"2024-02-15T11:44:21","modified_gmt":"2024-02-15T16:44:21","slug":"mary-baker-eddy-a-t-elle-ecrit-la-place","status":"publish","type":"post","link":"https:\/\/www.marybakereddylibrary.org\/fr\/research\/mary-baker-eddy-a-t-elle-ecrit-la-place\/","title":{"rendered":"Mary Baker Eddy a-t-elle \u00e9crit \u00ab&nbsp;La place&nbsp;\u00bb ?"},"content":{"rendered":"<div id=\"modal-ready\"><p>[et_pb_section fb_built=&#8221;1&#8243; fullwidth=&#8221;on&#8221; _builder_version=&#8221;4.16&#8243; global_colors_info=&#8221;{}&#8221;][et_pb_fullwidth_post_title author=&#8221;off&#8221; date_format=&#8221;j F Y&#8221; categories=&#8221;off&#8221; comments=&#8221;off&#8221; featured_image=&#8221;off&#8221; _builder_version=&#8221;4.16&#8243; z_index_tablet=&#8221;500&#8243; box_shadow_horizontal_tablet=&#8221;0px&#8221; box_shadow_vertical_tablet=&#8221;0px&#8221; box_shadow_blur_tablet=&#8221;40px&#8221; box_shadow_spread_tablet=&#8221;0px&#8221; global_colors_info=&#8221;{}&#8221;][\/et_pb_fullwidth_post_title][\/et_pb_section][et_pb_section fb_built=&#8221;1&#8243; _builder_version=&#8221;4.16&#8243; global_colors_info=&#8221;{}&#8221;][et_pb_row column_structure=&#8221;2_3,1_3&#8243; _builder_version=&#8221;4.16&#8243; background_size=&#8221;initial&#8221; background_position=&#8221;top_left&#8221; background_repeat=&#8221;repeat&#8221; global_colors_info=&#8221;{}&#8221;][et_pb_column type=&#8221;2_3&#8243; _builder_version=&#8221;4.16&#8243; custom_padding=&#8221;|||&#8221; global_colors_info=&#8221;{}&#8221; custom_padding__hover=&#8221;|||&#8221;][et_pb_text _builder_version=&#8221;4.21.0&#8243; hover_enabled=&#8221;0&#8243; z_index_tablet=&#8221;500&#8243; box_shadow_horizontal_tablet=&#8221;0px&#8221; box_shadow_vertical_tablet=&#8221;0px&#8221; box_shadow_blur_tablet=&#8221;40px&#8221; box_shadow_spread_tablet=&#8221;0px&#8221; global_colors_info=&#8221;{}&#8221; sticky_enabled=&#8221;0&#8243;]<\/p>\n<p>Des \u00e9nonc\u00e9s attribu\u00e9s \u00e0 Mary Baker Eddy, mais qui ne font pas partie de ses \u0153uvres publi\u00e9es, circulent depuis de nombreuses ann\u00e9es dans le champ.<\/p>\n<p>On demande souvent \u00e0 notre service Recherche et R\u00e9f\u00e9rences d&#8217;authentifier un article intitul\u00e9 \u00ab&nbsp;Place&nbsp;\u00bb [La place], attribu\u00e9 parfois \u00e0 Mary Baker Eddy. Il commence ainsi&nbsp;: \u00ab&nbsp;The place you seek is seeking you.&nbsp;\u00bb [La place que vous cherchez vous cherche d\u00e9j\u00e0.] On pr\u00e9tend souvent que \u00ab&nbsp;La place&nbsp;\u00bb a influenc\u00e9 Adam H. Dickey lorsqu&#8217;il a \u00e9crit son article, \u00ab&nbsp;La divine loi d&#8217;ajustement&nbsp;\u00bb.<\/p>\n<p>Nous n&#8217;avons trouv\u00e9 aucune preuve que Mary Baker Eddy soit l&#8217;auteur de \u00ab&nbsp;La Place&nbsp;\u00bb ou que ce texte ait inspir\u00e9 l&#8217;article de Dickey.<\/p>\n<p>Nous ignorons qui a \u00e9crit cet article.<\/p>\n<p>La Biblioth\u00e8que Mary Baker Eddy peut vous aider pour toute question relative \u00e0 l&#8217;authentification d&#8217;un \u00e9crit. Prenez contact avec le service Recherche et R\u00e9f\u00e9rences \u00e0 <a href=\"mailto:recherche@mbelibrary.org\" target=\"_blank\" rel=\"noopener noreferrer\">recherche@mbelibrary.org<\/a>.<\/p>\n<hr \/>\n<p><em>Cet article est aussi disponible sur nos sites en <a href=\"https:\/\/www.marybakereddylibrary.org\/de\/research\/wurde-es-von-mary-baker-eddy-verfasst-die-urheberschaft-von-platz\/\" target=\"_blank\" rel=\"noopener\">allemand<\/a>,\u00a0<a href=\"https:\/\/www.marybakereddylibrary.org\/research\/did-mary-baker-eddy-write-it-the-authorship-of-place\/\" target=\"_blank\" rel=\"noopener\">anglais<\/a>,\u00a0<a href=\"https:\/\/www.marybakereddylibrary.org\/es\/research\/lo-escribio-mary-baker-eddy-la-autoria-de-place\/\" target=\"_blank\" rel=\"noopener\">espagnol<\/a> et <a href=\"https:\/\/www.marybakereddylibrary.org\/pt-br\/research\/foi-mary-baker-eddy-quem-escreveu-o-artigo-lugar\/\" target=\"_blank\" rel=\"noopener\">portugais<\/a>.<\/em><\/p>\n<p>[\/et_pb_text][\/et_pb_column][et_pb_column type=&#8221;1_3&#8243; _builder_version=&#8221;4.16&#8243; custom_padding=&#8221;|||&#8221; global_colors_info=&#8221;{}&#8221; custom_padding__hover=&#8221;|||&#8221;][et_pb_sidebar area=&#8221;et_pb_widget_area_3&#8243; _builder_version=&#8221;4.16&#8243; z_index_tablet=&#8221;500&#8243; global_colors_info=&#8221;{}&#8221;][\/et_pb_sidebar][\/et_pb_column][\/et_pb_row][\/et_pb_section]<\/p>\n<\/div>","protected":false},"excerpt":{"rendered":"<p>Voici ce que nous savons au sujet de cet article qui a circul\u00e9 tr\u00e8s largement.<\/p>","protected":false},"author":44,"featured_media":48114,"comment_status":"closed","ping_status":"closed","sticky":false,"template":"","format":"standard","meta":{"_et_pb_use_builder":"on","_et_pb_old_content":"","_et_gb_content_width":"","_oasis_is_in_workflow":0,"_oasis_original":0,"_oasis_task_priority":"2normal","_relevanssi_hide_post":"","_relevanssi_hide_content":"","_relevanssi_pin_for_all":"","_relevanssi_pin_keywords":"","_relevanssi_unpin_keywords":"","_relevanssi_related_keywords":"","_relevanssi_related_include_ids":"","_relevanssi_related_exclude_ids":"","_relevanssi_related_no_append":"","_relevanssi_related_not_related":"","_relevanssi_related_posts":"","_relevanssi_noindex_reason":"","inline_featured_image":false,"episode_type":"","audio_file":"","podmotor_file_id":"","podmotor_episode_id":"","cover_image":"","cover_image_id":"","duration":"","filesize":"","filesize_raw":"","date_recorded":"","explicit":"","block":"","itunes_episode_number":"","itunes_title":"","itunes_season_number":"","itunes_episode_type":"","footnotes":""},"categories":[249],"tags":[],"class_list":["post-26574","post","type-post","status-publish","format-standard","has-post-thumbnail","hentry","category-authentifications"],"yoast_head":"<!-- This site is optimized with the Yoast SEO plugin v27.5 - https:\/\/yoast.com\/product\/yoast-seo-wordpress\/ -->\n<title>Mary Baker Eddy a-t-elle \u00e9crit \u00ab La place \u00bb ? - La Biblioth\u00e8que Mary Baker Eddy<\/title>\n<meta name=\"robots\" content=\"index, follow, max-snippet:-1, max-image-preview:large, max-video-preview:-1\" \/>\n<link rel=\"canonical\" href=\"https:\/\/www.marybakereddylibrary.org\/fr\/research\/mary-baker-eddy-a-t-elle-ecrit-la-place\/\" \/>\n<meta property=\"og:locale\" content=\"fr_FR\" \/>\n<meta property=\"og:type\" content=\"article\" \/>\n<meta property=\"og:title\" content=\"Mary Baker Eddy a-t-elle \u00e9crit \u00ab La place \u00bb ? - La Biblioth\u00e8que Mary Baker Eddy\" \/>\n<meta property=\"og:description\" content=\"Voici ce que nous savons au sujet de cet article qui a circul\u00e9 tr\u00e8s largement.\" \/>\n<meta property=\"og:url\" content=\"https:\/\/www.marybakereddylibrary.org\/fr\/research\/mary-baker-eddy-a-t-elle-ecrit-la-place\/\" \/>\n<meta property=\"og:site_name\" content=\"La Biblioth\u00e8que Mary Baker Eddy\" \/>\n<meta property=\"article:publisher\" content=\"https:\/\/www.facebook.com\/mbelibrary\" \/>\n<meta property=\"article:published_time\" content=\"2019-11-20T14:07:17+00:00\" \/>\n<meta property=\"article:modified_time\" content=\"2024-02-15T16:44:21+00:00\" \/>\n<meta property=\"og:image\" content=\"https:\/\/www.marybakereddylibrary.org\/wp-content\/uploads\/2018\/08\/MBE_Papers_blog_graphic_800x500px.jpg\" \/>\n\t<meta property=\"og:image:width\" content=\"800\" \/>\n\t<meta property=\"og:image:height\" content=\"500\" \/>\n\t<meta property=\"og:image:type\" content=\"image\/jpeg\" \/>\n<meta name=\"author\" content=\"The Mary Baker Eddy Library\" \/>\n<meta name=\"twitter:label1\" content=\"\u00c9crit par\" \/>\n\t<meta name=\"twitter:data1\" content=\"The Mary Baker Eddy Library\" \/>\n\t<meta name=\"twitter:label2\" content=\"Dur\u00e9e de lecture estim\u00e9e\" \/>\n\t<meta name=\"twitter:data2\" content=\"2 minutes\" \/>\n<script type=\"application\/ld+json\" class=\"yoast-schema-graph\">{\"@context\":\"https:\\\/\\\/schema.org\",\"@graph\":[{\"@type\":\"Article\",\"@id\":\"https:\\\/\\\/www.marybakereddylibrary.org\\\/fr\\\/research\\\/mary-baker-eddy-a-t-elle-ecrit-la-place\\\/#article\",\"isPartOf\":{\"@id\":\"https:\\\/\\\/www.marybakereddylibrary.org\\\/fr\\\/research\\\/mary-baker-eddy-a-t-elle-ecrit-la-place\\\/\"},\"author\":{\"name\":\"The Mary Baker Eddy Library\",\"@id\":\"https:\\\/\\\/www.marybakereddylibrary.org\\\/fr\\\/#\\\/schema\\\/person\\\/82abfd938c00bb8542667a796d4e449a\"},\"headline\":\"Mary Baker Eddy a-t-elle \u00e9crit \u00ab&nbsp;La place&nbsp;\u00bb ?\",\"datePublished\":\"2019-11-20T14:07:17+00:00\",\"dateModified\":\"2024-02-15T16:44:21+00:00\",\"mainEntityOfPage\":{\"@id\":\"https:\\\/\\\/www.marybakereddylibrary.org\\\/fr\\\/research\\\/mary-baker-eddy-a-t-elle-ecrit-la-place\\\/\"},\"wordCount\":364,\"publisher\":{\"@id\":\"https:\\\/\\\/www.marybakereddylibrary.org\\\/fr\\\/#organization\"},\"image\":{\"@id\":\"https:\\\/\\\/www.marybakereddylibrary.org\\\/fr\\\/research\\\/mary-baker-eddy-a-t-elle-ecrit-la-place\\\/#primaryimage\"},\"thumbnailUrl\":\"https:\\\/\\\/www.marybakereddylibrary.org\\\/wp-content\\\/uploads\\\/2018\\\/08\\\/MBE_Papers_blog_graphic_800x500px.jpg\",\"articleSection\":[\"Authentifications\"],\"inLanguage\":\"fr-FR\"},{\"@type\":\"WebPage\",\"@id\":\"https:\\\/\\\/www.marybakereddylibrary.org\\\/fr\\\/research\\\/mary-baker-eddy-a-t-elle-ecrit-la-place\\\/\",\"url\":\"https:\\\/\\\/www.marybakereddylibrary.org\\\/fr\\\/research\\\/mary-baker-eddy-a-t-elle-ecrit-la-place\\\/\",\"name\":\"Mary Baker Eddy a-t-elle \u00e9crit \u00ab La place \u00bb ? - La Biblioth\u00e8que Mary Baker Eddy\",\"isPartOf\":{\"@id\":\"https:\\\/\\\/www.marybakereddylibrary.org\\\/fr\\\/#website\"},\"primaryImageOfPage\":{\"@id\":\"https:\\\/\\\/www.marybakereddylibrary.org\\\/fr\\\/research\\\/mary-baker-eddy-a-t-elle-ecrit-la-place\\\/#primaryimage\"},\"image\":{\"@id\":\"https:\\\/\\\/www.marybakereddylibrary.org\\\/fr\\\/research\\\/mary-baker-eddy-a-t-elle-ecrit-la-place\\\/#primaryimage\"},\"thumbnailUrl\":\"https:\\\/\\\/www.marybakereddylibrary.org\\\/wp-content\\\/uploads\\\/2018\\\/08\\\/MBE_Papers_blog_graphic_800x500px.jpg\",\"datePublished\":\"2019-11-20T14:07:17+00:00\",\"dateModified\":\"2024-02-15T16:44:21+00:00\",\"breadcrumb\":{\"@id\":\"https:\\\/\\\/www.marybakereddylibrary.org\\\/fr\\\/research\\\/mary-baker-eddy-a-t-elle-ecrit-la-place\\\/#breadcrumb\"},\"inLanguage\":\"fr-FR\",\"potentialAction\":[{\"@type\":\"ReadAction\",\"target\":[\"https:\\\/\\\/www.marybakereddylibrary.org\\\/fr\\\/research\\\/mary-baker-eddy-a-t-elle-ecrit-la-place\\\/\"]}]},{\"@type\":\"ImageObject\",\"inLanguage\":\"fr-FR\",\"@id\":\"https:\\\/\\\/www.marybakereddylibrary.org\\\/fr\\\/research\\\/mary-baker-eddy-a-t-elle-ecrit-la-place\\\/#primaryimage\",\"url\":\"https:\\\/\\\/www.marybakereddylibrary.org\\\/wp-content\\\/uploads\\\/2018\\\/08\\\/MBE_Papers_blog_graphic_800x500px.jpg\",\"contentUrl\":\"https:\\\/\\\/www.marybakereddylibrary.org\\\/wp-content\\\/uploads\\\/2018\\\/08\\\/MBE_Papers_blog_graphic_800x500px.jpg\",\"width\":800,\"height\":500},{\"@type\":\"BreadcrumbList\",\"@id\":\"https:\\\/\\\/www.marybakereddylibrary.org\\\/fr\\\/research\\\/mary-baker-eddy-a-t-elle-ecrit-la-place\\\/#breadcrumb\",\"itemListElement\":[{\"@type\":\"ListItem\",\"position\":1,\"name\":\"Accueil\",\"item\":\"https:\\\/\\\/www.marybakereddylibrary.org\\\/fr\\\/\"},{\"@type\":\"ListItem\",\"position\":2,\"name\":\"Mary Baker Eddy a-t-elle \u00e9crit \u00ab&nbsp;La place&nbsp;\u00bb ?\"}]},{\"@type\":\"WebSite\",\"@id\":\"https:\\\/\\\/www.marybakereddylibrary.org\\\/fr\\\/#website\",\"url\":\"https:\\\/\\\/www.marybakereddylibrary.org\\\/fr\\\/\",\"name\":\"La Biblioth\u00e8que Mary Baker Eddy\",\"description\":\"\",\"publisher\":{\"@id\":\"https:\\\/\\\/www.marybakereddylibrary.org\\\/fr\\\/#organization\"},\"potentialAction\":[{\"@type\":\"SearchAction\",\"target\":{\"@type\":\"EntryPoint\",\"urlTemplate\":\"https:\\\/\\\/www.marybakereddylibrary.org\\\/fr\\\/?s={search_term_string}\"},\"query-input\":{\"@type\":\"PropertyValueSpecification\",\"valueRequired\":true,\"valueName\":\"search_term_string\"}}],\"inLanguage\":\"fr-FR\"},{\"@type\":\"Organization\",\"@id\":\"https:\\\/\\\/www.marybakereddylibrary.org\\\/fr\\\/#organization\",\"name\":\"The Mary Baker Eddy Library\",\"url\":\"https:\\\/\\\/www.marybakereddylibrary.org\\\/fr\\\/\",\"logo\":{\"@type\":\"ImageObject\",\"inLanguage\":\"fr-FR\",\"@id\":\"https:\\\/\\\/www.marybakereddylibrary.org\\\/fr\\\/#\\\/schema\\\/logo\\\/image\\\/\",\"url\":\"https:\\\/\\\/www.marybakereddylibrary.org\\\/wp-content\\\/uploads\\\/2015\\\/03\\\/MBEL_logo_HR.jpg\",\"contentUrl\":\"https:\\\/\\\/www.marybakereddylibrary.org\\\/wp-content\\\/uploads\\\/2015\\\/03\\\/MBEL_logo_HR.jpg\",\"width\":2100,\"height\":2100,\"caption\":\"The Mary Baker Eddy Library\"},\"image\":{\"@id\":\"https:\\\/\\\/www.marybakereddylibrary.org\\\/fr\\\/#\\\/schema\\\/logo\\\/image\\\/\"},\"sameAs\":[\"https:\\\/\\\/www.facebook.com\\\/mbelibrary\",\"https:\\\/\\\/x.com\\\/mbelibrary\",\"https:\\\/\\\/www.instagram.com\\\/mbelibrary\"]},{\"@type\":\"Person\",\"@id\":\"https:\\\/\\\/www.marybakereddylibrary.org\\\/fr\\\/#\\\/schema\\\/person\\\/82abfd938c00bb8542667a796d4e449a\",\"name\":\"The Mary Baker Eddy Library\",\"image\":{\"@type\":\"ImageObject\",\"inLanguage\":\"fr-FR\",\"@id\":\"https:\\\/\\\/secure.gravatar.com\\\/avatar\\\/47a742fb4f6cc6ad0d0564fe6349235105346e31e12bacfbe4c85164ba549b72?s=96&d=mm&r=g\",\"url\":\"https:\\\/\\\/secure.gravatar.com\\\/avatar\\\/47a742fb4f6cc6ad0d0564fe6349235105346e31e12bacfbe4c85164ba549b72?s=96&d=mm&r=g\",\"contentUrl\":\"https:\\\/\\\/secure.gravatar.com\\\/avatar\\\/47a742fb4f6cc6ad0d0564fe6349235105346e31e12bacfbe4c85164ba549b72?s=96&d=mm&r=g\",\"caption\":\"The Mary Baker Eddy Library\"}}]}<\/script>\n<!-- \/ Yoast SEO plugin. -->","yoast_head_json":{"title":"Mary Baker Eddy a-t-elle \u00e9crit \u00ab La place \u00bb ? - La Biblioth\u00e8que Mary Baker Eddy","robots":{"index":"index","follow":"follow","max-snippet":"max-snippet:-1","max-image-preview":"max-image-preview:large","max-video-preview":"max-video-preview:-1"},"canonical":"https:\/\/www.marybakereddylibrary.org\/fr\/research\/mary-baker-eddy-a-t-elle-ecrit-la-place\/","og_locale":"fr_FR","og_type":"article","og_title":"Mary Baker Eddy a-t-elle \u00e9crit \u00ab La place \u00bb ? - La Biblioth\u00e8que Mary Baker Eddy","og_description":"Voici ce que nous savons au sujet de cet article qui a circul\u00e9 tr\u00e8s largement.","og_url":"https:\/\/www.marybakereddylibrary.org\/fr\/research\/mary-baker-eddy-a-t-elle-ecrit-la-place\/","og_site_name":"La Biblioth\u00e8que Mary Baker Eddy","article_publisher":"https:\/\/www.facebook.com\/mbelibrary","article_published_time":"2019-11-20T14:07:17+00:00","article_modified_time":"2024-02-15T16:44:21+00:00","og_image":[{"width":800,"height":500,"url":"https:\/\/www.marybakereddylibrary.org\/wp-content\/uploads\/2018\/08\/MBE_Papers_blog_graphic_800x500px.jpg","type":"image\/jpeg"}],"author":"The Mary Baker Eddy Library","twitter_misc":{"\u00c9crit par":"The Mary Baker Eddy Library","Dur\u00e9e de lecture estim\u00e9e":"2 minutes"},"schema":{"@context":"https:\/\/schema.org","@graph":[{"@type":"Article","@id":"https:\/\/www.marybakereddylibrary.org\/fr\/research\/mary-baker-eddy-a-t-elle-ecrit-la-place\/#article","isPartOf":{"@id":"https:\/\/www.marybakereddylibrary.org\/fr\/research\/mary-baker-eddy-a-t-elle-ecrit-la-place\/"},"author":{"name":"The Mary Baker Eddy Library","@id":"https:\/\/www.marybakereddylibrary.org\/fr\/#\/schema\/person\/82abfd938c00bb8542667a796d4e449a"},"headline":"Mary Baker Eddy a-t-elle \u00e9crit \u00ab&nbsp;La place&nbsp;\u00bb ?","datePublished":"2019-11-20T14:07:17+00:00","dateModified":"2024-02-15T16:44:21+00:00","mainEntityOfPage":{"@id":"https:\/\/www.marybakereddylibrary.org\/fr\/research\/mary-baker-eddy-a-t-elle-ecrit-la-place\/"},"wordCount":364,"publisher":{"@id":"https:\/\/www.marybakereddylibrary.org\/fr\/#organization"},"image":{"@id":"https:\/\/www.marybakereddylibrary.org\/fr\/research\/mary-baker-eddy-a-t-elle-ecrit-la-place\/#primaryimage"},"thumbnailUrl":"https:\/\/www.marybakereddylibrary.org\/wp-content\/uploads\/2018\/08\/MBE_Papers_blog_graphic_800x500px.jpg","articleSection":["Authentifications"],"inLanguage":"fr-FR"},{"@type":"WebPage","@id":"https:\/\/www.marybakereddylibrary.org\/fr\/research\/mary-baker-eddy-a-t-elle-ecrit-la-place\/","url":"https:\/\/www.marybakereddylibrary.org\/fr\/research\/mary-baker-eddy-a-t-elle-ecrit-la-place\/","name":"Mary Baker Eddy a-t-elle \u00e9crit \u00ab La place \u00bb ? - La Biblioth\u00e8que Mary Baker Eddy","isPartOf":{"@id":"https:\/\/www.marybakereddylibrary.org\/fr\/#website"},"primaryImageOfPage":{"@id":"https:\/\/www.marybakereddylibrary.org\/fr\/research\/mary-baker-eddy-a-t-elle-ecrit-la-place\/#primaryimage"},"image":{"@id":"https:\/\/www.marybakereddylibrary.org\/fr\/research\/mary-baker-eddy-a-t-elle-ecrit-la-place\/#primaryimage"},"thumbnailUrl":"https:\/\/www.marybakereddylibrary.org\/wp-content\/uploads\/2018\/08\/MBE_Papers_blog_graphic_800x500px.jpg","datePublished":"2019-11-20T14:07:17+00:00","dateModified":"2024-02-15T16:44:21+00:00","breadcrumb":{"@id":"https:\/\/www.marybakereddylibrary.org\/fr\/research\/mary-baker-eddy-a-t-elle-ecrit-la-place\/#breadcrumb"},"inLanguage":"fr-FR","potentialAction":[{"@type":"ReadAction","target":["https:\/\/www.marybakereddylibrary.org\/fr\/research\/mary-baker-eddy-a-t-elle-ecrit-la-place\/"]}]},{"@type":"ImageObject","inLanguage":"fr-FR","@id":"https:\/\/www.marybakereddylibrary.org\/fr\/research\/mary-baker-eddy-a-t-elle-ecrit-la-place\/#primaryimage","url":"https:\/\/www.marybakereddylibrary.org\/wp-content\/uploads\/2018\/08\/MBE_Papers_blog_graphic_800x500px.jpg","contentUrl":"https:\/\/www.marybakereddylibrary.org\/wp-content\/uploads\/2018\/08\/MBE_Papers_blog_graphic_800x500px.jpg","width":800,"height":500},{"@type":"BreadcrumbList","@id":"https:\/\/www.marybakereddylibrary.org\/fr\/research\/mary-baker-eddy-a-t-elle-ecrit-la-place\/#breadcrumb","itemListElement":[{"@type":"ListItem","position":1,"name":"Accueil","item":"https:\/\/www.marybakereddylibrary.org\/fr\/"},{"@type":"ListItem","position":2,"name":"Mary Baker Eddy a-t-elle \u00e9crit \u00ab&nbsp;La place&nbsp;\u00bb ?"}]},{"@type":"WebSite","@id":"https:\/\/www.marybakereddylibrary.org\/fr\/#website","url":"https:\/\/www.marybakereddylibrary.org\/fr\/","name":"La Biblioth\u00e8que Mary Baker Eddy","description":"","publisher":{"@id":"https:\/\/www.marybakereddylibrary.org\/fr\/#organization"},"potentialAction":[{"@type":"SearchAction","target":{"@type":"EntryPoint","urlTemplate":"https:\/\/www.marybakereddylibrary.org\/fr\/?s={search_term_string}"},"query-input":{"@type":"PropertyValueSpecification","valueRequired":true,"valueName":"search_term_string"}}],"inLanguage":"fr-FR"},{"@type":"Organization","@id":"https:\/\/www.marybakereddylibrary.org\/fr\/#organization","name":"The Mary Baker Eddy Library","url":"https:\/\/www.marybakereddylibrary.org\/fr\/","logo":{"@type":"ImageObject","inLanguage":"fr-FR","@id":"https:\/\/www.marybakereddylibrary.org\/fr\/#\/schema\/logo\/image\/","url":"https:\/\/www.marybakereddylibrary.org\/wp-content\/uploads\/2015\/03\/MBEL_logo_HR.jpg","contentUrl":"https:\/\/www.marybakereddylibrary.org\/wp-content\/uploads\/2015\/03\/MBEL_logo_HR.jpg","width":2100,"height":2100,"caption":"The Mary Baker Eddy Library"},"image":{"@id":"https:\/\/www.marybakereddylibrary.org\/fr\/#\/schema\/logo\/image\/"},"sameAs":["https:\/\/www.facebook.com\/mbelibrary","https:\/\/x.com\/mbelibrary","https:\/\/www.instagram.com\/mbelibrary"]},{"@type":"Person","@id":"https:\/\/www.marybakereddylibrary.org\/fr\/#\/schema\/person\/82abfd938c00bb8542667a796d4e449a","name":"The Mary Baker Eddy Library","image":{"@type":"ImageObject","inLanguage":"fr-FR","@id":"https:\/\/secure.gravatar.com\/avatar\/47a742fb4f6cc6ad0d0564fe6349235105346e31e12bacfbe4c85164ba549b72?s=96&d=mm&r=g","url":"https:\/\/secure.gravatar.com\/avatar\/47a742fb4f6cc6ad0d0564fe6349235105346e31e12bacfbe4c85164ba549b72?s=96&d=mm&r=g","contentUrl":"https:\/\/secure.gravatar.com\/avatar\/47a742fb4f6cc6ad0d0564fe6349235105346e31e12bacfbe4c85164ba549b72?s=96&d=mm&r=g","caption":"The Mary Baker Eddy Library"}}]}},"_links":{"self":[{"href":"https:\/\/www.marybakereddylibrary.org\/fr\/wp-json\/wp\/v2\/posts\/26574","targetHints":{"allow":["GET"]}}],"collection":[{"href":"https:\/\/www.marybakereddylibrary.org\/fr\/wp-json\/wp\/v2\/posts"}],"about":[{"href":"https:\/\/www.marybakereddylibrary.org\/fr\/wp-json\/wp\/v2\/types\/post"}],"author":[{"embeddable":true,"href":"https:\/\/www.marybakereddylibrary.org\/fr\/wp-json\/wp\/v2\/users\/44"}],"replies":[{"embeddable":true,"href":"https:\/\/www.marybakereddylibrary.org\/fr\/wp-json\/wp\/v2\/comments?post=26574"}],"version-history":[{"count":0,"href":"https:\/\/www.marybakereddylibrary.org\/fr\/wp-json\/wp\/v2\/posts\/26574\/revisions"}],"wp:featuredmedia":[{"embeddable":true,"href":"https:\/\/www.marybakereddylibrary.org\/fr\/wp-json\/wp\/v2\/media\/48114"}],"wp:attachment":[{"href":"https:\/\/www.marybakereddylibrary.org\/fr\/wp-json\/wp\/v2\/media?parent=26574"}],"wp:term":[{"taxonomy":"category","embeddable":true,"href":"https:\/\/www.marybakereddylibrary.org\/fr\/wp-json\/wp\/v2\/categories?post=26574"},{"taxonomy":"post_tag","embeddable":true,"href":"https:\/\/www.marybakereddylibrary.org\/fr\/wp-json\/wp\/v2\/tags?post=26574"}],"curies":[{"name":"wp","href":"https:\/\/api.w.org\/{rel}","templated":true}]}}