{"id":43676,"date":"2022-02-07T17:41:37","date_gmt":"2022-02-07T22:41:37","guid":{"rendered":"https:\/\/www.marybakereddylibrary.org\/?p=43676"},"modified":"2022-04-21T13:20:14","modified_gmt":"2022-04-21T17:20:14","slug":"la-visite-de-nelson-mandela-au-siege-du-monitor","status":"publish","type":"post","link":"https:\/\/www.marybakereddylibrary.org\/fr\/research\/la-visite-de-nelson-mandela-au-siege-du-monitor\/","title":{"rendered":"La visite de Nelson Mandela au si\u00e8ge du <em>Monitor<\/em>"},"content":{"rendered":"<div id=\"modal-ready\"><p>[et_pb_section fb_built=&#8221;1&#8243; fullwidth=&#8221;on&#8221; _builder_version=&#8221;3.22&#8243; global_colors_info=&#8221;{}&#8221;][et_pb_fullwidth_post_title author=&#8221;off&#8221; date_format=&#8221;j F Y&#8221; categories=&#8221;off&#8221; comments=&#8221;off&#8221; featured_image=&#8221;off&#8221; _builder_version=&#8221;4.6.6&#8243; z_index_tablet=&#8221;500&#8243; title_text_shadow_horizontal_length_tablet=&#8221;0px&#8221; title_text_shadow_vertical_length_tablet=&#8221;0px&#8221; title_text_shadow_blur_strength_tablet=&#8221;1px&#8221; meta_text_shadow_horizontal_length_tablet=&#8221;0px&#8221; meta_text_shadow_vertical_length_tablet=&#8221;0px&#8221; meta_text_shadow_blur_strength_tablet=&#8221;1px&#8221; box_shadow_horizontal_tablet=&#8221;0px&#8221; box_shadow_vertical_tablet=&#8221;0px&#8221; box_shadow_blur_tablet=&#8221;40px&#8221; box_shadow_spread_tablet=&#8221;0px&#8221; text_shadow_horizontal_length_tablet=&#8221;0px&#8221; text_shadow_vertical_length_tablet=&#8221;0px&#8221; text_shadow_blur_strength_tablet=&#8221;1px&#8221; global_colors_info=&#8221;{}&#8221;][\/et_pb_fullwidth_post_title][\/et_pb_section][et_pb_section fb_built=&#8221;1&#8243; _builder_version=&#8221;3.22&#8243; global_colors_info=&#8221;{}&#8221;][et_pb_row column_structure=&#8221;2_3,1_3&#8243; _builder_version=&#8221;4.9.9&#8243; background_size=&#8221;initial&#8221; background_position=&#8221;top_left&#8221; background_repeat=&#8221;repeat&#8221; global_colors_info=&#8221;{}&#8221;][et_pb_column type=&#8221;2_3&#8243; _builder_version=&#8221;3.0.47&#8243; custom_padding=&#8221;|||&#8221; global_colors_info=&#8221;{}&#8221; custom_padding__hover=&#8221;|||&#8221;][et_pb_image src=&#8221;https:\/\/www.marybakereddylibrary.org\/wp-content\/uploads\/2020\/02\/B49371_Mandela_800x532px.jpg&#8221; alt=&#8221;-&#8221; title_text=&#8221;B49371_Mandela_800x532px&#8221; _builder_version=&#8221;4.9.9&#8243; z_index_tablet=&#8221;500&#8243; box_shadow_horizontal_tablet=&#8221;0px&#8221; box_shadow_vertical_tablet=&#8221;0px&#8221; box_shadow_blur_tablet=&#8221;40px&#8221; box_shadow_spread_tablet=&#8221;0px&#8221; global_colors_info=&#8221;{}&#8221;][\/et_pb_image][et_pb_text admin_label=&#8221;Photo caption&nbsp;%91DON&#8217;T ADD ANY ADDITIONAL FORMATTING!%93&#8243; module_class=&#8221;custom-caption-centered&#8221; _builder_version=&#8221;4.9.9&#8243; _module_preset=&#8221;default&#8221; global_colors_info=&#8221;{}&#8221;]<\/p>\n<p>Nelson Mandela visite la Christian Science Plaza, 24 juin 1990. Peter Main. \u00a9 <em>The Christian Science Monitor<\/em>. Archives de l&#8217;Eglise, bo\u00eete 49371.<\/p>\n<p>[\/et_pb_text][et_pb_text admin_label=&#8221;Text&#8221; _builder_version=&#8221;4.14.7&#8243; hover_enabled=&#8221;0&#8243; z_index_tablet=&#8221;500&#8243; box_shadow_horizontal_tablet=&#8221;0px&#8221; box_shadow_vertical_tablet=&#8221;0px&#8221; box_shadow_blur_tablet=&#8221;40px&#8221; box_shadow_spread_tablet=&#8221;0px&#8221; global_colors_info=&#8221;{}&#8221; sticky_enabled=&#8221;0&#8243;]<\/p>\n<p>Ce dimanche matin du 24 juin 1990 s\u2019annonce tranquille au si\u00e8ge du <em>Christian Science Monitor,<\/em> \u00e0 Boston&#8230; jusqu\u2019\u00e0 ce qu&#8217;arrive une surprise \u00e0 laquelle nul ne s&#8217;attendait. Alors qu\u2019elle se trouve sur la Christian Science Plaza, l\u2019assistante de r\u00e9daction Faye Bowers aper\u00e7oit Nelson Mandela, entour\u00e9 de ses gardes du corps et des personnes qui l&#8217;accompagnent dans sa visite. \u00ab\u00a0Attendez ici\u00a0\u00bb, se souvient-elle lui avoir demand\u00e9.<span id='easy-footnote-1-43676' class='easy-footnote-margin-adjust'><\/span><span class='easy-footnote'><a href='https:\/\/www.marybakereddylibrary.org\/fr\/research\/la-visite-de-nelson-mandela-au-siege-du-monitor\/#easy-footnote-bottom-1-43676' title='\u00ab\u00a0Monitor writers celebrate \u201cunique\u201d moments\u00a0\u00bb [Les journalistes du Monitor c\u00e9l\u00e8brent des moments \u00ab\u00a0uniques\u00a0\u00bb], &lt;em&gt;The Christian Science Monitor,&lt;\/em&gt; 26 mars 2009, &lt;a href=&quot;https:\/\/www.csmonitor.com\/The-Culture\/2009\/0326\/monitor-writers-celebrate-unique-moments&quot; target=&quot;_blank&quot; rel=&quot;noopener noreferrer&quot;&gt;https:\/\/www.csmonitor.com\/The-Culture\/2009\/0326\/monitor-writers-celebrate-unique-moments&lt;\/a&gt;.'><sup>1<\/sup><\/a><\/span><\/p>\n<p>Mandela a \u00e9t\u00e9 lib\u00e9r\u00e9 de prison tout r\u00e9cemment, le 11 f\u00e9vrier.<span id='easy-footnote-2-43676' class='easy-footnote-margin-adjust'><\/span><span class='easy-footnote'><a href='https:\/\/www.marybakereddylibrary.org\/fr\/research\/la-visite-de-nelson-mandela-au-siege-du-monitor\/#easy-footnote-bottom-2-43676' title='John Battersby, \u00ab\u00a0Mandela Release: Watershed for South Africa\u00a0\u00bb [Lib\u00e9ration de Mandela\u00a0: un tournant pour l\u2019Afrique du Sud], &lt;em&gt;The Christian Science Monitor,&lt;\/em&gt; 12 f\u00e9vrier 1990, 1.'><sup>2<\/sup><\/a><\/span> Peu de temps apr\u00e8s, il commence une tourn\u00e9e mondiale afin de collecter des fonds pour son pays, pr\u00e9voyant un s\u00e9jour de douze jours dans huit villes am\u00e9ricaines, dont Boston. Le samedi 23 juin est marqu\u00e9 par un concert et un rassemblement, pendant six heures, en pr\u00e9sence du s\u00e9nateur Edward M. Kennedy, sur l\u2019esplanade de la Charles River, dans Boston.<span id='easy-footnote-3-43676' class='easy-footnote-margin-adjust'><\/span><span class='easy-footnote'><a href='https:\/\/www.marybakereddylibrary.org\/fr\/research\/la-visite-de-nelson-mandela-au-siege-du-monitor\/#easy-footnote-bottom-3-43676' title='John Kifner, \u00ab&nbsp;The Mandela Visit; Education Is Mighty Force, Boston Teen-Agers Are Told&nbsp;\u00bb [Visite de Mandela&nbsp;: L\u2019\u00e9ducation est une force puissante, message aux adolescents de Boston], &lt;em&gt;The New York Times,&lt;\/em&gt; 24 juin 1990, 21\u00a0; Catherine Foster, \u00ab\u00a0A Rousing Party for African Hero\u00a0\u00bb [Une joyeuse f\u00eate en l\u2019honneur d\u2019un h\u00e9ros africain], &lt;em&gt;The Christian Science Monitor,&lt;\/em&gt; 25 juin 1990, 18.'><sup>3<\/sup><\/a><\/span> Le lendemain matin, il longe le miroir d\u2019eau de La Premi\u00e8re Eglise du Christ, Scientiste (L\u2019Eglise M\u00e8re).<span id='easy-footnote-4-43676' class='easy-footnote-margin-adjust'><\/span><span class='easy-footnote'><a href='https:\/\/www.marybakereddylibrary.org\/fr\/research\/la-visite-de-nelson-mandela-au-siege-du-monitor\/#easy-footnote-bottom-4-43676' title='\u00ab\u00a0Monitor writers celebrate \u201cunique\u201d moments\u00a0\u00bb.'><sup>4<\/sup><\/a><\/span><\/p>\n<p><img loading=\"lazy\" decoding=\"async\" class=\"size-full wp-image-27549 aligncenter\" src=\"https:\/\/www.marybakereddylibrary.org\/wp-content\/uploads\/2020\/02\/B49371_Mandela_03_Zoom-out_800x500px.jpg\" alt=\"Nelson Mandela addresses a group of reporters at The Christian Science Monitor\" width=\"800\" height=\"500\" srcset=\"https:\/\/www.marybakereddylibrary.org\/wp-content\/uploads\/2020\/02\/B49371_Mandela_03_Zoom-out_800x500px.jpg 800w, https:\/\/www.marybakereddylibrary.org\/wp-content\/uploads\/2020\/02\/B49371_Mandela_03_Zoom-out_800x500px-480x300.jpg 480w\" sizes=\"(min-width: 0px) and (max-width: 480px) 480px, (min-width: 481px) 800px, 100vw\" \/><\/p>\n<p class=\"custom-caption-centered\">Nelson Mandela s\u2019adresse \u00e0 un groupe de journalistes et de collaborateurs du <em>Christian Science Monitor,<\/em>\u00a024 juin 1990. Peter Main. \u00a9 <em>The Christian Science Monitor<\/em>. Archives de l\u2019Eglise, bo\u00eete 49371.<\/p>\n<p>Faye Bowers court alerter ses coll\u00e8gues du <em>Monitor,<\/em> et le r\u00e9dacteur en chef Richard Cattani s\u2019empresse de rejoindre Mandela.<span id='easy-footnote-5-43676' class='easy-footnote-margin-adjust'><\/span><span class='easy-footnote'><a href='https:\/\/www.marybakereddylibrary.org\/fr\/research\/la-visite-de-nelson-mandela-au-siege-du-monitor\/#easy-footnote-bottom-5-43676' title='&lt;em&gt;Ibid&lt;\/em&gt;.'><sup>5<\/sup><\/a><\/span> Il accompagne le futur pr\u00e9sident de l\u2019Afrique du Sud dans sa visite de L\u2019Eglise M\u00e8re\u00a0; il est encore t\u00f4t, le service religieux du dimanche matin n\u2019a pas encore commenc\u00e9. Il offre \u00e9galement \u00e0 Mandela un exemplaire de <em>Science et Sant\u00e9 avec la Clef des Ecritures <\/em>de Mary Baker Eddy.<\/p>\n<div id=\"attachment_27554\" style=\"width: 310px\" class=\"wp-caption alignright\"><img loading=\"lazy\" decoding=\"async\" aria-describedby=\"caption-attachment-27554\" class=\"size-full wp-image-27554\" src=\"https:\/\/www.marybakereddylibrary.org\/wp-content\/uploads\/2020\/02\/B543656-F521097-Mandela-03_300x439px.jpg\" alt=\"Nelson Mandela walking alongside the reflecting pool on the Christian Science Plaza\" width=\"300\" height=\"439\" srcset=\"https:\/\/www.marybakereddylibrary.org\/wp-content\/uploads\/2020\/02\/B543656-F521097-Mandela-03_300x439px.jpg 300w, https:\/\/www.marybakereddylibrary.org\/wp-content\/uploads\/2020\/02\/B543656-F521097-Mandela-03_300x439px-205x300.jpg 205w\" sizes=\"(max-width: 300px) 100vw, 300px\" \/><p id=\"caption-attachment-27554\" class=\"wp-caption-text\">Nelson Mandela longe le miroir d\u2019eau sur la Christian Science Plaza \u00e0 Boston, 24 juin 1990. Peter Main. \u00a9 <em>The Christian Science Monitor<\/em>. Archives de l\u2019Eglise, bo\u00eete 543656, dossier 521097.<\/p><\/div>\n<p>Mandela parle aux gens du <em>Monitor,<\/em> leur serre la main et les remercie pour leur travail. \u00ab&nbsp;C\u2019\u00e9tait un moment vraiment sp\u00e9cial&nbsp;\u00bb, d\u00e9clarera Richard Cattani par la suite. \u00ab&nbsp;Nous avions le sentiment de poursuivre une m\u00eame mission, un m\u00eame objectif.&nbsp;\u00bb<span id='easy-footnote-6-43676' class='easy-footnote-margin-adjust'><\/span><span class='easy-footnote'><a href='https:\/\/www.marybakereddylibrary.org\/fr\/research\/la-visite-de-nelson-mandela-au-siege-du-monitor\/#easy-footnote-bottom-6-43676' title='\u00ab&nbsp;Nelson Mandela Visits Home of the Monitor&nbsp;\u00bb [Nelson Mandela visite le si\u00e8ge du Monitor], &lt;em&gt;Monitor Month,&lt;\/em&gt; juillet 1990, 1.'><sup>6<\/sup><\/a><\/span><\/p>\n<p>Ce jour-l\u00e0, le phototographe du <em>Monitor<\/em> Peter Main prend des dizaines de photos, en couleur et en noir et blanc. Elles sont conserv\u00e9es dans les archives de la Biblioth\u00e8que.<\/p>\n<p>Mandela a \u00e9t\u00e9 une figure marquante dans la lutte anti-apartheid pour l&#8217;\u00e9galit\u00e9 raciale en Afrique du Sud. Trente ans plus t\u00f4t, en mars 1960, la police blanche sud-africaine avait ouvert le feu sur des milliers de manifestants noirs dans le township de Sharpeville, faisant 69 morts et plus de 200 bless\u00e9s.<span id='easy-footnote-7-43676' class='easy-footnote-margin-adjust'><\/span><span class='easy-footnote'><a href='https:\/\/www.marybakereddylibrary.org\/fr\/research\/la-visite-de-nelson-mandela-au-siege-du-monitor\/#easy-footnote-bottom-7-43676' title='Nancy L. Clark et William H. Worger, &lt;em&gt;South Africa: The Rise and fall of apartheid&lt;\/em&gt; [Afrique du Sud\u00a0: La mont\u00e9e et la chute de l\u2019apartheid], 3&lt;sup&gt;e&lt;\/sup&gt; \u00e9d. (New York: Routledge, 2016), 65.'><sup>7<\/sup><\/a><\/span> De nombreuses manifestations avaient suivi le massacre de Sharpeville. Le gouvernement sud-africain blanc avait alors interdit les partis sud-africains noirs, dont le Congr\u00e8s national africain (ANC), et avait harcel\u00e9 ou emprisonn\u00e9 leurs dirigeants.<span id='easy-footnote-8-43676' class='easy-footnote-margin-adjust'><\/span><span class='easy-footnote'><a href='https:\/\/www.marybakereddylibrary.org\/fr\/research\/la-visite-de-nelson-mandela-au-siege-du-monitor\/#easy-footnote-bottom-8-43676' title='A. Levine et J. J. Stremalud, &lt;em&gt;International Encyclopedia of the Social &amp;amp; Behavioral Sciences&lt;\/em&gt; [Encyclop\u00e9die internationale des Sciences sociales et comportementales], \u00ab\u00a0Apartheid\u00a0\u00bb (Amsterdam; New York&nbsp;: Elsevier, 2001), 577.'><sup>8<\/sup><\/a><\/span> Selon Robert E. White, collaborateur du <em>Monitor,<\/em> \u00ab\u00a0Sharpeville a convaincu les dirigeants de l&#8217;ANC que la lutte arm\u00e9e doit accompagner et renforcer les manifestations pacifiques. La branche militaire de l\u2019ANC, appel\u00e9e \u201cFer de lance de la nation\u201d, se lance dans des attaques punitives contre des cibles comme les postes de police et les lignes \u00e9lectriques.\u00a0\u00bb<span id='easy-footnote-9-43676' class='easy-footnote-margin-adjust'><\/span><span class='easy-footnote'><a href='https:\/\/www.marybakereddylibrary.org\/fr\/research\/la-visite-de-nelson-mandela-au-siege-du-monitor\/#easy-footnote-bottom-9-43676' title='Robert E. White, \u00ab\u00a0South Africa: adding bite to US bark\u00a0\u00bb [Afrique du Sud\u00a0: Un peu plus de mordant dans l&amp;#8217;attitude am\u00e9ricaine], &lt;em&gt;The Christian Science Monitor,&lt;\/em&gt; 30 d\u00e9cembre 1985, 12.'><sup>9<\/sup><\/a><\/span><\/p>\n<p>L\u2019implication de Mandela dans l\u2019action de l\u2019ANC et de son bras arm\u00e9 conduisent \u00e0 son arrestation en 1962.<span id='easy-footnote-10-43676' class='easy-footnote-margin-adjust'><\/span><span class='easy-footnote'><a href='https:\/\/www.marybakereddylibrary.org\/fr\/research\/la-visite-de-nelson-mandela-au-siege-du-monitor\/#easy-footnote-bottom-10-43676' title='\u00ab\u00a0Nelson Mandela: CIA tip-off led to 1962 Durban arrest\u00a0\u00bb [Nelson Mandela\u00a0: Une information de la CIA conduit \u00e0 son arrestation \u00e0 Durban, en 1962], &lt;em&gt;BBC Africa,&lt;\/em&gt; 15 mai 2016, &lt;a href=&quot;https:\/\/www.bbc.com\/news\/world-africa-36296551&quot; target=&quot;_blank&quot; rel=&quot;noopener noreferrer&quot;&gt;https:\/\/www.bbc.com\/news\/world-africa-36296551&lt;\/a&gt;.'><sup>10<\/sup><\/a><\/span> Il est emprisonn\u00e9 pendant 27 ans.<\/p>\n<div id=\"attachment_27559\" style=\"width: 310px\" class=\"wp-caption alignright\"><img loading=\"lazy\" decoding=\"async\" aria-describedby=\"caption-attachment-27559\" class=\"size-full wp-image-27559\" src=\"https:\/\/www.marybakereddylibrary.org\/wp-content\/uploads\/2020\/02\/B543656-F521097-Mandela-04_300x436px.jpg\" alt=\"Nelson Mandela and Richard Cattani\" width=\"300\" height=\"436\" srcset=\"https:\/\/www.marybakereddylibrary.org\/wp-content\/uploads\/2020\/02\/B543656-F521097-Mandela-04_300x436px.jpg 300w, https:\/\/www.marybakereddylibrary.org\/wp-content\/uploads\/2020\/02\/B543656-F521097-Mandela-04_300x436px-206x300.jpg 206w\" sizes=\"(max-width: 300px) 100vw, 300px\" \/><p id=\"caption-attachment-27559\" class=\"wp-caption-text\">Nelson Mandela et Richard Cattani (r\u00e9dacteur en chef du <em>Christian Science Monitor<\/em>), 24 juin 1990. Peter Main. \u00a9 <em>The Christian Science Monitor<\/em>. Archives de l\u2019Eglise, Bo\u00eete 543656, Dossier 521097.<\/p><\/div>\n<p>Qu\u2019est-ce qui a incit\u00e9 Mandela \u00e0 faire cette visite impr\u00e9vue\u00a0? Selon un <a href=\"\/wp-content\/uploads\/2020\/02\/Monitor-Month-Newsletter_July-1990.pdf\" rel=\"noopener noreferrer\"> bulletin du <em>Monitor,<\/em><\/a> il aurait d\u00e9clar\u00e9 ceci&nbsp;: \u00ab&nbsp;Il fallait que je vois l\u2019int\u00e9rieur de l\u2019Eglise qui a eu un tel impact sur le peuple d\u2019Afrique noire.&nbsp;\u00bb Durant sa conversation avec les journalistes du <em>Monitor,<\/em> il aurait dit de ce journal qu\u2019il repr\u00e9sente \u00ab&nbsp;l\u2019une des plus importantes voix couvrant les \u00e9v\u00e9nement en Afrique du Sud&nbsp;\u00bb, et \u00ab&nbsp;il aurait expliqu\u00e9 que c\u2019est l\u2019une des publications qu\u2019il avait pu lire en prison&nbsp;\u00bb. Il s\u2019est \u00e9galement montr\u00e9 \u00ab&nbsp;reconnaissant de l\u2019impartialit\u00e9 et de l\u2019honn\u00eatet\u00e9 du journal&nbsp;\u00bb et \u00ab&nbsp;il a d\u00e9clar\u00e9 en substance que le <em>Monitor<\/em> offre le genre de couverture qui \u00e9l\u00e8ve l&#8217;esprit, et apporte aux gens une vision du monde qui leur donne des raisons d&#8217;esp\u00e9rer&nbsp;\u00bb.<span id='easy-footnote-11-43676' class='easy-footnote-margin-adjust'><\/span><span class='easy-footnote'><a href='https:\/\/www.marybakereddylibrary.org\/fr\/research\/la-visite-de-nelson-mandela-au-siege-du-monitor\/#easy-footnote-bottom-11-43676' title='\u00ab&nbsp;Nelson Mandela Visits Home of the Monitor&nbsp;\u00bb, &lt;em&gt;Monitor Month,&lt;\/em&gt; juillet 1990, 1.'><sup>11<\/sup><\/a><\/span> \u00ab\u00a0J\u2019ai beaucoup lu le <em>Christian Science Monitor<\/em> durant mes 27 ann\u00e9es de captivit\u00e9\u00a0\u00bb, leur a-t-il dit. \u00ab&nbsp;Ce journal continue de me donner espoir et confiance dans l\u2019avenir du monde.&nbsp;\u00bb<span id='easy-footnote-12-43676' class='easy-footnote-margin-adjust'><\/span><span class='easy-footnote'><a href='https:\/\/www.marybakereddylibrary.org\/fr\/research\/la-visite-de-nelson-mandela-au-siege-du-monitor\/#easy-footnote-bottom-12-43676' title='John Yemma, \u00ab&nbsp;Nelson Mandela at the Monitor: A memorable visitor on a quiet Sunday&nbsp;\u00bb [Nelson Mandela au Monitor&nbsp;: Une visite m\u00e9morable lors d\u2019un dimanche tranquille], &lt;em&gt;The Christian Science Monitor,&lt;\/em&gt; 6 d\u00e9cembre 2013.'><sup>12<\/sup><\/a><\/span><\/p>\n<p>Quand Mandela meurt en 2013, Faye Bowers se souvient de sa visite&nbsp;: \u00ab&nbsp;Quel homme merveilleux, courageux, bienveillant, humble&nbsp;; il a su d\u00e9fendre ses convictions et a eu une grande influence dans le monde&nbsp;! Je suis heureuse de l&#8217;avoir vu de pr\u00e8s, heureuse qu\u2019il soit venu \u00e0 Boston.&nbsp;\u00bb<span id='easy-footnote-13-43676' class='easy-footnote-margin-adjust'><\/span><span class='easy-footnote'><a href='https:\/\/www.marybakereddylibrary.org\/fr\/research\/la-visite-de-nelson-mandela-au-siege-du-monitor\/#easy-footnote-bottom-13-43676' title='Alia Malek, \u00ab&nbsp;If you were there, you remember Mandela\u2019s 1990 tour of the US&nbsp;\u00bb [Si vous \u00e9tiez l\u00e0, vous vous souvenez de la tourn\u00e9e am\u00e9ricaine de Mandela en 1990], &lt;em&gt;Aljazeera America,&lt;\/em&gt; 12 d\u00e9cembre 2013.'><sup>13<\/sup><\/a><\/span> Les photographies de sa visite, ainsi que les r\u00e9cits des journalistes du <em>Monitor,<\/em> jettent un \u00e9clairage int\u00e9ressant sur un personnage cl\u00e9 de l&#8217;histoire du 20<sup>e<\/sup> si\u00e8cle.<\/p>\n<hr \/>\n<p><em>Ce blog est aussi disponible sur nos sites en <\/em><em><a href=\"https:\/\/www.marybakereddylibrary.org\/de\/research\/nelson-mandela-besucht-den-monitor\/\"><strong>allemand<\/strong><\/a><\/em><em>, <\/em><em><a href=\"https:\/\/www.marybakereddylibrary.org\/research\/from-the-collections-mandela-visits-the-monitor\/\"><strong>anglais<\/strong><\/a><\/em><em>, <\/em><em><a href=\"https:\/\/www.marybakereddylibrary.org\/es\/research\/nelson-mandela-visita-el-monitor\/\"><strong>espagnol<\/strong><\/a><\/em><em> et <\/em><em><a href=\"https:\/\/www.marybakereddylibrary.org\/pt-br\/research\/nelson-mandela-visita-o-monitor\/\"><strong>portugais<\/strong><\/a><\/em><em>.<\/em><\/p>\n<p>[\/et_pb_text][\/et_pb_column][et_pb_column type=&#8221;1_3&#8243; _builder_version=&#8221;3.0.47&#8243; custom_padding=&#8221;|||&#8221; global_colors_info=&#8221;{}&#8221; custom_padding__hover=&#8221;|||&#8221;][et_pb_sidebar orientation=&#8221;right&#8221; area=&#8221;sidebar-1&#8243; _builder_version=&#8221;3.29.3&#8243; global_colors_info=&#8221;{}&#8221;][\/et_pb_sidebar][\/et_pb_column][\/et_pb_row][\/et_pb_section]<\/p>\n<\/div>","protected":false},"excerpt":{"rendered":"<p>D\u00e9couvrez des photographies d\u2019archive qui ravivent des souvenirs datant de 1990.<\/p>","protected":false},"author":44,"featured_media":27545,"comment_status":"closed","ping_status":"closed","sticky":false,"template":"","format":"standard","meta":{"_et_pb_use_builder":"on","_et_pb_old_content":"","_et_gb_content_width":"","_oasis_is_in_workflow":0,"_oasis_original":0,"_oasis_task_priority":"2normal","_relevanssi_hide_post":"","_relevanssi_hide_content":"","_relevanssi_pin_for_all":"","_relevanssi_pin_keywords":"","_relevanssi_unpin_keywords":"","_relevanssi_related_keywords":"","_relevanssi_related_include_ids":"","_relevanssi_related_exclude_ids":"","_relevanssi_related_no_append":"","_relevanssi_related_not_related":"","_relevanssi_related_posts":"","_relevanssi_noindex_reason":"","inline_featured_image":false,"episode_type":"","audio_file":"","podmotor_file_id":"","podmotor_episode_id":"","cover_image":"","cover_image_id":"","duration":"","filesize":"","filesize_raw":"","date_recorded":"","explicit":"","block":"","itunes_episode_number":"","itunes_title":"","itunes_season_number":"","itunes_episode_type":"","footnotes":""},"categories":[109],"tags":[],"class_list":["post-43676","post","type-post","status-publish","format-standard","has-post-thumbnail","hentry","category-tire-de-nos-collections"],"yoast_head":"<!-- This site is optimized with the Yoast SEO plugin v27.4 - https:\/\/yoast.com\/product\/yoast-seo-wordpress\/ -->\n<title>La visite de Nelson Mandela au si\u00e8ge du Monitor - La Biblioth\u00e8que Mary Baker Eddy<\/title>\n<meta name=\"robots\" content=\"index, follow, max-snippet:-1, max-image-preview:large, max-video-preview:-1\" \/>\n<link rel=\"canonical\" href=\"https:\/\/www.marybakereddylibrary.org\/fr\/research\/la-visite-de-nelson-mandela-au-siege-du-monitor\/\" \/>\n<meta property=\"og:locale\" content=\"fr_FR\" \/>\n<meta property=\"og:type\" content=\"article\" \/>\n<meta property=\"og:title\" content=\"La visite de Nelson Mandela au si\u00e8ge du Monitor - La Biblioth\u00e8que Mary Baker Eddy\" \/>\n<meta property=\"og:description\" content=\"D\u00e9couvrez des photographies d\u2019archive qui ravivent des souvenirs datant de 1990.\" \/>\n<meta property=\"og:url\" content=\"https:\/\/www.marybakereddylibrary.org\/fr\/research\/la-visite-de-nelson-mandela-au-siege-du-monitor\/\" \/>\n<meta property=\"og:site_name\" content=\"La Biblioth\u00e8que Mary Baker Eddy\" \/>\n<meta property=\"article:publisher\" content=\"https:\/\/www.facebook.com\/mbelibrary\" \/>\n<meta property=\"article:published_time\" content=\"2022-02-07T22:41:37+00:00\" \/>\n<meta property=\"article:modified_time\" content=\"2022-04-21T17:20:14+00:00\" \/>\n<meta property=\"og:image\" content=\"https:\/\/www.marybakereddylibrary.org\/wp-content\/uploads\/2020\/02\/B49371_Mandela_800x532px.jpg\" \/>\n\t<meta property=\"og:image:width\" content=\"800\" \/>\n\t<meta property=\"og:image:height\" content=\"532\" \/>\n\t<meta property=\"og:image:type\" content=\"image\/jpeg\" \/>\n<meta name=\"author\" content=\"The Mary Baker Eddy Library\" \/>\n<meta name=\"twitter:label1\" content=\"\u00c9crit par\" \/>\n\t<meta name=\"twitter:data1\" content=\"The Mary Baker Eddy Library\" \/>\n\t<meta name=\"twitter:label2\" content=\"Dur\u00e9e de lecture estim\u00e9e\" \/>\n\t<meta name=\"twitter:data2\" content=\"6 minutes\" \/>\n<script type=\"application\/ld+json\" class=\"yoast-schema-graph\">{\"@context\":\"https:\\\/\\\/schema.org\",\"@graph\":[{\"@type\":\"Article\",\"@id\":\"https:\\\/\\\/www.marybakereddylibrary.org\\\/fr\\\/research\\\/la-visite-de-nelson-mandela-au-siege-du-monitor\\\/#article\",\"isPartOf\":{\"@id\":\"https:\\\/\\\/www.marybakereddylibrary.org\\\/fr\\\/research\\\/la-visite-de-nelson-mandela-au-siege-du-monitor\\\/\"},\"author\":{\"name\":\"The Mary Baker Eddy Library\",\"@id\":\"https:\\\/\\\/www.marybakereddylibrary.org\\\/fr\\\/#\\\/schema\\\/person\\\/82abfd938c00bb8542667a796d4e449a\"},\"headline\":\"La visite de Nelson Mandela au si\u00e8ge du Monitor\",\"datePublished\":\"2022-02-07T22:41:37+00:00\",\"dateModified\":\"2022-04-21T17:20:14+00:00\",\"mainEntityOfPage\":{\"@id\":\"https:\\\/\\\/www.marybakereddylibrary.org\\\/fr\\\/research\\\/la-visite-de-nelson-mandela-au-siege-du-monitor\\\/\"},\"wordCount\":1560,\"publisher\":{\"@id\":\"https:\\\/\\\/www.marybakereddylibrary.org\\\/fr\\\/#organization\"},\"image\":{\"@id\":\"https:\\\/\\\/www.marybakereddylibrary.org\\\/fr\\\/research\\\/la-visite-de-nelson-mandela-au-siege-du-monitor\\\/#primaryimage\"},\"thumbnailUrl\":\"https:\\\/\\\/www.marybakereddylibrary.org\\\/wp-content\\\/uploads\\\/2020\\\/02\\\/B49371_Mandela_800x532px.jpg\",\"articleSection\":[\"Tir\u00e9 de nos collections\"],\"inLanguage\":\"fr-FR\"},{\"@type\":\"WebPage\",\"@id\":\"https:\\\/\\\/www.marybakereddylibrary.org\\\/fr\\\/research\\\/la-visite-de-nelson-mandela-au-siege-du-monitor\\\/\",\"url\":\"https:\\\/\\\/www.marybakereddylibrary.org\\\/fr\\\/research\\\/la-visite-de-nelson-mandela-au-siege-du-monitor\\\/\",\"name\":\"La visite de Nelson Mandela au si\u00e8ge du Monitor - La Biblioth\u00e8que Mary Baker Eddy\",\"isPartOf\":{\"@id\":\"https:\\\/\\\/www.marybakereddylibrary.org\\\/fr\\\/#website\"},\"primaryImageOfPage\":{\"@id\":\"https:\\\/\\\/www.marybakereddylibrary.org\\\/fr\\\/research\\\/la-visite-de-nelson-mandela-au-siege-du-monitor\\\/#primaryimage\"},\"image\":{\"@id\":\"https:\\\/\\\/www.marybakereddylibrary.org\\\/fr\\\/research\\\/la-visite-de-nelson-mandela-au-siege-du-monitor\\\/#primaryimage\"},\"thumbnailUrl\":\"https:\\\/\\\/www.marybakereddylibrary.org\\\/wp-content\\\/uploads\\\/2020\\\/02\\\/B49371_Mandela_800x532px.jpg\",\"datePublished\":\"2022-02-07T22:41:37+00:00\",\"dateModified\":\"2022-04-21T17:20:14+00:00\",\"breadcrumb\":{\"@id\":\"https:\\\/\\\/www.marybakereddylibrary.org\\\/fr\\\/research\\\/la-visite-de-nelson-mandela-au-siege-du-monitor\\\/#breadcrumb\"},\"inLanguage\":\"fr-FR\",\"potentialAction\":[{\"@type\":\"ReadAction\",\"target\":[\"https:\\\/\\\/www.marybakereddylibrary.org\\\/fr\\\/research\\\/la-visite-de-nelson-mandela-au-siege-du-monitor\\\/\"]}]},{\"@type\":\"ImageObject\",\"inLanguage\":\"fr-FR\",\"@id\":\"https:\\\/\\\/www.marybakereddylibrary.org\\\/fr\\\/research\\\/la-visite-de-nelson-mandela-au-siege-du-monitor\\\/#primaryimage\",\"url\":\"https:\\\/\\\/www.marybakereddylibrary.org\\\/wp-content\\\/uploads\\\/2020\\\/02\\\/B49371_Mandela_800x532px.jpg\",\"contentUrl\":\"https:\\\/\\\/www.marybakereddylibrary.org\\\/wp-content\\\/uploads\\\/2020\\\/02\\\/B49371_Mandela_800x532px.jpg\",\"width\":800,\"height\":532,\"caption\":\"-\"},{\"@type\":\"BreadcrumbList\",\"@id\":\"https:\\\/\\\/www.marybakereddylibrary.org\\\/fr\\\/research\\\/la-visite-de-nelson-mandela-au-siege-du-monitor\\\/#breadcrumb\",\"itemListElement\":[{\"@type\":\"ListItem\",\"position\":1,\"name\":\"Accueil\",\"item\":\"https:\\\/\\\/www.marybakereddylibrary.org\\\/fr\\\/\"},{\"@type\":\"ListItem\",\"position\":2,\"name\":\"La visite de Nelson Mandela au si\u00e8ge du Monitor\"}]},{\"@type\":\"WebSite\",\"@id\":\"https:\\\/\\\/www.marybakereddylibrary.org\\\/fr\\\/#website\",\"url\":\"https:\\\/\\\/www.marybakereddylibrary.org\\\/fr\\\/\",\"name\":\"La Biblioth\u00e8que Mary Baker Eddy\",\"description\":\"\",\"publisher\":{\"@id\":\"https:\\\/\\\/www.marybakereddylibrary.org\\\/fr\\\/#organization\"},\"potentialAction\":[{\"@type\":\"SearchAction\",\"target\":{\"@type\":\"EntryPoint\",\"urlTemplate\":\"https:\\\/\\\/www.marybakereddylibrary.org\\\/fr\\\/?s={search_term_string}\"},\"query-input\":{\"@type\":\"PropertyValueSpecification\",\"valueRequired\":true,\"valueName\":\"search_term_string\"}}],\"inLanguage\":\"fr-FR\"},{\"@type\":\"Organization\",\"@id\":\"https:\\\/\\\/www.marybakereddylibrary.org\\\/fr\\\/#organization\",\"name\":\"The Mary Baker Eddy Library\",\"url\":\"https:\\\/\\\/www.marybakereddylibrary.org\\\/fr\\\/\",\"logo\":{\"@type\":\"ImageObject\",\"inLanguage\":\"fr-FR\",\"@id\":\"https:\\\/\\\/www.marybakereddylibrary.org\\\/fr\\\/#\\\/schema\\\/logo\\\/image\\\/\",\"url\":\"https:\\\/\\\/www.marybakereddylibrary.org\\\/wp-content\\\/uploads\\\/2015\\\/03\\\/MBEL_logo_HR.jpg\",\"contentUrl\":\"https:\\\/\\\/www.marybakereddylibrary.org\\\/wp-content\\\/uploads\\\/2015\\\/03\\\/MBEL_logo_HR.jpg\",\"width\":2100,\"height\":2100,\"caption\":\"The Mary Baker Eddy Library\"},\"image\":{\"@id\":\"https:\\\/\\\/www.marybakereddylibrary.org\\\/fr\\\/#\\\/schema\\\/logo\\\/image\\\/\"},\"sameAs\":[\"https:\\\/\\\/www.facebook.com\\\/mbelibrary\",\"https:\\\/\\\/x.com\\\/mbelibrary\",\"https:\\\/\\\/www.instagram.com\\\/mbelibrary\"]},{\"@type\":\"Person\",\"@id\":\"https:\\\/\\\/www.marybakereddylibrary.org\\\/fr\\\/#\\\/schema\\\/person\\\/82abfd938c00bb8542667a796d4e449a\",\"name\":\"The Mary Baker Eddy Library\",\"image\":{\"@type\":\"ImageObject\",\"inLanguage\":\"fr-FR\",\"@id\":\"https:\\\/\\\/secure.gravatar.com\\\/avatar\\\/47a742fb4f6cc6ad0d0564fe6349235105346e31e12bacfbe4c85164ba549b72?s=96&d=mm&r=g\",\"url\":\"https:\\\/\\\/secure.gravatar.com\\\/avatar\\\/47a742fb4f6cc6ad0d0564fe6349235105346e31e12bacfbe4c85164ba549b72?s=96&d=mm&r=g\",\"contentUrl\":\"https:\\\/\\\/secure.gravatar.com\\\/avatar\\\/47a742fb4f6cc6ad0d0564fe6349235105346e31e12bacfbe4c85164ba549b72?s=96&d=mm&r=g\",\"caption\":\"The Mary Baker Eddy Library\"}}]}<\/script>\n<!-- \/ Yoast SEO plugin. -->","yoast_head_json":{"title":"La visite de Nelson Mandela au si\u00e8ge du Monitor - La Biblioth\u00e8que Mary Baker Eddy","robots":{"index":"index","follow":"follow","max-snippet":"max-snippet:-1","max-image-preview":"max-image-preview:large","max-video-preview":"max-video-preview:-1"},"canonical":"https:\/\/www.marybakereddylibrary.org\/fr\/research\/la-visite-de-nelson-mandela-au-siege-du-monitor\/","og_locale":"fr_FR","og_type":"article","og_title":"La visite de Nelson Mandela au si\u00e8ge du Monitor - La Biblioth\u00e8que Mary Baker Eddy","og_description":"D\u00e9couvrez des photographies d\u2019archive qui ravivent des souvenirs datant de 1990.","og_url":"https:\/\/www.marybakereddylibrary.org\/fr\/research\/la-visite-de-nelson-mandela-au-siege-du-monitor\/","og_site_name":"La Biblioth\u00e8que Mary Baker Eddy","article_publisher":"https:\/\/www.facebook.com\/mbelibrary","article_published_time":"2022-02-07T22:41:37+00:00","article_modified_time":"2022-04-21T17:20:14+00:00","og_image":[{"width":800,"height":532,"url":"https:\/\/www.marybakereddylibrary.org\/wp-content\/uploads\/2020\/02\/B49371_Mandela_800x532px.jpg","type":"image\/jpeg"}],"author":"The Mary Baker Eddy Library","twitter_misc":{"\u00c9crit par":"The Mary Baker Eddy Library","Dur\u00e9e de lecture estim\u00e9e":"6 minutes"},"schema":{"@context":"https:\/\/schema.org","@graph":[{"@type":"Article","@id":"https:\/\/www.marybakereddylibrary.org\/fr\/research\/la-visite-de-nelson-mandela-au-siege-du-monitor\/#article","isPartOf":{"@id":"https:\/\/www.marybakereddylibrary.org\/fr\/research\/la-visite-de-nelson-mandela-au-siege-du-monitor\/"},"author":{"name":"The Mary Baker Eddy Library","@id":"https:\/\/www.marybakereddylibrary.org\/fr\/#\/schema\/person\/82abfd938c00bb8542667a796d4e449a"},"headline":"La visite de Nelson Mandela au si\u00e8ge du Monitor","datePublished":"2022-02-07T22:41:37+00:00","dateModified":"2022-04-21T17:20:14+00:00","mainEntityOfPage":{"@id":"https:\/\/www.marybakereddylibrary.org\/fr\/research\/la-visite-de-nelson-mandela-au-siege-du-monitor\/"},"wordCount":1560,"publisher":{"@id":"https:\/\/www.marybakereddylibrary.org\/fr\/#organization"},"image":{"@id":"https:\/\/www.marybakereddylibrary.org\/fr\/research\/la-visite-de-nelson-mandela-au-siege-du-monitor\/#primaryimage"},"thumbnailUrl":"https:\/\/www.marybakereddylibrary.org\/wp-content\/uploads\/2020\/02\/B49371_Mandela_800x532px.jpg","articleSection":["Tir\u00e9 de nos collections"],"inLanguage":"fr-FR"},{"@type":"WebPage","@id":"https:\/\/www.marybakereddylibrary.org\/fr\/research\/la-visite-de-nelson-mandela-au-siege-du-monitor\/","url":"https:\/\/www.marybakereddylibrary.org\/fr\/research\/la-visite-de-nelson-mandela-au-siege-du-monitor\/","name":"La visite de Nelson Mandela au si\u00e8ge du Monitor - La Biblioth\u00e8que Mary Baker Eddy","isPartOf":{"@id":"https:\/\/www.marybakereddylibrary.org\/fr\/#website"},"primaryImageOfPage":{"@id":"https:\/\/www.marybakereddylibrary.org\/fr\/research\/la-visite-de-nelson-mandela-au-siege-du-monitor\/#primaryimage"},"image":{"@id":"https:\/\/www.marybakereddylibrary.org\/fr\/research\/la-visite-de-nelson-mandela-au-siege-du-monitor\/#primaryimage"},"thumbnailUrl":"https:\/\/www.marybakereddylibrary.org\/wp-content\/uploads\/2020\/02\/B49371_Mandela_800x532px.jpg","datePublished":"2022-02-07T22:41:37+00:00","dateModified":"2022-04-21T17:20:14+00:00","breadcrumb":{"@id":"https:\/\/www.marybakereddylibrary.org\/fr\/research\/la-visite-de-nelson-mandela-au-siege-du-monitor\/#breadcrumb"},"inLanguage":"fr-FR","potentialAction":[{"@type":"ReadAction","target":["https:\/\/www.marybakereddylibrary.org\/fr\/research\/la-visite-de-nelson-mandela-au-siege-du-monitor\/"]}]},{"@type":"ImageObject","inLanguage":"fr-FR","@id":"https:\/\/www.marybakereddylibrary.org\/fr\/research\/la-visite-de-nelson-mandela-au-siege-du-monitor\/#primaryimage","url":"https:\/\/www.marybakereddylibrary.org\/wp-content\/uploads\/2020\/02\/B49371_Mandela_800x532px.jpg","contentUrl":"https:\/\/www.marybakereddylibrary.org\/wp-content\/uploads\/2020\/02\/B49371_Mandela_800x532px.jpg","width":800,"height":532,"caption":"-"},{"@type":"BreadcrumbList","@id":"https:\/\/www.marybakereddylibrary.org\/fr\/research\/la-visite-de-nelson-mandela-au-siege-du-monitor\/#breadcrumb","itemListElement":[{"@type":"ListItem","position":1,"name":"Accueil","item":"https:\/\/www.marybakereddylibrary.org\/fr\/"},{"@type":"ListItem","position":2,"name":"La visite de Nelson Mandela au si\u00e8ge du Monitor"}]},{"@type":"WebSite","@id":"https:\/\/www.marybakereddylibrary.org\/fr\/#website","url":"https:\/\/www.marybakereddylibrary.org\/fr\/","name":"La Biblioth\u00e8que Mary Baker Eddy","description":"","publisher":{"@id":"https:\/\/www.marybakereddylibrary.org\/fr\/#organization"},"potentialAction":[{"@type":"SearchAction","target":{"@type":"EntryPoint","urlTemplate":"https:\/\/www.marybakereddylibrary.org\/fr\/?s={search_term_string}"},"query-input":{"@type":"PropertyValueSpecification","valueRequired":true,"valueName":"search_term_string"}}],"inLanguage":"fr-FR"},{"@type":"Organization","@id":"https:\/\/www.marybakereddylibrary.org\/fr\/#organization","name":"The Mary Baker Eddy Library","url":"https:\/\/www.marybakereddylibrary.org\/fr\/","logo":{"@type":"ImageObject","inLanguage":"fr-FR","@id":"https:\/\/www.marybakereddylibrary.org\/fr\/#\/schema\/logo\/image\/","url":"https:\/\/www.marybakereddylibrary.org\/wp-content\/uploads\/2015\/03\/MBEL_logo_HR.jpg","contentUrl":"https:\/\/www.marybakereddylibrary.org\/wp-content\/uploads\/2015\/03\/MBEL_logo_HR.jpg","width":2100,"height":2100,"caption":"The Mary Baker Eddy Library"},"image":{"@id":"https:\/\/www.marybakereddylibrary.org\/fr\/#\/schema\/logo\/image\/"},"sameAs":["https:\/\/www.facebook.com\/mbelibrary","https:\/\/x.com\/mbelibrary","https:\/\/www.instagram.com\/mbelibrary"]},{"@type":"Person","@id":"https:\/\/www.marybakereddylibrary.org\/fr\/#\/schema\/person\/82abfd938c00bb8542667a796d4e449a","name":"The Mary Baker Eddy Library","image":{"@type":"ImageObject","inLanguage":"fr-FR","@id":"https:\/\/secure.gravatar.com\/avatar\/47a742fb4f6cc6ad0d0564fe6349235105346e31e12bacfbe4c85164ba549b72?s=96&d=mm&r=g","url":"https:\/\/secure.gravatar.com\/avatar\/47a742fb4f6cc6ad0d0564fe6349235105346e31e12bacfbe4c85164ba549b72?s=96&d=mm&r=g","contentUrl":"https:\/\/secure.gravatar.com\/avatar\/47a742fb4f6cc6ad0d0564fe6349235105346e31e12bacfbe4c85164ba549b72?s=96&d=mm&r=g","caption":"The Mary Baker Eddy Library"}}]}},"_links":{"self":[{"href":"https:\/\/www.marybakereddylibrary.org\/fr\/wp-json\/wp\/v2\/posts\/43676","targetHints":{"allow":["GET"]}}],"collection":[{"href":"https:\/\/www.marybakereddylibrary.org\/fr\/wp-json\/wp\/v2\/posts"}],"about":[{"href":"https:\/\/www.marybakereddylibrary.org\/fr\/wp-json\/wp\/v2\/types\/post"}],"author":[{"embeddable":true,"href":"https:\/\/www.marybakereddylibrary.org\/fr\/wp-json\/wp\/v2\/users\/44"}],"replies":[{"embeddable":true,"href":"https:\/\/www.marybakereddylibrary.org\/fr\/wp-json\/wp\/v2\/comments?post=43676"}],"version-history":[{"count":0,"href":"https:\/\/www.marybakereddylibrary.org\/fr\/wp-json\/wp\/v2\/posts\/43676\/revisions"}],"wp:featuredmedia":[{"embeddable":true,"href":"https:\/\/www.marybakereddylibrary.org\/fr\/wp-json\/wp\/v2\/media\/27545"}],"wp:attachment":[{"href":"https:\/\/www.marybakereddylibrary.org\/fr\/wp-json\/wp\/v2\/media?parent=43676"}],"wp:term":[{"taxonomy":"category","embeddable":true,"href":"https:\/\/www.marybakereddylibrary.org\/fr\/wp-json\/wp\/v2\/categories?post=43676"},{"taxonomy":"post_tag","embeddable":true,"href":"https:\/\/www.marybakereddylibrary.org\/fr\/wp-json\/wp\/v2\/tags?post=43676"}],"curies":[{"name":"wp","href":"https:\/\/api.w.org\/{rel}","templated":true}]}}