{"id":58479,"date":"2023-08-07T16:39:55","date_gmt":"2023-08-07T20:39:55","guid":{"rendered":"https:\/\/www.marybakereddylibrary.org\/?p=58479"},"modified":"2023-08-17T11:33:28","modified_gmt":"2023-08-17T15:33:28","slug":"la-science-chretienne-au-parlement-mondial-des-religions","status":"publish","type":"post","link":"https:\/\/www.marybakereddylibrary.org\/fr\/research\/la-science-chretienne-au-parlement-mondial-des-religions\/","title":{"rendered":"La Science Chr\u00e9tienne au Parlement mondial des religions"},"content":{"rendered":"<div id=\"modal-ready\"><p>[et_pb_section fb_built=&#8221;1&#8243; fullwidth=&#8221;on&#8221; _builder_version=&#8221;4.16&#8243; global_colors_info=&#8221;{}&#8221;][et_pb_fullwidth_post_title author=&#8221;off&#8221; date_format=&#8221;j F Y&#8221; categories=&#8221;off&#8221; comments=&#8221;off&#8221; featured_image=&#8221;off&#8221; _builder_version=&#8221;4.16&#8243; z_index_tablet=&#8221;500&#8243; title_text_shadow_horizontal_length_tablet=&#8221;0px&#8221; title_text_shadow_vertical_length_tablet=&#8221;0px&#8221; title_text_shadow_blur_strength_tablet=&#8221;1px&#8221; meta_text_shadow_horizontal_length_tablet=&#8221;0px&#8221; meta_text_shadow_vertical_length_tablet=&#8221;0px&#8221; meta_text_shadow_blur_strength_tablet=&#8221;1px&#8221; box_shadow_horizontal_tablet=&#8221;0px&#8221; box_shadow_vertical_tablet=&#8221;0px&#8221; box_shadow_blur_tablet=&#8221;40px&#8221; box_shadow_spread_tablet=&#8221;0px&#8221; text_shadow_horizontal_length_tablet=&#8221;0px&#8221; text_shadow_vertical_length_tablet=&#8221;0px&#8221; text_shadow_blur_strength_tablet=&#8221;1px&#8221; global_colors_info=&#8221;{}&#8221;][\/et_pb_fullwidth_post_title][\/et_pb_section][et_pb_section fb_built=&#8221;1&#8243; _builder_version=&#8221;4.16&#8243; global_colors_info=&#8221;{}&#8221;][et_pb_row column_structure=&#8221;2_3,1_3&#8243; _builder_version=&#8221;4.16&#8243; background_size=&#8221;initial&#8221; background_position=&#8221;top_left&#8221; background_repeat=&#8221;repeat&#8221; global_colors_info=&#8221;{}&#8221;][et_pb_column type=&#8221;2_3&#8243; _builder_version=&#8221;4.16&#8243; custom_padding=&#8221;|||&#8221; global_colors_info=&#8221;{}&#8221; custom_padding__hover=&#8221;|||&#8221;][et_pb_image src=&#8221;https:\/\/www.marybakereddylibrary.org\/wp-content\/uploads\/2022\/05\/1200&#215;750-RECROP-World-Columbian-Exposition-1893-Library-of-Congress.jpg&#8221; alt=&#8221;Panoramic view of the World&#8217;s Columbian Exposition in Chicago, 1893&#8243; title_text=&#8221;1200&#215;750-RECROP-World Columbian Exposition 1893 &#8211; Library of Congress&#8221; _builder_version=&#8221;4.21.0&#8243; z_index_tablet=&#8221;500&#8243; box_shadow_horizontal_tablet=&#8221;0px&#8221; box_shadow_vertical_tablet=&#8221;0px&#8221; box_shadow_blur_tablet=&#8221;40px&#8221; box_shadow_spread_tablet=&#8221;0px&#8221; global_colors_info=&#8221;{}&#8221;][\/et_pb_image][et_pb_text admin_label=&#8221;Photo caption&nbsp;%91DON&#8217;T ADD ANY ADDITIONAL FORMATTING!%93&#8243; module_class=&#8221;custom-caption-centered&#8221; _builder_version=&#8221;4.21.0&#8243; _module_preset=&#8221;default&#8221; global_colors_info=&#8221;{}&#8221;]<\/p>\n<p style=\"text-align: center;\"><strong>Vue panoramique de l\u2019Exposition universelle de Chicago, 1893, c\u00e9l\u00e9brant le 4<sup>e<\/sup> centenaire de la d\u00e9couverte de Christophe Colomb. Avec l\u2019aimable autorisation de la Biblioth\u00e8que du Congr\u00e8s, Division des estampes et des photographies, LC-DIG-ppmsca-44787.<\/strong><\/p>\n<p>[\/et_pb_text][et_pb_text admin_label=&#8221;Text&#8221; _builder_version=&#8221;4.21.0&#8243; hover_enabled=&#8221;0&#8243; z_index_tablet=&#8221;500&#8243; box_shadow_horizontal_tablet=&#8221;0px&#8221; box_shadow_vertical_tablet=&#8221;0px&#8221; box_shadow_blur_tablet=&#8221;40px&#8221; box_shadow_spread_tablet=&#8221;0px&#8221; global_colors_info=&#8221;{}&#8221; sticky_enabled=&#8221;0&#8243;]<\/p>\n<p>Une conf\u00e9rence interconfessionnelle historique s\u2019est tenue \u00e0 Chicago \u00e0 l\u2019occasion de l\u2019Exposition universelle de 1893. Il s\u2019agit du Parlement mondial des religions, qui a ouvert ses portes le 11 septembre 1893 \u2013 dans un b\u00e2timent qui abrite aujourd\u2019hui l\u2019Art Institute of Chicago.<span id='easy-footnote-1-58479' class='easy-footnote-margin-adjust'><\/span><span class='easy-footnote'><a href='https:\/\/www.marybakereddylibrary.org\/fr\/research\/la-science-chretienne-au-parlement-mondial-des-religions\/#easy-footnote-bottom-1-58479' title=' \u00ab&nbsp;1893 World\u2019s Parliament of Religions&nbsp;\u00bb [Le Parlement mondial des religions de 1893], site Internet de l\u2019Art Institute of Chicago, &lt;a href=&quot;https:\/\/www.artic.edu\/1893-worlds-parliament-of-religions&quot; target=&quot;_blank&quot; rel=&quot;noopener&quot;&gt;https:\/\/www.artic.edu\/1893-worlds-parliament-of-religions\/&lt;\/a&gt;.'><sup>1<\/sup><\/a><\/span> Pour la premi\u00e8re fois dans l\u2019histoire, des repr\u00e9sentants de nombreuses religions dans le monde se sont r\u00e9unis au nom de l\u2019unit\u00e9 et de la fraternit\u00e9 pour parler de religion.<\/p>\n<p>Le Parlement a vu le jour gr\u00e2ce aux efforts conjoints de Charles C. Bonney, un juge de la Cour supr\u00eame de l\u2019Illinois, et de John Henry Barrows, un pasteur presbyt\u00e9rien de Chicago.<span id='easy-footnote-2-58479' class='easy-footnote-margin-adjust'><\/span><span class='easy-footnote'><a href='https:\/\/www.marybakereddylibrary.org\/fr\/research\/la-science-chretienne-au-parlement-mondial-des-religions\/#easy-footnote-bottom-2-58479' title='Marcus Braybrooke,\u00ab&nbsp;Charles Bonney and the Idea for a World Parliament of Religions&nbsp;\u00bb [Charles Bonney et l\u2019id\u00e9e d\u2019un Parlement mondial des religions],\u00a0&lt;em&gt;The Interfaith Observer,&lt;\/em&gt; 15 juin 2012, &lt;a href=&quot;http:\/\/www.theinterfaithobserver.org\/journal-articles\/2012\/6\/15\/charles-bonney-and-the-idea-for-a-world-parliament-of-religi.html&quot; target=&quot;_blank&quot; rel=&quot;noopener&quot;&gt;http:\/\/www.theinterfaithobserver.org\/journal-articles\/2012\/6\/15\/charles-bonney-and-the-idea-for-a-world-parliament-of-religi.html\/&lt;\/a&gt;.'><sup>2<\/sup><\/a><\/span> Si le m\u00e9rite d\u2019en avoir \u00e9t\u00e9 l\u2019architecte revient, \u00e0 juste titre, \u00e0 Barrows, c\u2019est Bonney qui en a eu l\u2019id\u00e9e originale. Une lettre adress\u00e9e aux chefs religieux du monde entier met sans d\u00e9tour en avant ce message d\u2019unit\u00e9 et d\u2019ouverture \u00e0 l\u2019\u00e9gard de toutes les religions&nbsp;:<span id='easy-footnote-3-58479' class='easy-footnote-margin-adjust'><\/span><span class='easy-footnote'><a href='https:\/\/www.marybakereddylibrary.org\/fr\/research\/la-science-chretienne-au-parlement-mondial-des-religions\/#easy-footnote-bottom-3-58479' title='&lt;i&gt;Ibid.&lt;\/i&gt;'><sup>3<\/sup><\/a><\/span><\/p>\n<blockquote>\n<p>Nous invitons chaleureusement les repr\u00e9sentants de toutes les confessions \u00e0 nous aider \u00e0 pr\u00e9senter au monde, lors de l\u2019Exposition de 1893, l\u2019harmonie et l\u2019unit\u00e9 religieuses de l\u2019humanit\u00e9, ainsi que les canaux moraux et spirituels qui sont \u00e0 la base du progr\u00e8s humain.<span id='easy-footnote-4-58479' class='easy-footnote-margin-adjust'><\/span><span class='easy-footnote'><a href='https:\/\/www.marybakereddylibrary.org\/fr\/research\/la-science-chretienne-au-parlement-mondial-des-religions\/#easy-footnote-bottom-4-58479' title='Marcus Braybrooke, \u00ab\u00a0John Henry Barrows&nbsp;: Producing the First Parliament of Religions\u00a0\u00bb, &lt;em&gt;The Interfaith Observer,&lt;\/em&gt; 15 juillet 2012,&lt;br \/&gt;&lt;a href=&quot;http:\/\/www.theinterfaithobserver.org\/journal-articles\/2012\/7\/15\/john-henry-barrows-producing-the-first-parliament-of-religio.html&quot; target=&quot;_blank&quot; rel=&quot;noopener&quot;&gt;http:\/\/www.theinterfaithobserver.org\/journal-articles\/2012\/7\/15\/john-henry-barrows-producing-the-first-parliament-of-religio.html\/&lt;\/a&gt;.'><sup>4<\/sup><\/a><\/span><\/p>\n<\/blockquote>\n<p>Bien que le message d\u2019unit\u00e9 entre toutes les religions ait \u00e9t\u00e9 mis au rang d\u2019objectif ultime, selon certaines critiques, le \u00ab&nbsp;Parlement m\u00eame \u00e9tait centr\u00e9 sur le christianisme, avec une nette tendance \u00e0 l\u2019\u00e9vang\u00e9lisation visant les autres chefs religieux&nbsp;\u00bb. Selon l\u2019universitaire Katherine Marshall, l\u2019\u00e9v\u00e8nement \u00ab&nbsp;a rassembl\u00e9 des voix de premier plan dans le domaine \u00e9mergent des \u00e9tudes religieuses avec la pr\u00e9sence de th\u00e9ologiens et de chefs religieux&nbsp;\u00bb.<span id='easy-footnote-5-58479' class='easy-footnote-margin-adjust'><\/span><span class='easy-footnote'><a href='https:\/\/www.marybakereddylibrary.org\/fr\/research\/la-science-chretienne-au-parlement-mondial-des-religions\/#easy-footnote-bottom-5-58479' title='Katherine Marshall, \u00ab&nbsp;The Parliament of the World\u2019s Religions&nbsp;: 1893 and 1993&nbsp;\u00bb, &lt;em&gt;The Interfaith Observer,&lt;\/em&gt; 15 septembre 2015, &lt;a href=&quot;http:\/\/www.theinterfaithobserver.org\/journal-articles\/2012\/7\/15\/john-henry-barrows-producing-the-first-parliament-of-religio.html&quot; target=&quot;_blank&quot; rel=&quot;noopener&quot;&gt;http:\/\/www.theinterfaithobserver.org\/journal-articles\/2015\/9\/3\/the-parliament-of-the-worlds-religions-1893-and-1993.html?rq=Marshall\/&lt;\/a&gt;.'><sup>5<\/sup><\/a><\/span><\/p>\n<p>Au d\u00e9but, certains craignaient que la Science Chr\u00e9tienne ne soit pas reconnue en tant que religion, ce qui l\u2019exclurait de tout \u00e9change sur la sc\u00e8ne internationale. Sceptique, Mary Baker Eddy h\u00e9sitait \u00e0 pr\u00e9senter et exposer ses enseignements dans un tel cadre. Les avantages li\u00e9s \u00e0 cette participation \u00e9taient \u00e9vidents, de m\u00eame que les aspects n\u00e9gatifs li\u00e9s au fait que l\u2019Eglise du Christ, Scientiste, risquait de se voir refuser un espace lors de l\u2019\u00e9v\u00e8nement.<\/p>\n<p>R\u00e9pondant aux sollicitations de ceux qui la pressaient de venir \u00e0 Chicago, Mary Baker Eddy s\u2019est montr\u00e9e cat\u00e9gorique&nbsp;:<\/p>\n<blockquote>\n<p>En r\u00e9ponse \u00e0 toutes les invitations re\u00e7ues des membres de Chicago m\u2019offrant l\u2019hospitalit\u00e9 de leurs belles maisons \u00e0 n\u2019importe quel moment pendant la dur\u00e9e de cette grande merveille du monde, l\u2019Exposition universelle, je dis ceci&nbsp;: Ne vous attendez pas \u00e0 ma venue, je n\u2019ai nul d\u00e9sir de voir ou d\u2019entendre ce que propose cet \u00e9v\u00e8nement \u00e0 venir.<\/p>\n<\/blockquote>\n<blockquote>\n<p>J\u2019ai un monde de Sagesse et d\u2019Amour \u00e0 contempler, qui me concerne et vous concerne, un monde infiniment au-del\u00e0 de toutes expositions ou pr\u00e9sentations terrestres. En r\u00e9ponse \u00e0 votre amabilit\u00e9, je vous invite instamment \u00e0 le contempler avec moi, et \u00e0 vous pr\u00e9parer \u00e0 le voir.<span id='easy-footnote-6-58479' class='easy-footnote-margin-adjust'><\/span><span class='easy-footnote'><a href='https:\/\/www.marybakereddylibrary.org\/fr\/research\/la-science-chretienne-au-parlement-mondial-des-religions\/#easy-footnote-bottom-6-58479' title='Mary Baker Eddy, \u00ab\u00a0Card\u00a0\u00bb [Message], &lt;em&gt;The Christian Science Journal,&lt;\/em&gt; avril 1893, 20.'><sup>6<\/sup><\/a><\/span><\/p>\n<\/blockquote>\n<p>La participation de la Science Chr\u00e9tienne en tant que confession \u00e0 un \u00e9v\u00e8nement aussi important offrait une visibilit\u00e9 \u00e0 la nouvelle religion de Mary Baker Eddy et avait valeur de reconnaissance de celle-ci. L\u2019invitation faite aux scientistes chr\u00e9tiens de prononcer une allocution \u00e9tait l\u2019occasion de faire conna\u00eetre les principes de leur religion sur la sc\u00e8ne internationale. Ce moment d\u00e9cisif arrivait juste un an apr\u00e8s la r\u00e9organisation de son \u00e9glise naissante sous le nom de L\u2019Eglise M\u00e8re, La Premi\u00e8re Eglise du Christ, Scientiste.<\/p>\n<p>Les \u00e9l\u00e8ves de Mary Baker Eddy ont jou\u00e9 un r\u00f4le d\u00e9terminant dans le fait qu\u2019elle accepte finalement que la Science Chr\u00e9tienne participe \u00e0 la conf\u00e9rence. Et gr\u00e2ce \u00e0 leur pers\u00e9v\u00e9rance, l\u2019Eglise s\u2019est vue attribuer un espace lors de cet \u00e9v\u00e8nement.<\/p>\n<p>Lorsqu\u2019il est devenu clair que la Science Chr\u00e9tienne b\u00e9n\u00e9ficierait d\u2019un espace et d\u2019une tribune, les pr\u00e9paratifs ont commenc\u00e9 pour de bon. Malgr\u00e9 sa r\u00e9ticence \u00e0 participer directement \u00e0 l\u2019\u00e9v\u00e8nement, Mary Baker Eddy a particuli\u00e8rement veill\u00e9 \u00e0 ce que le message pr\u00e9sente la religion sous le meilleur jour possible.<\/p>\n<p>Dans une lettre adress\u00e9e \u00e0 son \u00e9l\u00e8ve William B. Johnson, alors secr\u00e9taire de L\u2019Eglise M\u00e8re et membre du Conseil des directeurs, Mary Baker Eddy a pris soin d\u2019expliquer comment elle pr\u00e9f\u00e9rait que l\u2019allocution soit pr\u00e9par\u00e9e&nbsp;:<\/p>\n<blockquote>\n<p>Je souhaite que vous s\u00e9lectionniez les meilleures citations, les plus d\u00e9taill\u00e9es que l\u2019on puisse trouver dans tous mes ouvrages&#8230; Veillez \u00e0 ne pas citer de passages qui attaquent les croyances religieuses d\u2019aucune religion&#8230;<\/p>\n<\/blockquote>\n<blockquote>\n<p>En voici les raisons&nbsp;: \u00ab&nbsp;Ce qui est \u00e9crit est \u00e9crit.&nbsp;\u00bb Les textes proviennent de ces ouvrages et, pour ma part, je ne me risquerais pas \u00e0 m\u2019\u00e9carter des enseignements fondamentaux de ces livres avec tout le travail qui leur a \u00e9t\u00e9 consacr\u00e9. Je pense que rien ne peut \u00eatre dit de plus satisfaisant sur le sujet que j\u2019ai expos\u00e9, pour d\u00e9finir la Science Chr\u00e9tienne de la mani\u00e8re d\u00e9j\u00e0 mentionn\u00e9e.<span id='easy-footnote-7-58479' class='easy-footnote-margin-adjust'><\/span><span class='easy-footnote'><a href='https:\/\/www.marybakereddylibrary.org\/fr\/research\/la-science-chretienne-au-parlement-mondial-des-religions\/#easy-footnote-bottom-7-58479' title='Mary Baker Eddy \u00e0 William B. Johnson, 31 juillet 1893, L03295.'><sup>7<\/sup><\/a><\/span><\/p>\n<\/blockquote>\n<p>Une s\u00e9rie de documents, adress\u00e9s et re\u00e7us en retour plusieurs fois par les personnes concern\u00e9es, montre l\u2019\u00e9volution des modifications apport\u00e9es \u00e0 cette allocution. Mary Baker Eddy, conjointement avec Calvin Frye, son secr\u00e9taire, et Septimus J. Hanna, qui servait alors comme pasteur de L\u2019Eglise M\u00e8re<span id='easy-footnote-8-58479' class='easy-footnote-margin-adjust'><\/span><span class='easy-footnote'><a href='https:\/\/www.marybakereddylibrary.org\/fr\/research\/la-science-chretienne-au-parlement-mondial-des-religions\/#easy-footnote-bottom-8-58479' title='L\u2019ann\u00e9e suivante, le 19 d\u00e9cembre 1894, Mary Baker Eddy ordonnera la Bible et &lt;em&gt;Science et Sant\u00e9 avec la Clef des Ecritures&lt;\/em&gt; pasteur de L\u2019Eglise M\u00e8re.'><sup>8<\/sup><\/a><\/span> et r\u00e9dacteur en chef du <em>Christian Science Journal<\/em>, a r\u00e9dig\u00e9 avec le plus grand soin le message qui allait \u00eatre lu au Parlement le 22 septembre. <span id='easy-footnote-9-58479' class='easy-footnote-margin-adjust'><\/span><span class='easy-footnote'><a href='https:\/\/www.marybakereddylibrary.org\/fr\/research\/la-science-chretienne-au-parlement-mondial-des-religions\/#easy-footnote-bottom-9-58479' title=' \u00ab&nbsp;Christian Science at the World\u2019s Religious Congress&nbsp;\u00bb [La Science Chr\u00e9tienne au Congr\u00e8s religieux mondial],\u00a0 &lt;em&gt;Journal,&lt;\/em&gt; novembre 1893, 343.'><sup>9<\/sup><\/a><\/span><\/p>\n<p>Le th\u00e8me de la conf\u00e9rence \u00e9tant ax\u00e9 sur l\u2019unit\u00e9 et la fraternit\u00e9, le ton et le titre de l\u2019allocution, \u00ab&nbsp;L\u2019unit\u00e9 et la Science Chr\u00e9tienne&nbsp;\u00bb, refl\u00e9taient la nature inclusive de l\u2019\u00e9v\u00e8nement.<span id='easy-footnote-10-58479' class='easy-footnote-margin-adjust'><\/span><span class='easy-footnote'><a href='https:\/\/www.marybakereddylibrary.org\/fr\/research\/la-science-chretienne-au-parlement-mondial-des-religions\/#easy-footnote-bottom-10-58479' title='Septimus J. Hanna \u00e0 Mary Baker Eddy, 2 septembre 1893, IC 033a.13.027.'><sup>10<\/sup><\/a><\/span> L\u2019extrait suivant m\u00eale le th\u00e8me de la conf\u00e9rence aux principes fondamentaux de la Science Chr\u00e9tienne&nbsp;:<\/p>\n<blockquote>\n<p>La fraternit\u00e9 universelle de l\u2019homme est un facteur majeur en Science Chr\u00e9tienne. Avoir un seul Dieu, c\u2019est avoir un seul P\u00e8re, ce qui \u00e9tablit scientifiquement la fraternit\u00e9 de l\u2019homme. Le premier commandement du d\u00e9calogue h\u00e9breu, bien compris, expose le v\u00e9ritable Principe de la fraternit\u00e9 humaine et l\u2019impossibilit\u00e9 pour les enfants de Dieu d\u2019avoir des entendements antagonistes et partant de se faire la guerre. Unis dans leur Principe divin, ils pratiquent la divinit\u00e9 et accomplissent ainsi l\u2019Ecriture&nbsp;: \u00ab\u00a0Soyez donc parfaits, comme votre P\u00e8re c\u00e9leste est parfait.\u00a0\u00bb<span id='easy-footnote-11-58479' class='easy-footnote-margin-adjust'><\/span><span class='easy-footnote'><a href='https:\/\/www.marybakereddylibrary.org\/fr\/research\/la-science-chretienne-au-parlement-mondial-des-religions\/#easy-footnote-bottom-11-58479' title='Mary Baker Eddy, \u00ab\u00a0Unity and Christian Science\u00a0\u00bb [L\u2019unit\u00e9 et la Science Chr\u00e9tienne], A10451C. Bien que cette citation ne soit pas tir\u00e9e directement des \u00e9crits publi\u00e9s par Mary Baker Eddy, elle fait \u00e9cho \u00e0 des affirmations que l\u2019on trouve d\u00e9sormais aux pages 276 et 340 de &lt;em&gt;Science et Sant\u00e9&lt;\/em&gt;.'><sup>11<\/sup><\/a><\/span><\/p>\n<\/blockquote>\n<p>En outre, en \u00e9tablissant des liens entre les Ecritures et la Science Chr\u00e9tienne, comme on le constate dans le passage suivant, ainsi que dans celui qui pr\u00e9c\u00e8de, Mary Baker Eddy offrait \u00e0 l\u2019auditoire un pr\u00e9c\u00e9dent historique d\u2019une grande richesse concernant la Science Chr\u00e9tienne&nbsp;:<\/p>\n<blockquote>\n<p>Le terme h\u00e9breu qui ajoute une autre lettre au mot <em>God<\/em> [Dieu] et en fait <em>Good<\/em> [le bien] unit la Science et le christianisme&nbsp;; c\u2019est ainsi que nous apprenons que le Bien est universel, et qu\u2019il est le Principe divin, Vie, V\u00e9rit\u00e9, Amour. Nous atteignons ce trine Bien par la bont\u00e9, par l\u2019Entendement et non la mati\u00e8re, par l\u2019Ame et non les sens, par la compr\u00e9hension et la d\u00e9monstration.<span id='easy-footnote-12-58479' class='easy-footnote-margin-adjust'><\/span><span class='easy-footnote'><a href='https:\/\/www.marybakereddylibrary.org\/fr\/research\/la-science-chretienne-au-parlement-mondial-des-religions\/#easy-footnote-bottom-12-58479' title='&lt;em&gt;Ibid.&lt;\/em&gt; Ce passage est analogue \u00e0 celui que l\u2019on trouve dans &lt;em&gt;L\u2019id\u00e9e que les hommes se font de Dieu&lt;\/em&gt; de Mary Baker Eddy, 2.'><sup>12<\/sup><\/a><\/span><\/p>\n<\/blockquote>\n<p>L\u2019allocution a re\u00e7u un accueil enthousiaste. Mary Baker Eddy et ses \u00e9l\u00e8ves ont d\u2019abord \u00e9t\u00e9 euphoriques. Selon le biographe Robert Peel\u00a0: \u00ab&nbsp;Toute la maisonn\u00e9e, y compris Madame Eddy elle-m\u00eame, fut saisie par une vague de jubilation \u00e0 mesure que les rapports arrivaient sur l\u2019excellente impression faite par la pr\u00e9sentation de la Science Chr\u00e9tienne en g\u00e9n\u00e9ral et par son texte en particulier.&nbsp;\u00bb<span id='easy-footnote-13-58479' class='easy-footnote-margin-adjust'><\/span><span class='easy-footnote'><a href='https:\/\/www.marybakereddylibrary.org\/fr\/research\/la-science-chretienne-au-parlement-mondial-des-religions\/#easy-footnote-bottom-13-58479' title='Robert Peel, &lt;em&gt;Mary Baker Eddy\u00a0: The Years of Authority&lt;\/em&gt; [Mary Baker Eddy&nbsp;: Les ann\u00e9es d\u2019autorit\u00e9], (New York: Holt, Rinehart and Winston, 1977), 52.'><sup>13<\/sup><\/a><\/span><\/p>\n<p>Mais, malheureusement, l\u2019\u00e9v\u00e8nement ne s\u2019est pas d\u00e9roul\u00e9 sans accroc. Septimus J. Hanna a soumis l\u2019allocution \u00e0 la publication malgr\u00e9 l\u2019ordre expr\u00e8s de Mary Baker Eddy. Et bien qu\u2019il s\u2019agisse d\u2019une compilation \u00e0 partir d\u2019\u00e9crits publi\u00e9s par Mary Baker Eddy, l\u2019allocution a \u00e9t\u00e9 imprim\u00e9e comme s\u2019il s\u2019agissait d\u2019un travail personnel de S. Hanna.<span id='easy-footnote-14-58479' class='easy-footnote-margin-adjust'><\/span><span class='easy-footnote'><a href='https:\/\/www.marybakereddylibrary.org\/fr\/research\/la-science-chretienne-au-parlement-mondial-des-religions\/#easy-footnote-bottom-14-58479' title='&lt;em&gt;Ibid.&lt;\/em&gt;, 52-59.'><sup>14<\/sup><\/a><\/span> M\u00eame si des mesures imm\u00e9diates ont \u00e9t\u00e9 prises pour corriger l\u2019erreur, le faux pas de S. Hanna a renforc\u00e9 Mary Baker Eddy dans sa d\u00e9termination \u00e0 ne pas publier son allocution.<\/p>\n<p>Certains demandaient \u00e9galement \u00e0 ce que l\u2019allocution de la Science Chr\u00e9tienne soit incluse dans <em>The History of The World\u2019s Parliament of Religions<\/em> [L\u2019histoire du Parlement mondial des religions] de John Henry Barrows.<span id='easy-footnote-15-58479' class='easy-footnote-margin-adjust'><\/span><span class='easy-footnote'><a href='https:\/\/www.marybakereddylibrary.org\/fr\/research\/la-science-chretienne-au-parlement-mondial-des-religions\/#easy-footnote-bottom-15-58479' title='John Henry Barrows, D.D., &lt;em&gt;The History of the World\u2019s Parliament of Religions&lt;\/em&gt; [L\u2019histoire du Parlement mondial des religions], 2 tomes (Chicago: Parliament Publishing Company, 1893).'><sup>15<\/sup><\/a><\/span><\/p>\n<p>Mary Baker Eddy a expliqu\u00e9 son opposition \u00e0 ces requ\u00eates dans une lettre adress\u00e9e \u00e0 Charles Bonney&nbsp;:<\/p>\n<blockquote>\n<p>Mon allocution que le juge Hanna a lue devant le Parlement des religions \u00e9tait prot\u00e9g\u00e9e par un copyright. De ce fait les journaux qui l\u2019\u00e9ditent sont l\u00e9galement responsables&#8230;<\/p>\n<\/blockquote>\n<blockquote>\n<p>Un mot de plus. J\u2019\u00e9tais dans un premier temps oppos\u00e9e \u00e0 ce que mes \u00e9tudiants en Science Chr\u00e9tienne (qui sont plusieurs milliers) participent \u00e0 l\u2019Exposition universelle. La Science Chr\u00e9tienne inculque l\u2019amour spirituel pour tous les hommes, mais pas les mondanit\u00e9s. Je crains que l\u2019ambition de mes \u00e9l\u00e8ves n\u2019ait \u00e9t\u00e9 touch\u00e9e. En l\u2019\u00e9tat actuel des choses, je refuse que mon allocution pr\u00e9cit\u00e9e soit publi\u00e9e dans le livre de l\u2019Exposition universelle qui doit contenir ces sujets.<\/p>\n<\/blockquote>\n<blockquote>\n<p>Mon Dieu exige de moi que je me retire du monde et que je ne touche pas aux sujets qui peuvent, de quelque mani\u00e8re que ce soit, d\u00e9tourner mon sens spirituel de la paix et de la bonne volont\u00e9.<span id='easy-footnote-16-58479' class='easy-footnote-margin-adjust'><\/span><span class='easy-footnote'><a href='https:\/\/www.marybakereddylibrary.org\/fr\/research\/la-science-chretienne-au-parlement-mondial-des-religions\/#easy-footnote-bottom-16-58479' title='Mary Baker Eddy \u00e0 Charles C. Bonney, 27 septembre 1893, L09475.'><sup>16<\/sup><\/a><\/span><\/p>\n<\/blockquote>\n<p>Finalement, apr\u00e8s un \u00e9change de correspondance avec son \u00e9l\u00e8ve de Chicago, Edward A. Kimball, et les efforts de persuasion de celui-ci, Mary Baker Eddy a accept\u00e9 qu\u2019une version abr\u00e9g\u00e9e de l\u2019allocution soit incluse dans la publication de la compilation de John H. Barrows.<span id='easy-footnote-17-58479' class='easy-footnote-margin-adjust'><\/span><span class='easy-footnote'><a href='https:\/\/www.marybakereddylibrary.org\/fr\/research\/la-science-chretienne-au-parlement-mondial-des-religions\/#easy-footnote-bottom-17-58479' title='Robert Peel, &lt;em&gt;Mary Baker Eddy\u00a0: The Years of Authority,&lt;\/em&gt; 57.'><sup>17<\/sup><\/a><\/span> Les tomes I et II de cet ouvrage font partie de la collection <a href=\"https:\/\/www.marybakereddylibrary.org\/research\/finding-aids\/library-special-collections\/\" target=\"_blank\" rel=\"noopener\">Livres de Chestnut Hill<\/a> de la Biblioth\u00e8que Mary Baker Eddy.<\/p>\n<p>Robert Peel soutient que \u00ab&nbsp;loin de favoriser une plus grande unit\u00e9 entre la Science Chr\u00e9tienne et les \u00e9glises chr\u00e9tiennes traditionnelles, le Parlement des religions cristallisa l\u2019opposition contre Madame Eddy et l\u2019Eglise du Christ, Scientiste&nbsp;\u00bb. Il \u00e9voque les doutes de Mary Baker Eddy concernant la participation \u00e0 cet \u00e9v\u00e8nement qui, selon lui, d\u00e9coulaient d\u2019une perception plus fine que m\u00eame des \u00e9tudiants d\u00e9vou\u00e9s, comme S. Hanna et E. Kimball, ne pouvaient saisir \u2013 cette intuition que la pr\u00e9sence de l\u2019Eglise au Parlement pourrait s\u2019av\u00e9rer d\u00e9cevante&nbsp;:<\/p>\n<blockquote>\n<p>Plus de quatre-vingts ans plus tard, de nombreuses allusions dans les lettres de Mary Baker Eddy deviennent claires. Lorsque les historiens font r\u00e9f\u00e9rence au Parlement des religions, ils consid\u00e8rent presque tous que sa principale ou seule influence a \u00e9t\u00e9 de populariser les religions orientales en Am\u00e9rique. S\u2019il arrive que la Science Chr\u00e9tienne soit mentionn\u00e9e \u2013 ce qui est rare \u2013 c\u2019est par rapport \u00e0 l\u2019impression faite par des pens\u00e9es exotiques non-chr\u00e9tiennes telles que le v\u00e9danta, le baha\u00efsme et ces formes \u00e9sot\u00e9riques de la pens\u00e9e orientale pr\u00e9sent\u00e9es jusque-l\u00e0 aux Am\u00e9ricains par la th\u00e9osophie.<span id='easy-footnote-18-58479' class='easy-footnote-margin-adjust'><\/span><span class='easy-footnote'><a href='https:\/\/www.marybakereddylibrary.org\/fr\/research\/la-science-chretienne-au-parlement-mondial-des-religions\/#easy-footnote-bottom-18-58479' title='Robert Peel, &lt;em&gt;Ibid.,&lt;\/em&gt; 58, 57.'><sup>18<\/sup><\/a><\/span><\/p>\n<\/blockquote>\n<p>Il faudra attendre encore un si\u00e8cle pour que, \u00e0 l\u2019occasion du centenaire du Parlement mondial des religions, en 1993, le mouvement interconfessionnel moderne naisse des graines sem\u00e9es \u00e0 Chicago.<span id='easy-footnote-19-58479' class='easy-footnote-margin-adjust'><\/span><span class='easy-footnote'><a href='https:\/\/www.marybakereddylibrary.org\/fr\/research\/la-science-chretienne-au-parlement-mondial-des-religions\/#easy-footnote-bottom-19-58479' title='Voir Parlement mondial des religions, \u00ab&nbsp;Parliament Convenings&nbsp;\u00bb [Rassemblements du Parlament], 2015-2022, &lt;a href=&quot;https:\/\/parliamentofreligions.org\/&quot; target=&quot;_blank&quot; rel=&quot;noopener&quot;&gt;https:\/\/parliamentofreligions.org\/&lt;\/a&gt;.'><sup>19<\/sup><\/a><\/span> Mais les scientistes chr\u00e9tiens ont appris, dans le m\u00eame temps, une le\u00e7on rude mais utile\u00a0: ce que peut impliquer pour leur religion en plein essor le fait d\u2019\u00eatre pr\u00e9sent\u00e9e sur une sc\u00e8ne internationale.<\/p>\n<hr \/>\n<p><em>Cet article est aussi disponible sur nos sites en <a href=\"https:\/\/www.marybakereddylibrary.org\/de\/research\/die-christliche-wissenschaft-und-das-weltparlament-der-religionen\" target=\"_blank\" rel=\"noopener\"><strong>allemand<\/strong><\/a>, <a href=\"https:\/\/www.marybakereddylibrary.org\/research\/from-the-collections-christian-science-at-the-worlds-parliament-of-religions\/\" target=\"_blank\" rel=\"noopener\"><strong>anglais<\/strong><\/a>, <a href=\"https:\/\/www.marybakereddylibrary.org\/es\/research\/la-ciencia-cristiana-en-el-parlamento-mundial-de-religiones\" target=\"_blank\" rel=\"noopener\"><strong>espagnol<\/strong><\/a> et <a href=\"https:\/\/www.marybakereddylibrary.org\/pt-br\/research\/a-ciencia-crista-no-parlamento-mundial-das-religioes\" target=\"_blank\" rel=\"noopener\"><strong>portugais<\/strong><\/a><\/em>.<\/p>\n<p>[\/et_pb_text][\/et_pb_column][et_pb_column type=&#8221;1_3&#8243; _builder_version=&#8221;4.16&#8243; custom_padding=&#8221;|||&#8221; global_colors_info=&#8221;{}&#8221; custom_padding__hover=&#8221;|||&#8221;][et_pb_sidebar area=&#8221;sidebar-1&#8243; _builder_version=&#8221;4.16&#8243; global_colors_info=&#8221;{}&#8221;][\/et_pb_sidebar][\/et_pb_column][\/et_pb_row][\/et_pb_section]<\/p>\n<\/div>","protected":false},"excerpt":{"rendered":"<p>D\u00e9couvrez les succ\u00e8s \u2013 et les d\u00e9fis \u2013 qui caract\u00e9risent cette exposition pr\u00e9coce du syst\u00e8me de gu\u00e9rison de Mary Baker Eddy sur une sc\u00e8ne internationale.<\/p>","protected":false},"author":51,"featured_media":47999,"comment_status":"closed","ping_status":"closed","sticky":false,"template":"","format":"standard","meta":{"_et_pb_use_builder":"on","_et_pb_old_content":"","_et_gb_content_width":"","_oasis_is_in_workflow":0,"_oasis_original":0,"_oasis_task_priority":"2normal","_relevanssi_hide_post":"","_relevanssi_hide_content":"","_relevanssi_pin_for_all":"","_relevanssi_pin_keywords":"","_relevanssi_unpin_keywords":"","_relevanssi_related_keywords":"","_relevanssi_related_include_ids":"","_relevanssi_related_exclude_ids":"","_relevanssi_related_no_append":"","_relevanssi_related_not_related":"","_relevanssi_related_posts":"","_relevanssi_noindex_reason":"","inline_featured_image":false,"episode_type":"","audio_file":"","podmotor_file_id":"","podmotor_episode_id":"","cover_image":"","cover_image_id":"","duration":"","filesize":"","filesize_raw":"","date_recorded":"","explicit":"","block":"","itunes_episode_number":"","itunes_title":"","itunes_season_number":"","itunes_episode_type":"","footnotes":""},"categories":[109],"tags":[],"class_list":["post-58479","post","type-post","status-publish","format-standard","has-post-thumbnail","hentry","category-tire-de-nos-collections"],"yoast_head":"<!-- This site is optimized with the Yoast SEO plugin v27.4 - https:\/\/yoast.com\/product\/yoast-seo-wordpress\/ -->\n<title>La Science Chr\u00e9tienne au Parlement mondial des religions - La Biblioth\u00e8que Mary Baker Eddy<\/title>\n<meta name=\"description\" content=\"D\u00e9couvrez les succ\u00e8s \u2013 et les d\u00e9fis \u2013 qui caract\u00e9risent cette exposition pr\u00e9coce du syst\u00e8me de gu\u00e9rison de Mary Baker Eddy sur une sc\u00e8ne internationale.\" \/>\n<meta name=\"robots\" content=\"index, follow, max-snippet:-1, max-image-preview:large, max-video-preview:-1\" \/>\n<link rel=\"canonical\" href=\"https:\/\/www.marybakereddylibrary.org\/fr\/research\/la-science-chretienne-au-parlement-mondial-des-religions\/\" \/>\n<meta property=\"og:locale\" content=\"fr_FR\" \/>\n<meta property=\"og:type\" content=\"article\" \/>\n<meta property=\"og:title\" content=\"La Science Chr\u00e9tienne au Parlement mondial des religions - La Biblioth\u00e8que Mary Baker Eddy\" \/>\n<meta property=\"og:description\" content=\"D\u00e9couvrez les succ\u00e8s \u2013 et les d\u00e9fis \u2013 qui caract\u00e9risent cette exposition pr\u00e9coce du syst\u00e8me de gu\u00e9rison de Mary Baker Eddy sur une sc\u00e8ne internationale.\" \/>\n<meta property=\"og:url\" content=\"https:\/\/www.marybakereddylibrary.org\/fr\/research\/la-science-chretienne-au-parlement-mondial-des-religions\/\" \/>\n<meta property=\"og:site_name\" content=\"La Biblioth\u00e8que Mary Baker Eddy\" \/>\n<meta property=\"article:publisher\" content=\"https:\/\/www.facebook.com\/mbelibrary\" \/>\n<meta property=\"article:published_time\" content=\"2023-08-07T20:39:55+00:00\" \/>\n<meta property=\"article:modified_time\" content=\"2023-08-17T15:33:28+00:00\" \/>\n<meta property=\"og:image\" content=\"https:\/\/www.marybakereddylibrary.org\/wp-content\/uploads\/2022\/05\/1200x750-RECROP-World-Columbian-Exposition-1893-Library-of-Congress.jpg\" \/>\n\t<meta property=\"og:image:width\" content=\"1200\" \/>\n\t<meta property=\"og:image:height\" content=\"750\" \/>\n\t<meta property=\"og:image:type\" content=\"image\/jpeg\" \/>\n<meta name=\"author\" content=\"Laurenz Peschke\" \/>\n<meta name=\"twitter:label1\" content=\"\u00c9crit par\" \/>\n\t<meta name=\"twitter:data1\" content=\"Laurenz Peschke\" \/>\n\t<meta name=\"twitter:label2\" content=\"Dur\u00e9e de lecture estim\u00e9e\" \/>\n\t<meta name=\"twitter:data2\" content=\"7 minutes\" \/>\n<script type=\"application\/ld+json\" class=\"yoast-schema-graph\">{\"@context\":\"https:\\\/\\\/schema.org\",\"@graph\":[{\"@type\":\"Article\",\"@id\":\"https:\\\/\\\/www.marybakereddylibrary.org\\\/fr\\\/research\\\/la-science-chretienne-au-parlement-mondial-des-religions\\\/#article\",\"isPartOf\":{\"@id\":\"https:\\\/\\\/www.marybakereddylibrary.org\\\/fr\\\/research\\\/la-science-chretienne-au-parlement-mondial-des-religions\\\/\"},\"author\":{\"name\":\"Laurenz Peschke\",\"@id\":\"https:\\\/\\\/www.marybakereddylibrary.org\\\/fr\\\/#\\\/schema\\\/person\\\/72c809b93d87eb7f9162a3a2f9ee713e\"},\"headline\":\"La Science Chr\u00e9tienne au Parlement mondial des religions\",\"datePublished\":\"2023-08-07T20:39:55+00:00\",\"dateModified\":\"2023-08-17T15:33:28+00:00\",\"mainEntityOfPage\":{\"@id\":\"https:\\\/\\\/www.marybakereddylibrary.org\\\/fr\\\/research\\\/la-science-chretienne-au-parlement-mondial-des-religions\\\/\"},\"wordCount\":2740,\"publisher\":{\"@id\":\"https:\\\/\\\/www.marybakereddylibrary.org\\\/fr\\\/#organization\"},\"image\":{\"@id\":\"https:\\\/\\\/www.marybakereddylibrary.org\\\/fr\\\/research\\\/la-science-chretienne-au-parlement-mondial-des-religions\\\/#primaryimage\"},\"thumbnailUrl\":\"https:\\\/\\\/www.marybakereddylibrary.org\\\/wp-content\\\/uploads\\\/2022\\\/05\\\/1200x750-RECROP-World-Columbian-Exposition-1893-Library-of-Congress.jpg\",\"articleSection\":[\"Tir\u00e9 de nos collections\"],\"inLanguage\":\"fr-FR\"},{\"@type\":\"WebPage\",\"@id\":\"https:\\\/\\\/www.marybakereddylibrary.org\\\/fr\\\/research\\\/la-science-chretienne-au-parlement-mondial-des-religions\\\/\",\"url\":\"https:\\\/\\\/www.marybakereddylibrary.org\\\/fr\\\/research\\\/la-science-chretienne-au-parlement-mondial-des-religions\\\/\",\"name\":\"La Science Chr\u00e9tienne au Parlement mondial des religions - La Biblioth\u00e8que Mary Baker Eddy\",\"isPartOf\":{\"@id\":\"https:\\\/\\\/www.marybakereddylibrary.org\\\/fr\\\/#website\"},\"primaryImageOfPage\":{\"@id\":\"https:\\\/\\\/www.marybakereddylibrary.org\\\/fr\\\/research\\\/la-science-chretienne-au-parlement-mondial-des-religions\\\/#primaryimage\"},\"image\":{\"@id\":\"https:\\\/\\\/www.marybakereddylibrary.org\\\/fr\\\/research\\\/la-science-chretienne-au-parlement-mondial-des-religions\\\/#primaryimage\"},\"thumbnailUrl\":\"https:\\\/\\\/www.marybakereddylibrary.org\\\/wp-content\\\/uploads\\\/2022\\\/05\\\/1200x750-RECROP-World-Columbian-Exposition-1893-Library-of-Congress.jpg\",\"datePublished\":\"2023-08-07T20:39:55+00:00\",\"dateModified\":\"2023-08-17T15:33:28+00:00\",\"description\":\"D\u00e9couvrez les succ\u00e8s \u2013 et les d\u00e9fis \u2013 qui caract\u00e9risent cette exposition pr\u00e9coce du syst\u00e8me de gu\u00e9rison de Mary Baker Eddy sur une sc\u00e8ne internationale.\",\"breadcrumb\":{\"@id\":\"https:\\\/\\\/www.marybakereddylibrary.org\\\/fr\\\/research\\\/la-science-chretienne-au-parlement-mondial-des-religions\\\/#breadcrumb\"},\"inLanguage\":\"fr-FR\",\"potentialAction\":[{\"@type\":\"ReadAction\",\"target\":[\"https:\\\/\\\/www.marybakereddylibrary.org\\\/fr\\\/research\\\/la-science-chretienne-au-parlement-mondial-des-religions\\\/\"]}]},{\"@type\":\"ImageObject\",\"inLanguage\":\"fr-FR\",\"@id\":\"https:\\\/\\\/www.marybakereddylibrary.org\\\/fr\\\/research\\\/la-science-chretienne-au-parlement-mondial-des-religions\\\/#primaryimage\",\"url\":\"https:\\\/\\\/www.marybakereddylibrary.org\\\/wp-content\\\/uploads\\\/2022\\\/05\\\/1200x750-RECROP-World-Columbian-Exposition-1893-Library-of-Congress.jpg\",\"contentUrl\":\"https:\\\/\\\/www.marybakereddylibrary.org\\\/wp-content\\\/uploads\\\/2022\\\/05\\\/1200x750-RECROP-World-Columbian-Exposition-1893-Library-of-Congress.jpg\",\"width\":1200,\"height\":750,\"caption\":\"Panoramic view of the World's Columbian Exposition in Chicago, 1893\"},{\"@type\":\"BreadcrumbList\",\"@id\":\"https:\\\/\\\/www.marybakereddylibrary.org\\\/fr\\\/research\\\/la-science-chretienne-au-parlement-mondial-des-religions\\\/#breadcrumb\",\"itemListElement\":[{\"@type\":\"ListItem\",\"position\":1,\"name\":\"Accueil\",\"item\":\"https:\\\/\\\/www.marybakereddylibrary.org\\\/fr\\\/\"},{\"@type\":\"ListItem\",\"position\":2,\"name\":\"La Science Chr\u00e9tienne au Parlement mondial des religions\"}]},{\"@type\":\"WebSite\",\"@id\":\"https:\\\/\\\/www.marybakereddylibrary.org\\\/fr\\\/#website\",\"url\":\"https:\\\/\\\/www.marybakereddylibrary.org\\\/fr\\\/\",\"name\":\"La Biblioth\u00e8que Mary Baker Eddy\",\"description\":\"\",\"publisher\":{\"@id\":\"https:\\\/\\\/www.marybakereddylibrary.org\\\/fr\\\/#organization\"},\"potentialAction\":[{\"@type\":\"SearchAction\",\"target\":{\"@type\":\"EntryPoint\",\"urlTemplate\":\"https:\\\/\\\/www.marybakereddylibrary.org\\\/fr\\\/?s={search_term_string}\"},\"query-input\":{\"@type\":\"PropertyValueSpecification\",\"valueRequired\":true,\"valueName\":\"search_term_string\"}}],\"inLanguage\":\"fr-FR\"},{\"@type\":\"Organization\",\"@id\":\"https:\\\/\\\/www.marybakereddylibrary.org\\\/fr\\\/#organization\",\"name\":\"The Mary Baker Eddy Library\",\"url\":\"https:\\\/\\\/www.marybakereddylibrary.org\\\/fr\\\/\",\"logo\":{\"@type\":\"ImageObject\",\"inLanguage\":\"fr-FR\",\"@id\":\"https:\\\/\\\/www.marybakereddylibrary.org\\\/fr\\\/#\\\/schema\\\/logo\\\/image\\\/\",\"url\":\"https:\\\/\\\/www.marybakereddylibrary.org\\\/wp-content\\\/uploads\\\/2015\\\/03\\\/MBEL_logo_HR.jpg\",\"contentUrl\":\"https:\\\/\\\/www.marybakereddylibrary.org\\\/wp-content\\\/uploads\\\/2015\\\/03\\\/MBEL_logo_HR.jpg\",\"width\":2100,\"height\":2100,\"caption\":\"The Mary Baker Eddy Library\"},\"image\":{\"@id\":\"https:\\\/\\\/www.marybakereddylibrary.org\\\/fr\\\/#\\\/schema\\\/logo\\\/image\\\/\"},\"sameAs\":[\"https:\\\/\\\/www.facebook.com\\\/mbelibrary\",\"https:\\\/\\\/x.com\\\/mbelibrary\",\"https:\\\/\\\/www.instagram.com\\\/mbelibrary\"]},{\"@type\":\"Person\",\"@id\":\"https:\\\/\\\/www.marybakereddylibrary.org\\\/fr\\\/#\\\/schema\\\/person\\\/72c809b93d87eb7f9162a3a2f9ee713e\",\"name\":\"Laurenz Peschke\",\"image\":{\"@type\":\"ImageObject\",\"inLanguage\":\"fr-FR\",\"@id\":\"https:\\\/\\\/secure.gravatar.com\\\/avatar\\\/f20b60dbe106c7d0a1951e8b2bd07e717d1b773324268a895a7c7c696e48138a?s=96&d=mm&r=g\",\"url\":\"https:\\\/\\\/secure.gravatar.com\\\/avatar\\\/f20b60dbe106c7d0a1951e8b2bd07e717d1b773324268a895a7c7c696e48138a?s=96&d=mm&r=g\",\"contentUrl\":\"https:\\\/\\\/secure.gravatar.com\\\/avatar\\\/f20b60dbe106c7d0a1951e8b2bd07e717d1b773324268a895a7c7c696e48138a?s=96&d=mm&r=g\",\"caption\":\"Laurenz Peschke\"}}]}<\/script>\n<!-- \/ Yoast SEO plugin. -->","yoast_head_json":{"title":"La Science Chr\u00e9tienne au Parlement mondial des religions - La Biblioth\u00e8que Mary Baker Eddy","description":"D\u00e9couvrez les succ\u00e8s \u2013 et les d\u00e9fis \u2013 qui caract\u00e9risent cette exposition pr\u00e9coce du syst\u00e8me de gu\u00e9rison de Mary Baker Eddy sur une sc\u00e8ne internationale.","robots":{"index":"index","follow":"follow","max-snippet":"max-snippet:-1","max-image-preview":"max-image-preview:large","max-video-preview":"max-video-preview:-1"},"canonical":"https:\/\/www.marybakereddylibrary.org\/fr\/research\/la-science-chretienne-au-parlement-mondial-des-religions\/","og_locale":"fr_FR","og_type":"article","og_title":"La Science Chr\u00e9tienne au Parlement mondial des religions - La Biblioth\u00e8que Mary Baker Eddy","og_description":"D\u00e9couvrez les succ\u00e8s \u2013 et les d\u00e9fis \u2013 qui caract\u00e9risent cette exposition pr\u00e9coce du syst\u00e8me de gu\u00e9rison de Mary Baker Eddy sur une sc\u00e8ne internationale.","og_url":"https:\/\/www.marybakereddylibrary.org\/fr\/research\/la-science-chretienne-au-parlement-mondial-des-religions\/","og_site_name":"La Biblioth\u00e8que Mary Baker Eddy","article_publisher":"https:\/\/www.facebook.com\/mbelibrary","article_published_time":"2023-08-07T20:39:55+00:00","article_modified_time":"2023-08-17T15:33:28+00:00","og_image":[{"width":1200,"height":750,"url":"https:\/\/www.marybakereddylibrary.org\/wp-content\/uploads\/2022\/05\/1200x750-RECROP-World-Columbian-Exposition-1893-Library-of-Congress.jpg","type":"image\/jpeg"}],"author":"Laurenz Peschke","twitter_misc":{"\u00c9crit par":"Laurenz Peschke","Dur\u00e9e de lecture estim\u00e9e":"7 minutes"},"schema":{"@context":"https:\/\/schema.org","@graph":[{"@type":"Article","@id":"https:\/\/www.marybakereddylibrary.org\/fr\/research\/la-science-chretienne-au-parlement-mondial-des-religions\/#article","isPartOf":{"@id":"https:\/\/www.marybakereddylibrary.org\/fr\/research\/la-science-chretienne-au-parlement-mondial-des-religions\/"},"author":{"name":"Laurenz Peschke","@id":"https:\/\/www.marybakereddylibrary.org\/fr\/#\/schema\/person\/72c809b93d87eb7f9162a3a2f9ee713e"},"headline":"La Science Chr\u00e9tienne au Parlement mondial des religions","datePublished":"2023-08-07T20:39:55+00:00","dateModified":"2023-08-17T15:33:28+00:00","mainEntityOfPage":{"@id":"https:\/\/www.marybakereddylibrary.org\/fr\/research\/la-science-chretienne-au-parlement-mondial-des-religions\/"},"wordCount":2740,"publisher":{"@id":"https:\/\/www.marybakereddylibrary.org\/fr\/#organization"},"image":{"@id":"https:\/\/www.marybakereddylibrary.org\/fr\/research\/la-science-chretienne-au-parlement-mondial-des-religions\/#primaryimage"},"thumbnailUrl":"https:\/\/www.marybakereddylibrary.org\/wp-content\/uploads\/2022\/05\/1200x750-RECROP-World-Columbian-Exposition-1893-Library-of-Congress.jpg","articleSection":["Tir\u00e9 de nos collections"],"inLanguage":"fr-FR"},{"@type":"WebPage","@id":"https:\/\/www.marybakereddylibrary.org\/fr\/research\/la-science-chretienne-au-parlement-mondial-des-religions\/","url":"https:\/\/www.marybakereddylibrary.org\/fr\/research\/la-science-chretienne-au-parlement-mondial-des-religions\/","name":"La Science Chr\u00e9tienne au Parlement mondial des religions - La Biblioth\u00e8que Mary Baker Eddy","isPartOf":{"@id":"https:\/\/www.marybakereddylibrary.org\/fr\/#website"},"primaryImageOfPage":{"@id":"https:\/\/www.marybakereddylibrary.org\/fr\/research\/la-science-chretienne-au-parlement-mondial-des-religions\/#primaryimage"},"image":{"@id":"https:\/\/www.marybakereddylibrary.org\/fr\/research\/la-science-chretienne-au-parlement-mondial-des-religions\/#primaryimage"},"thumbnailUrl":"https:\/\/www.marybakereddylibrary.org\/wp-content\/uploads\/2022\/05\/1200x750-RECROP-World-Columbian-Exposition-1893-Library-of-Congress.jpg","datePublished":"2023-08-07T20:39:55+00:00","dateModified":"2023-08-17T15:33:28+00:00","description":"D\u00e9couvrez les succ\u00e8s \u2013 et les d\u00e9fis \u2013 qui caract\u00e9risent cette exposition pr\u00e9coce du syst\u00e8me de gu\u00e9rison de Mary Baker Eddy sur une sc\u00e8ne internationale.","breadcrumb":{"@id":"https:\/\/www.marybakereddylibrary.org\/fr\/research\/la-science-chretienne-au-parlement-mondial-des-religions\/#breadcrumb"},"inLanguage":"fr-FR","potentialAction":[{"@type":"ReadAction","target":["https:\/\/www.marybakereddylibrary.org\/fr\/research\/la-science-chretienne-au-parlement-mondial-des-religions\/"]}]},{"@type":"ImageObject","inLanguage":"fr-FR","@id":"https:\/\/www.marybakereddylibrary.org\/fr\/research\/la-science-chretienne-au-parlement-mondial-des-religions\/#primaryimage","url":"https:\/\/www.marybakereddylibrary.org\/wp-content\/uploads\/2022\/05\/1200x750-RECROP-World-Columbian-Exposition-1893-Library-of-Congress.jpg","contentUrl":"https:\/\/www.marybakereddylibrary.org\/wp-content\/uploads\/2022\/05\/1200x750-RECROP-World-Columbian-Exposition-1893-Library-of-Congress.jpg","width":1200,"height":750,"caption":"Panoramic view of the World's Columbian Exposition in Chicago, 1893"},{"@type":"BreadcrumbList","@id":"https:\/\/www.marybakereddylibrary.org\/fr\/research\/la-science-chretienne-au-parlement-mondial-des-religions\/#breadcrumb","itemListElement":[{"@type":"ListItem","position":1,"name":"Accueil","item":"https:\/\/www.marybakereddylibrary.org\/fr\/"},{"@type":"ListItem","position":2,"name":"La Science Chr\u00e9tienne au Parlement mondial des religions"}]},{"@type":"WebSite","@id":"https:\/\/www.marybakereddylibrary.org\/fr\/#website","url":"https:\/\/www.marybakereddylibrary.org\/fr\/","name":"La Biblioth\u00e8que Mary Baker Eddy","description":"","publisher":{"@id":"https:\/\/www.marybakereddylibrary.org\/fr\/#organization"},"potentialAction":[{"@type":"SearchAction","target":{"@type":"EntryPoint","urlTemplate":"https:\/\/www.marybakereddylibrary.org\/fr\/?s={search_term_string}"},"query-input":{"@type":"PropertyValueSpecification","valueRequired":true,"valueName":"search_term_string"}}],"inLanguage":"fr-FR"},{"@type":"Organization","@id":"https:\/\/www.marybakereddylibrary.org\/fr\/#organization","name":"The Mary Baker Eddy Library","url":"https:\/\/www.marybakereddylibrary.org\/fr\/","logo":{"@type":"ImageObject","inLanguage":"fr-FR","@id":"https:\/\/www.marybakereddylibrary.org\/fr\/#\/schema\/logo\/image\/","url":"https:\/\/www.marybakereddylibrary.org\/wp-content\/uploads\/2015\/03\/MBEL_logo_HR.jpg","contentUrl":"https:\/\/www.marybakereddylibrary.org\/wp-content\/uploads\/2015\/03\/MBEL_logo_HR.jpg","width":2100,"height":2100,"caption":"The Mary Baker Eddy Library"},"image":{"@id":"https:\/\/www.marybakereddylibrary.org\/fr\/#\/schema\/logo\/image\/"},"sameAs":["https:\/\/www.facebook.com\/mbelibrary","https:\/\/x.com\/mbelibrary","https:\/\/www.instagram.com\/mbelibrary"]},{"@type":"Person","@id":"https:\/\/www.marybakereddylibrary.org\/fr\/#\/schema\/person\/72c809b93d87eb7f9162a3a2f9ee713e","name":"Laurenz Peschke","image":{"@type":"ImageObject","inLanguage":"fr-FR","@id":"https:\/\/secure.gravatar.com\/avatar\/f20b60dbe106c7d0a1951e8b2bd07e717d1b773324268a895a7c7c696e48138a?s=96&d=mm&r=g","url":"https:\/\/secure.gravatar.com\/avatar\/f20b60dbe106c7d0a1951e8b2bd07e717d1b773324268a895a7c7c696e48138a?s=96&d=mm&r=g","contentUrl":"https:\/\/secure.gravatar.com\/avatar\/f20b60dbe106c7d0a1951e8b2bd07e717d1b773324268a895a7c7c696e48138a?s=96&d=mm&r=g","caption":"Laurenz Peschke"}}]}},"_links":{"self":[{"href":"https:\/\/www.marybakereddylibrary.org\/fr\/wp-json\/wp\/v2\/posts\/58479","targetHints":{"allow":["GET"]}}],"collection":[{"href":"https:\/\/www.marybakereddylibrary.org\/fr\/wp-json\/wp\/v2\/posts"}],"about":[{"href":"https:\/\/www.marybakereddylibrary.org\/fr\/wp-json\/wp\/v2\/types\/post"}],"author":[{"embeddable":true,"href":"https:\/\/www.marybakereddylibrary.org\/fr\/wp-json\/wp\/v2\/users\/51"}],"replies":[{"embeddable":true,"href":"https:\/\/www.marybakereddylibrary.org\/fr\/wp-json\/wp\/v2\/comments?post=58479"}],"version-history":[{"count":0,"href":"https:\/\/www.marybakereddylibrary.org\/fr\/wp-json\/wp\/v2\/posts\/58479\/revisions"}],"wp:featuredmedia":[{"embeddable":true,"href":"https:\/\/www.marybakereddylibrary.org\/fr\/wp-json\/wp\/v2\/media\/47999"}],"wp:attachment":[{"href":"https:\/\/www.marybakereddylibrary.org\/fr\/wp-json\/wp\/v2\/media?parent=58479"}],"wp:term":[{"taxonomy":"category","embeddable":true,"href":"https:\/\/www.marybakereddylibrary.org\/fr\/wp-json\/wp\/v2\/categories?post=58479"},{"taxonomy":"post_tag","embeddable":true,"href":"https:\/\/www.marybakereddylibrary.org\/fr\/wp-json\/wp\/v2\/tags?post=58479"}],"curies":[{"name":"wp","href":"https:\/\/api.w.org\/{rel}","templated":true}]}}