{"id":65432,"date":"2024-02-07T19:29:27","date_gmt":"2024-02-08T00:29:27","guid":{"rendered":"https:\/\/www.marybakereddylibrary.org\/?p=65432"},"modified":"2024-01-31T09:19:13","modified_gmt":"2024-01-31T14:19:13","slug":"mary-baker-eddy-a-t-elle-ecrit-jour","status":"publish","type":"post","link":"https:\/\/www.marybakereddylibrary.org\/fr\/research\/mary-baker-eddy-a-t-elle-ecrit-jour\/","title":{"rendered":"Mary Baker Eddy a-t-elle \u00e9crit \u00ab&nbsp;Jour&nbsp;\u00bb&nbsp;?"},"content":{"rendered":"<div id=\"modal-ready\"><p>[et_pb_section fb_built=&#8221;1&#8243; fullwidth=&#8221;on&#8221; _builder_version=&#8221;4.16&#8243; global_colors_info=&#8221;{}&#8221;][et_pb_fullwidth_post_title author=&#8221;off&#8221; date_format=&#8221;j F Y&#8221; categories=&#8221;off&#8221; comments=&#8221;off&#8221; featured_image=&#8221;off&#8221; _builder_version=&#8221;4.16&#8243; z_index_tablet=&#8221;500&#8243; box_shadow_horizontal_tablet=&#8221;0px&#8221; box_shadow_vertical_tablet=&#8221;0px&#8221; box_shadow_blur_tablet=&#8221;40px&#8221; box_shadow_spread_tablet=&#8221;0px&#8221; global_colors_info=&#8221;{}&#8221;][\/et_pb_fullwidth_post_title][\/et_pb_section][et_pb_section fb_built=&#8221;1&#8243; _builder_version=&#8221;4.16&#8243; global_colors_info=&#8221;{}&#8221;][et_pb_row column_structure=&#8221;2_3,1_3&#8243; _builder_version=&#8221;4.16&#8243; background_size=&#8221;initial&#8221; background_position=&#8221;top_left&#8221; background_repeat=&#8221;repeat&#8221; global_colors_info=&#8221;{}&#8221;][et_pb_column type=&#8221;2_3&#8243; _builder_version=&#8221;4.16&#8243; custom_padding=&#8221;|||&#8221; global_colors_info=&#8221;{}&#8221; custom_padding__hover=&#8221;|||&#8221;][et_pb_text _builder_version=&#8221;4.21.0&#8243; vertical_offset_tablet=&#8221;0&#8243; horizontal_offset_tablet=&#8221;0&#8243; z_index_tablet=&#8221;500&#8243; box_shadow_horizontal_tablet=&#8221;0px&#8221; box_shadow_vertical_tablet=&#8221;0px&#8221; box_shadow_blur_tablet=&#8221;40px&#8221; box_shadow_spread_tablet=&#8221;0px&#8221; global_colors_info=&#8221;{}&#8221;]<\/p>\n<p>On nous interroge souvent \u00e0 propos d\u2019un manuscrit intitul\u00e9 \u00ab\u00a0Day\u00a0\u00bb (\u00ab\u00a0Jour\u00a0\u00bb). Il commence ainsi\u00a0: \u00ab\u00a0Lorsque vous vous r\u00e9veillez le matin, vous devez r\u00e9aliser et r\u00e9p\u00e9ter, avec compr\u00e9hension et imm\u00e9diatement, qu\u2019\u201cil n\u2019y a qu\u2019un seul Entendement\u201d.\u00a0\u00bb Bien que Mary Baker Eddy n\u2019en soit pas l\u2019auteure, nos recherches nous ont apport\u00e9 quelques \u00e9claircissements.<\/p>\n<p>Il s\u2019agit d\u2019un texte tir\u00e9 des \u00e9crits de Bicknell Young, l\u2019un des premiers praticiens et professeurs de Science Chr\u00e9tienne, qui \u00e9tait membre du Conseil des conf\u00e9rences de La Premi\u00e8re Eglise du Christ, Scientiste. En 1933, le Conseil des directeurs de la Science Chr\u00e9tienne a \u00e9crit \u00e0 Young pour lui demander des informations sur un manuscrit intitul\u00e9 \u00ab\u00a0Jour\u00a0\u00bb, qui lui \u00e9tait attribu\u00e9 et circulait parmi les scientistes chr\u00e9tiens.<\/p>\n<p>Voici la r\u00e9ponse de Young\u00a0:<\/p>\n<blockquote>\n<p>&#8230; je suis l\u2019auteur de l\u2019essentiel du manuscrit \u00ab\u00a0Jour\u00a0\u00bb que vous avez joint et que je vous renvoie par la pr\u00e9sente.<\/p>\n<\/blockquote>\n<blockquote>\n<p>Pour plus de pr\u00e9cisions, j\u2019aimerais ajouter que les commentaires dont ce manuscrit rend compte de mani\u00e8re quelque peu inad\u00e9quate, ont \u00e9t\u00e9 faits lors de la journ\u00e9e d\u2019Association de mes \u00e9l\u00e8ves, il y a environ cinq ans. Je regrette sinc\u00e8rement que ces notes et d\u2019autres aient largement circul\u00e9 dans le champ, et j\u2019ai fait de mon mieux pour y mettre fin.<span id='easy-footnote-1-65432' class='easy-footnote-margin-adjust'><\/span><span class='easy-footnote'><a href='https:\/\/www.marybakereddylibrary.org\/fr\/research\/mary-baker-eddy-a-t-elle-ecrit-jour\/#easy-footnote-bottom-1-65432' title='Bicknell Young au Conseil des directeurs de la Science Chr\u00e9tienne, 13 mars 1933\u00a0; emplacement dans la Collection de la Biblioth\u00e8que Mary Baker Eddy\u00a0: Subject file, Bicknell Young.'><sup>1<\/sup><\/a><\/span><\/p>\n<\/blockquote>\n<p>Pour prolonger cette lecture, voir l\u2019article (en anglais)\u00a0: \u00ab\u00a0<a href=\"https:\/\/www.marybakereddylibrary.org\/research\/what-do-we-know-about-writings-attributed-to-bicknell-young\/\" target=\"_blank\" rel=\"noopener\">What do we know about writings attributed to Bicknell Young\u00a0?<\/a> \u00bb [Que savons-nous des \u00e9crits attribu\u00e9s \u00e0 Bicknell Young\u00a0?]<\/p>\n<hr \/>\n<p><em>Vous pouvez \u00e9galement lire cet article en <a href=\"https:\/\/www.marybakereddylibrary.org\/research\/did-mary-baker-eddy-write-it-day\/\" target=\"_blank\" rel=\"noopener\">anglais<\/a>, en <a href=\"https:\/\/www.marybakereddylibrary.org\/de\/research\/hat-mary-baker-eddy-es-geschrieben-tag\" target=\"_blank\" rel=\"noopener\">allemand<\/a>, en <a href=\"https:\/\/www.marybakereddylibrary.org\/es\/research\/lo-escribio-mary-baker-eddy-dia\/\" target=\"_blank\" rel=\"noopener\">espagnol<\/a> et en <a href=\"https:\/\/www.marybakereddylibrary.org\/pt-br\/research\/foi-mary-baker-eddy-quem-escreveu-dia\/\" target=\"_blank\" rel=\"noopener\">portugais<\/a>.<\/em><\/p>\n<p>[\/et_pb_text][\/et_pb_column][et_pb_column type=&#8221;1_3&#8243; _builder_version=&#8221;4.16&#8243; custom_padding=&#8221;|||&#8221; global_colors_info=&#8221;{}&#8221; custom_padding__hover=&#8221;|||&#8221;][et_pb_sidebar area=&#8221;et_pb_widget_area_3&#8243; _builder_version=&#8221;4.16&#8243; z_index_tablet=&#8221;500&#8243; global_colors_info=&#8221;{}&#8221;][\/et_pb_sidebar][\/et_pb_column][\/et_pb_row][\/et_pb_section]<\/p>\n<\/div>","protected":false},"excerpt":{"rendered":"<p>Lisez ces explications \u00e0 propos d\u2019un manuscrit qui a beaucoup circul\u00e9.<\/p>","protected":false},"author":52,"featured_media":0,"comment_status":"closed","ping_status":"closed","sticky":false,"template":"","format":"standard","meta":{"_et_pb_use_builder":"on","_et_pb_old_content":"","_et_gb_content_width":"","_oasis_is_in_workflow":0,"_oasis_original":0,"_oasis_task_priority":"2normal","_relevanssi_hide_post":"","_relevanssi_hide_content":"","_relevanssi_pin_for_all":"","_relevanssi_pin_keywords":"","_relevanssi_unpin_keywords":"","_relevanssi_related_keywords":"","_relevanssi_related_include_ids":"","_relevanssi_related_exclude_ids":"","_relevanssi_related_no_append":"","_relevanssi_related_not_related":"","_relevanssi_related_posts":"","_relevanssi_noindex_reason":"","inline_featured_image":false,"episode_type":"","audio_file":"","podmotor_file_id":"","podmotor_episode_id":"","cover_image":"","cover_image_id":"","duration":"","filesize":"","filesize_raw":"","date_recorded":"","explicit":"","block":"","itunes_episode_number":"","itunes_title":"","itunes_season_number":"","itunes_episode_type":"","footnotes":""},"categories":[249],"tags":[125],"class_list":["post-65432","post","type-post","status-publish","format-standard","hentry","category-authentifications","tag-vie-de-mary-baker-eddy"],"yoast_head":"<!-- This site is optimized with the Yoast SEO plugin v27.5 - https:\/\/yoast.com\/product\/yoast-seo-wordpress\/ -->\n<title>Mary Baker Eddy a-t-elle \u00e9crit \u00ab&nbsp;Jour&nbsp;\u00bb&nbsp;? - La Biblioth\u00e8que Mary Baker Eddy<\/title>\n<meta name=\"description\" content=\"Lisez ces explications \u00e0 propos d\u2019un manuscrit qui a beaucoup circul\u00e9.\" \/>\n<meta name=\"robots\" content=\"index, follow, max-snippet:-1, max-image-preview:large, max-video-preview:-1\" \/>\n<link rel=\"canonical\" href=\"https:\/\/www.marybakereddylibrary.org\/fr\/research\/mary-baker-eddy-a-t-elle-ecrit-jour\/\" \/>\n<meta property=\"og:locale\" content=\"fr_FR\" \/>\n<meta property=\"og:type\" content=\"article\" \/>\n<meta property=\"og:title\" content=\"Mary Baker Eddy a-t-elle \u00e9crit \u00ab&nbsp;Jour&nbsp;\u00bb&nbsp;? - La Biblioth\u00e8que Mary Baker Eddy\" \/>\n<meta property=\"og:description\" content=\"Lisez ces explications \u00e0 propos d\u2019un manuscrit qui a beaucoup circul\u00e9.\" \/>\n<meta property=\"og:url\" content=\"https:\/\/www.marybakereddylibrary.org\/fr\/research\/mary-baker-eddy-a-t-elle-ecrit-jour\/\" \/>\n<meta property=\"og:site_name\" content=\"La Biblioth\u00e8que Mary Baker Eddy\" \/>\n<meta property=\"article:publisher\" content=\"https:\/\/www.facebook.com\/mbelibrary\" \/>\n<meta property=\"article:published_time\" content=\"2024-02-08T00:29:27+00:00\" \/>\n<meta name=\"author\" content=\"Rhyan du Peloux\" \/>\n<meta name=\"twitter:label1\" content=\"\u00c9crit par\" \/>\n\t<meta name=\"twitter:data1\" content=\"Rhyan du Peloux\" \/>\n\t<meta name=\"twitter:label2\" content=\"Dur\u00e9e de lecture estim\u00e9e\" \/>\n\t<meta name=\"twitter:data2\" content=\"2 minutes\" \/>\n<script type=\"application\/ld+json\" class=\"yoast-schema-graph\">{\"@context\":\"https:\\\/\\\/schema.org\",\"@graph\":[{\"@type\":\"Article\",\"@id\":\"https:\\\/\\\/www.marybakereddylibrary.org\\\/fr\\\/research\\\/mary-baker-eddy-a-t-elle-ecrit-jour\\\/#article\",\"isPartOf\":{\"@id\":\"https:\\\/\\\/www.marybakereddylibrary.org\\\/fr\\\/research\\\/mary-baker-eddy-a-t-elle-ecrit-jour\\\/\"},\"author\":{\"name\":\"Rhyan du Peloux\",\"@id\":\"https:\\\/\\\/www.marybakereddylibrary.org\\\/fr\\\/#\\\/schema\\\/person\\\/e64ecb3784234ea18ed5ec868aa4357a\"},\"headline\":\"Mary Baker Eddy a-t-elle \u00e9crit \u00ab&nbsp;Jour&nbsp;\u00bb&nbsp;?\",\"datePublished\":\"2024-02-08T00:29:27+00:00\",\"mainEntityOfPage\":{\"@id\":\"https:\\\/\\\/www.marybakereddylibrary.org\\\/fr\\\/research\\\/mary-baker-eddy-a-t-elle-ecrit-jour\\\/\"},\"wordCount\":510,\"publisher\":{\"@id\":\"https:\\\/\\\/www.marybakereddylibrary.org\\\/fr\\\/#organization\"},\"keywords\":[\"Vie de Mary Baker Eddy\"],\"articleSection\":[\"Authentifications\"],\"inLanguage\":\"fr-FR\"},{\"@type\":\"WebPage\",\"@id\":\"https:\\\/\\\/www.marybakereddylibrary.org\\\/fr\\\/research\\\/mary-baker-eddy-a-t-elle-ecrit-jour\\\/\",\"url\":\"https:\\\/\\\/www.marybakereddylibrary.org\\\/fr\\\/research\\\/mary-baker-eddy-a-t-elle-ecrit-jour\\\/\",\"name\":\"Mary Baker Eddy a-t-elle \u00e9crit \u00ab&nbsp;Jour&nbsp;\u00bb&nbsp;? - La Biblioth\u00e8que Mary Baker Eddy\",\"isPartOf\":{\"@id\":\"https:\\\/\\\/www.marybakereddylibrary.org\\\/fr\\\/#website\"},\"datePublished\":\"2024-02-08T00:29:27+00:00\",\"description\":\"Lisez ces explications \u00e0 propos d\u2019un manuscrit qui a beaucoup circul\u00e9.\",\"breadcrumb\":{\"@id\":\"https:\\\/\\\/www.marybakereddylibrary.org\\\/fr\\\/research\\\/mary-baker-eddy-a-t-elle-ecrit-jour\\\/#breadcrumb\"},\"inLanguage\":\"fr-FR\",\"potentialAction\":[{\"@type\":\"ReadAction\",\"target\":[\"https:\\\/\\\/www.marybakereddylibrary.org\\\/fr\\\/research\\\/mary-baker-eddy-a-t-elle-ecrit-jour\\\/\"]}]},{\"@type\":\"BreadcrumbList\",\"@id\":\"https:\\\/\\\/www.marybakereddylibrary.org\\\/fr\\\/research\\\/mary-baker-eddy-a-t-elle-ecrit-jour\\\/#breadcrumb\",\"itemListElement\":[{\"@type\":\"ListItem\",\"position\":1,\"name\":\"Accueil\",\"item\":\"https:\\\/\\\/www.marybakereddylibrary.org\\\/fr\\\/\"},{\"@type\":\"ListItem\",\"position\":2,\"name\":\"Mary Baker Eddy a-t-elle \u00e9crit \u00ab&nbsp;Jour&nbsp;\u00bb&nbsp;?\"}]},{\"@type\":\"WebSite\",\"@id\":\"https:\\\/\\\/www.marybakereddylibrary.org\\\/fr\\\/#website\",\"url\":\"https:\\\/\\\/www.marybakereddylibrary.org\\\/fr\\\/\",\"name\":\"La Biblioth\u00e8que Mary Baker Eddy\",\"description\":\"\",\"publisher\":{\"@id\":\"https:\\\/\\\/www.marybakereddylibrary.org\\\/fr\\\/#organization\"},\"potentialAction\":[{\"@type\":\"SearchAction\",\"target\":{\"@type\":\"EntryPoint\",\"urlTemplate\":\"https:\\\/\\\/www.marybakereddylibrary.org\\\/fr\\\/?s={search_term_string}\"},\"query-input\":{\"@type\":\"PropertyValueSpecification\",\"valueRequired\":true,\"valueName\":\"search_term_string\"}}],\"inLanguage\":\"fr-FR\"},{\"@type\":\"Organization\",\"@id\":\"https:\\\/\\\/www.marybakereddylibrary.org\\\/fr\\\/#organization\",\"name\":\"The Mary Baker Eddy Library\",\"url\":\"https:\\\/\\\/www.marybakereddylibrary.org\\\/fr\\\/\",\"logo\":{\"@type\":\"ImageObject\",\"inLanguage\":\"fr-FR\",\"@id\":\"https:\\\/\\\/www.marybakereddylibrary.org\\\/fr\\\/#\\\/schema\\\/logo\\\/image\\\/\",\"url\":\"https:\\\/\\\/www.marybakereddylibrary.org\\\/wp-content\\\/uploads\\\/2015\\\/03\\\/MBEL_logo_HR.jpg\",\"contentUrl\":\"https:\\\/\\\/www.marybakereddylibrary.org\\\/wp-content\\\/uploads\\\/2015\\\/03\\\/MBEL_logo_HR.jpg\",\"width\":2100,\"height\":2100,\"caption\":\"The Mary Baker Eddy Library\"},\"image\":{\"@id\":\"https:\\\/\\\/www.marybakereddylibrary.org\\\/fr\\\/#\\\/schema\\\/logo\\\/image\\\/\"},\"sameAs\":[\"https:\\\/\\\/www.facebook.com\\\/mbelibrary\",\"https:\\\/\\\/x.com\\\/mbelibrary\",\"https:\\\/\\\/www.instagram.com\\\/mbelibrary\"]},{\"@type\":\"Person\",\"@id\":\"https:\\\/\\\/www.marybakereddylibrary.org\\\/fr\\\/#\\\/schema\\\/person\\\/e64ecb3784234ea18ed5ec868aa4357a\",\"name\":\"Rhyan du Peloux\",\"image\":{\"@type\":\"ImageObject\",\"inLanguage\":\"fr-FR\",\"@id\":\"https:\\\/\\\/secure.gravatar.com\\\/avatar\\\/9d78c42891c93bd554240bd0ff5b9924702e66a0d7d03074975444ef0f7cab5c?s=96&d=mm&r=g\",\"url\":\"https:\\\/\\\/secure.gravatar.com\\\/avatar\\\/9d78c42891c93bd554240bd0ff5b9924702e66a0d7d03074975444ef0f7cab5c?s=96&d=mm&r=g\",\"contentUrl\":\"https:\\\/\\\/secure.gravatar.com\\\/avatar\\\/9d78c42891c93bd554240bd0ff5b9924702e66a0d7d03074975444ef0f7cab5c?s=96&d=mm&r=g\",\"caption\":\"Rhyan du Peloux\"}}]}<\/script>\n<!-- \/ Yoast SEO plugin. -->","yoast_head_json":{"title":"Mary Baker Eddy a-t-elle \u00e9crit \u00ab&nbsp;Jour&nbsp;\u00bb&nbsp;? - La Biblioth\u00e8que Mary Baker Eddy","description":"Lisez ces explications \u00e0 propos d\u2019un manuscrit qui a beaucoup circul\u00e9.","robots":{"index":"index","follow":"follow","max-snippet":"max-snippet:-1","max-image-preview":"max-image-preview:large","max-video-preview":"max-video-preview:-1"},"canonical":"https:\/\/www.marybakereddylibrary.org\/fr\/research\/mary-baker-eddy-a-t-elle-ecrit-jour\/","og_locale":"fr_FR","og_type":"article","og_title":"Mary Baker Eddy a-t-elle \u00e9crit \u00ab&nbsp;Jour&nbsp;\u00bb&nbsp;? - La Biblioth\u00e8que Mary Baker Eddy","og_description":"Lisez ces explications \u00e0 propos d\u2019un manuscrit qui a beaucoup circul\u00e9.","og_url":"https:\/\/www.marybakereddylibrary.org\/fr\/research\/mary-baker-eddy-a-t-elle-ecrit-jour\/","og_site_name":"La Biblioth\u00e8que Mary Baker Eddy","article_publisher":"https:\/\/www.facebook.com\/mbelibrary","article_published_time":"2024-02-08T00:29:27+00:00","author":"Rhyan du Peloux","twitter_misc":{"\u00c9crit par":"Rhyan du Peloux","Dur\u00e9e de lecture estim\u00e9e":"2 minutes"},"schema":{"@context":"https:\/\/schema.org","@graph":[{"@type":"Article","@id":"https:\/\/www.marybakereddylibrary.org\/fr\/research\/mary-baker-eddy-a-t-elle-ecrit-jour\/#article","isPartOf":{"@id":"https:\/\/www.marybakereddylibrary.org\/fr\/research\/mary-baker-eddy-a-t-elle-ecrit-jour\/"},"author":{"name":"Rhyan du Peloux","@id":"https:\/\/www.marybakereddylibrary.org\/fr\/#\/schema\/person\/e64ecb3784234ea18ed5ec868aa4357a"},"headline":"Mary Baker Eddy a-t-elle \u00e9crit \u00ab&nbsp;Jour&nbsp;\u00bb&nbsp;?","datePublished":"2024-02-08T00:29:27+00:00","mainEntityOfPage":{"@id":"https:\/\/www.marybakereddylibrary.org\/fr\/research\/mary-baker-eddy-a-t-elle-ecrit-jour\/"},"wordCount":510,"publisher":{"@id":"https:\/\/www.marybakereddylibrary.org\/fr\/#organization"},"keywords":["Vie de Mary Baker Eddy"],"articleSection":["Authentifications"],"inLanguage":"fr-FR"},{"@type":"WebPage","@id":"https:\/\/www.marybakereddylibrary.org\/fr\/research\/mary-baker-eddy-a-t-elle-ecrit-jour\/","url":"https:\/\/www.marybakereddylibrary.org\/fr\/research\/mary-baker-eddy-a-t-elle-ecrit-jour\/","name":"Mary Baker Eddy a-t-elle \u00e9crit \u00ab&nbsp;Jour&nbsp;\u00bb&nbsp;? - La Biblioth\u00e8que Mary Baker Eddy","isPartOf":{"@id":"https:\/\/www.marybakereddylibrary.org\/fr\/#website"},"datePublished":"2024-02-08T00:29:27+00:00","description":"Lisez ces explications \u00e0 propos d\u2019un manuscrit qui a beaucoup circul\u00e9.","breadcrumb":{"@id":"https:\/\/www.marybakereddylibrary.org\/fr\/research\/mary-baker-eddy-a-t-elle-ecrit-jour\/#breadcrumb"},"inLanguage":"fr-FR","potentialAction":[{"@type":"ReadAction","target":["https:\/\/www.marybakereddylibrary.org\/fr\/research\/mary-baker-eddy-a-t-elle-ecrit-jour\/"]}]},{"@type":"BreadcrumbList","@id":"https:\/\/www.marybakereddylibrary.org\/fr\/research\/mary-baker-eddy-a-t-elle-ecrit-jour\/#breadcrumb","itemListElement":[{"@type":"ListItem","position":1,"name":"Accueil","item":"https:\/\/www.marybakereddylibrary.org\/fr\/"},{"@type":"ListItem","position":2,"name":"Mary Baker Eddy a-t-elle \u00e9crit \u00ab&nbsp;Jour&nbsp;\u00bb&nbsp;?"}]},{"@type":"WebSite","@id":"https:\/\/www.marybakereddylibrary.org\/fr\/#website","url":"https:\/\/www.marybakereddylibrary.org\/fr\/","name":"La Biblioth\u00e8que Mary Baker Eddy","description":"","publisher":{"@id":"https:\/\/www.marybakereddylibrary.org\/fr\/#organization"},"potentialAction":[{"@type":"SearchAction","target":{"@type":"EntryPoint","urlTemplate":"https:\/\/www.marybakereddylibrary.org\/fr\/?s={search_term_string}"},"query-input":{"@type":"PropertyValueSpecification","valueRequired":true,"valueName":"search_term_string"}}],"inLanguage":"fr-FR"},{"@type":"Organization","@id":"https:\/\/www.marybakereddylibrary.org\/fr\/#organization","name":"The Mary Baker Eddy Library","url":"https:\/\/www.marybakereddylibrary.org\/fr\/","logo":{"@type":"ImageObject","inLanguage":"fr-FR","@id":"https:\/\/www.marybakereddylibrary.org\/fr\/#\/schema\/logo\/image\/","url":"https:\/\/www.marybakereddylibrary.org\/wp-content\/uploads\/2015\/03\/MBEL_logo_HR.jpg","contentUrl":"https:\/\/www.marybakereddylibrary.org\/wp-content\/uploads\/2015\/03\/MBEL_logo_HR.jpg","width":2100,"height":2100,"caption":"The Mary Baker Eddy Library"},"image":{"@id":"https:\/\/www.marybakereddylibrary.org\/fr\/#\/schema\/logo\/image\/"},"sameAs":["https:\/\/www.facebook.com\/mbelibrary","https:\/\/x.com\/mbelibrary","https:\/\/www.instagram.com\/mbelibrary"]},{"@type":"Person","@id":"https:\/\/www.marybakereddylibrary.org\/fr\/#\/schema\/person\/e64ecb3784234ea18ed5ec868aa4357a","name":"Rhyan du Peloux","image":{"@type":"ImageObject","inLanguage":"fr-FR","@id":"https:\/\/secure.gravatar.com\/avatar\/9d78c42891c93bd554240bd0ff5b9924702e66a0d7d03074975444ef0f7cab5c?s=96&d=mm&r=g","url":"https:\/\/secure.gravatar.com\/avatar\/9d78c42891c93bd554240bd0ff5b9924702e66a0d7d03074975444ef0f7cab5c?s=96&d=mm&r=g","contentUrl":"https:\/\/secure.gravatar.com\/avatar\/9d78c42891c93bd554240bd0ff5b9924702e66a0d7d03074975444ef0f7cab5c?s=96&d=mm&r=g","caption":"Rhyan du Peloux"}}]}},"_links":{"self":[{"href":"https:\/\/www.marybakereddylibrary.org\/fr\/wp-json\/wp\/v2\/posts\/65432","targetHints":{"allow":["GET"]}}],"collection":[{"href":"https:\/\/www.marybakereddylibrary.org\/fr\/wp-json\/wp\/v2\/posts"}],"about":[{"href":"https:\/\/www.marybakereddylibrary.org\/fr\/wp-json\/wp\/v2\/types\/post"}],"author":[{"embeddable":true,"href":"https:\/\/www.marybakereddylibrary.org\/fr\/wp-json\/wp\/v2\/users\/52"}],"replies":[{"embeddable":true,"href":"https:\/\/www.marybakereddylibrary.org\/fr\/wp-json\/wp\/v2\/comments?post=65432"}],"version-history":[{"count":0,"href":"https:\/\/www.marybakereddylibrary.org\/fr\/wp-json\/wp\/v2\/posts\/65432\/revisions"}],"wp:attachment":[{"href":"https:\/\/www.marybakereddylibrary.org\/fr\/wp-json\/wp\/v2\/media?parent=65432"}],"wp:term":[{"taxonomy":"category","embeddable":true,"href":"https:\/\/www.marybakereddylibrary.org\/fr\/wp-json\/wp\/v2\/categories?post=65432"},{"taxonomy":"post_tag","embeddable":true,"href":"https:\/\/www.marybakereddylibrary.org\/fr\/wp-json\/wp\/v2\/tags?post=65432"}],"curies":[{"name":"wp","href":"https:\/\/api.w.org\/{rel}","templated":true}]}}