{"id":75200,"date":"2024-08-01T08:00:51","date_gmt":"2024-08-01T12:00:51","guid":{"rendered":"https:\/\/www.marybakereddylibrary.org\/?p=75200"},"modified":"2024-07-23T13:21:43","modified_gmt":"2024-07-23T17:21:43","slug":"mary-baker-eddy-fetait-elle-les-anniversaires","status":"publish","type":"post","link":"https:\/\/www.marybakereddylibrary.org\/fr\/research\/mary-baker-eddy-fetait-elle-les-anniversaires\/","title":{"rendered":"Mary Baker Eddy f\u00eatait-elle les anniversaires&nbsp;?"},"content":{"rendered":"<div id=\"modal-ready\"><p>[et_pb_section fb_built=&#8221;1&#8243; fullwidth=&#8221;on&#8221; _builder_version=&#8221;4.16&#8243; global_colors_info=&#8221;{}&#8221;][et_pb_fullwidth_post_title author=&#8221;off&#8221; date_format=&#8221;j F Y&#8221; categories=&#8221;off&#8221; comments=&#8221;off&#8221; featured_image=&#8221;off&#8221; _builder_version=&#8221;4.16&#8243; z_index_tablet=&#8221;500&#8243; title_text_shadow_horizontal_length_tablet=&#8221;0px&#8221; title_text_shadow_vertical_length_tablet=&#8221;0px&#8221; title_text_shadow_blur_strength_tablet=&#8221;1px&#8221; meta_text_shadow_horizontal_length_tablet=&#8221;0px&#8221; meta_text_shadow_vertical_length_tablet=&#8221;0px&#8221; meta_text_shadow_blur_strength_tablet=&#8221;1px&#8221; box_shadow_horizontal_tablet=&#8221;0px&#8221; box_shadow_vertical_tablet=&#8221;0px&#8221; box_shadow_blur_tablet=&#8221;40px&#8221; box_shadow_spread_tablet=&#8221;0px&#8221; text_shadow_horizontal_length_tablet=&#8221;0px&#8221; text_shadow_vertical_length_tablet=&#8221;0px&#8221; text_shadow_blur_strength_tablet=&#8221;1px&#8221; global_colors_info=&#8221;{}&#8221;][\/et_pb_fullwidth_post_title][\/et_pb_section][et_pb_section fb_built=&#8221;1&#8243; _builder_version=&#8221;4.16&#8243; global_colors_info=&#8221;{}&#8221;][et_pb_row column_structure=&#8221;2_3,1_3&#8243; _builder_version=&#8221;4.16&#8243; background_size=&#8221;initial&#8221; background_position=&#8221;top_left&#8221; background_repeat=&#8221;repeat&#8221; global_colors_info=&#8221;{}&#8221;][et_pb_column type=&#8221;2_3&#8243; _builder_version=&#8221;4.16&#8243; custom_padding=&#8221;|||&#8221; global_colors_info=&#8221;{}&#8221; custom_padding__hover=&#8221;|||&#8221;][et_pb_image src=&#8221;https:\/\/www.marybakereddylibrary.org\/wp-content\/uploads\/2023\/03\/2023-03b_Eddy_and_birthdays.jpeg&#8221; alt=&#8221;Photograph of &#8221; title_text=&#8221;2023-03b_Eddy_and_birthdays&#8221; _builder_version=&#8221;4.21.0&#8243; _module_preset=&#8221;default&#8221; global_colors_info=&#8221;{}&#8221;][\/et_pb_image][et_pb_text admin_label=&#8221;Text&#8221; _builder_version=&#8221;4.21.0&#8243; global_colors_info=&#8221;{}&#8221;]<\/p>\n<p style=\"text-align: center;\"><strong>Mary Baker Eddy \u00e0 Helen Nixon, 16 juillet 1890, L04135.<\/strong><\/p>\n<p>&nbsp;<\/p>\n<p>R\u00e9cemment, on nous a demand\u00e9 si Mary Baker Eddy f\u00eatait son anniversaire ou celui d\u2019autres personnes. L\u2019auteur de la question nous a \u00e9galement fait part des recherches qu\u2019il avait d\u00e9j\u00e0 effectu\u00e9es avant de nous contacter. C\u2019est un vrai plaisir de voir des lecteurs se plonger dans nos collections, dans les \u00e9crits publi\u00e9s de Mary Baker Eddy et dans les p\u00e9riodiques de la Science Chr\u00e9tienne&nbsp;!<\/p>\n<p>Par exemple, il a cit\u00e9 des passages de <i>Science et Sant\u00e9 avec la Clef des Ecritures<\/i> et d\u2019<i>Ecrits divers 1883-1896<\/i>.<span id='easy-footnote-1-75200' class='easy-footnote-margin-adjust'><\/span><span class='easy-footnote'><a href='https:\/\/www.marybakereddylibrary.org\/fr\/research\/mary-baker-eddy-fetait-elle-les-anniversaires\/#easy-footnote-bottom-1-75200' title='Mary Baker Eddy, &lt;i&gt;Science et Sant\u00e9 avec la Clef des Ecritures&lt;\/i&gt; (Boston: The Christian Science Board of Directors), 246\u00a0; &lt;i&gt;Ecrits divers 1883-1896&lt;\/i&gt; (Boston: The Christian Science Board of Directors), 225.'><sup>1<\/sup><\/a><\/span> Il a \u00e9galement trouv\u00e9 un \u00e9ditorial du <a href=\"https:\/\/sentinel.christianscience.com\/shared\/view\/109x31pte14?s=copylink\"><i>Troy Press<\/i><\/a>, journal publi\u00e9 \u00e0 l\u2019\u00e9poque \u00e0 Troy (dans l\u2019Etat de New York), et r\u00e9imprim\u00e9 dans le <i>Christian Science Sentinel<\/i> du 30 juillet 1910.<span id='easy-footnote-2-75200' class='easy-footnote-margin-adjust'><\/span><span class='easy-footnote'><a href='https:\/\/www.marybakereddylibrary.org\/fr\/research\/mary-baker-eddy-fetait-elle-les-anniversaires\/#easy-footnote-bottom-2-75200' title='\u00ab&nbsp;Mrs. Mary Baker Eddy, Founder of Christian Science &amp;#8230; \u00bb [M&lt;sup&gt;me&lt;\/sup&gt; Mary Baker Eddy, fondatrice de la Science Chr\u00e9tienne&amp;#8230;], &lt;i&gt;Christian Science Sentinel&lt;\/i&gt;, 30 juillet 1910, 947.'><sup>2<\/sup><\/a><\/span> Deux lettres provenant des archives de la Biblioth\u00e8que Mary Baker Eddy lui ont \u00e9galement sembl\u00e9 int\u00e9ressantes.<span id='easy-footnote-3-75200' class='easy-footnote-margin-adjust'><\/span><span class='easy-footnote'><a href='https:\/\/www.marybakereddylibrary.org\/fr\/research\/mary-baker-eddy-fetait-elle-les-anniversaires\/#easy-footnote-bottom-3-75200' title='Voir L05141 et L09969.'><sup>3<\/sup><\/a><\/span><\/p>\n<p>\u00ab\u00a0J\u2019appr\u00e9cierais tout \u00e9clairage compl\u00e9mentaire de votre part, \u00e9crit-il, sur la question de savoir si Mary Baker Eddy f\u00eatait son propre anniversaire, ou sur les conseils qu\u2019elle a pu donner \u00e0 d\u2019autres personnes sur le m\u00eame sujet.\u00a0\u00bb En guise de r\u00e9ponse, voici ce que nous avons trouv\u00e9.<\/p>\n<p>Alors que Mary Baker Eddy a reconnu le 16 juillet 1821 comme la date de sa naissance dans la lettre ci-bas, elle ne l\u2019a jamais f\u00eat\u00e9.<span id='easy-footnote-4-75200' class='easy-footnote-margin-adjust'><\/span><span class='easy-footnote'><a href='https:\/\/www.marybakereddylibrary.org\/fr\/research\/mary-baker-eddy-fetait-elle-les-anniversaires\/#easy-footnote-bottom-4-75200' title='L\u2019article \u00ab&nbsp;Signes des temps&nbsp;\u00bb, qui appara\u00eet aux pages 235-236 du livre de Mary Baker Eddy &lt;em&gt;La Premi\u00e8re Eglise du Christ, Scientiste, et Miscellan\u00e9es &lt;\/em&gt;(Boston: The Christian Science Board of Directors), relate un incident particulier qui lui fait dire que la comm\u00e9moration d\u2019anniversaires est \u00ab&nbsp;d\u00e9pourvue de sens&nbsp;\u00bb.'><sup>4<\/sup><\/a><\/span> Le 16 juillet 1890, elle \u00e9crit ceci \u00e0 son \u00e9l\u00e8ve Helen Nixon&nbsp;:<\/p>\n<blockquote>\n<p>L\u2019histoire appellera cela mon anniversaire. Mais il est bon de savoir que je ne suis pas n\u00e9e de la chair mais de l\u2019Esprit.<span id='easy-footnote-5-75200' class='easy-footnote-margin-adjust'><\/span><span class='easy-footnote'><a href='https:\/\/www.marybakereddylibrary.org\/fr\/research\/mary-baker-eddy-fetait-elle-les-anniversaires\/#easy-footnote-bottom-5-75200' title='Mary Baker Eddy \u00e0 Helen Nixon, 16 juillet 1890, L04135.'><sup>5<\/sup><\/a><\/span><\/p>\n<\/blockquote>\n<p>En 1896, Mary Baker Eddy fait une d\u00e9claration similaire dans le post-scriptum d\u2019une lettre \u00e0 son \u00e9l\u00e8ve Joseph Armstrong\u00a0:<\/p>\n<blockquote>\n<p>Demain, c\u2019est mon anniversaire. C&#8217;est du moins ce que dit l\u2019entendement mortel[.]<span id='easy-footnote-6-75200' class='easy-footnote-margin-adjust'><\/span><span class='easy-footnote'><a href='https:\/\/www.marybakereddylibrary.org\/fr\/research\/mary-baker-eddy-fetait-elle-les-anniversaires\/#easy-footnote-bottom-6-75200' title='Mary Baker Eddy \u00e0 Joseph Armstrong, 15 juillet 1896, L02789.'><sup>6<\/sup><\/a><\/span><\/p>\n<\/blockquote>\n<p>Bien qu\u2019elle n\u2019ait pas f\u00eat\u00e9 son anniversaire, elle a bien re\u00e7u un cadeau d\u2019anniversaire de la part de cinq de ses \u00e9l\u00e8ves en 1897, et elle leur a \u00e9crit un aimable mot de remerciement\u00a0:<\/p>\n<blockquote>\n<p>Mon anniversaire, vous en avez fait quelque chose de non seulement historique, mais de sacr\u00e9 dans la m\u00e9moire de cinq de mes \u00e9l\u00e8ves les plus pr\u00e9cieux et les plus aim\u00e9s. Depuis trente ans, je m\u2019efforce d\u2019oublier ce qui est derri\u00e8re moi, mais le cadeau que vous m\u2019avez fait, en m\u2019offrant en ce jour une tr\u00e8s belle carafe argent\u00e9e, lui donne de la valeur, le rend m\u00e9morable, et cela doit \u00eatre joyeusement gard\u00e9 \u00e0 la m\u00e9moire. Acceptez mes remerciements les plus sinc\u00e8res&#8230;<span id='easy-footnote-7-75200' class='easy-footnote-margin-adjust'><\/span><span class='easy-footnote'><a href='https:\/\/www.marybakereddylibrary.org\/fr\/research\/mary-baker-eddy-fetait-elle-les-anniversaires\/#easy-footnote-bottom-7-75200' title='Mary Baker Eddy \u00e0 Elizabeth Webster, Mary M.W. Adams, Ruth B. Ewing, Kate Davidson Kimball et Edward A. Kimball, 16 juillet 1897, L07460.'><sup>7<\/sup><\/a><\/span><\/p>\n<\/blockquote>\n<p>Mary Baker Eddy envoyait parfois des messages et des cadeaux \u00e0 d\u2019autres personnes \u00e0 l\u2019occasion de leur anniversaire. Par exemple, en septembre 1881, elle \u00e9crit \u00e0 Alice Sibley, apr\u00e8s lui avoir donn\u00e9 un exemplaire de la troisi\u00e8me \u00e9dition r\u00e9cemment publi\u00e9e de <i>Science et Sant\u00e9<\/i>\u00a0:<\/p>\n<blockquote>\n<p>Je suis ravie d\u2019apprendre que le cadeau que je vous ai fait pour votre anniversaire vous a plu. J\u2019esp\u00e8re que le bien qu\u2019il fera repr\u00e9sentera les fruits de cette heure natale pour vous-m\u00eame et pour la race[.]<span id='easy-footnote-8-75200' class='easy-footnote-margin-adjust'><\/span><span class='easy-footnote'><a href='https:\/\/www.marybakereddylibrary.org\/fr\/research\/mary-baker-eddy-fetait-elle-les-anniversaires\/#easy-footnote-bottom-8-75200' title='Mary Baker Eddy \u00e0 Alice Sibley, 3 septembre 1881, &lt;a href=&quot;https:\/\/mbepapers.org\/?load=L11209&quot;&gt;L11209&lt;\/a&gt;.'><sup>8<\/sup><\/a><\/span><\/p>\n<\/blockquote>\n<p>En 1886, Mary Baker Eddy remet un ch\u00e8que de 500 dollars \u00e0 son \u00e9l\u00e8ve Frank E. Mason \u00e0 l\u2019occasion de son anniversaire, accompagn\u00e9 d\u2019un message. \u00ab\u00a0Acceptez ce cadeau d\u2019anniversaire, \u00e9crit-elle, avec le d\u00e9sir longuement m\u00fbri que chaque ann\u00e9e vous rende plus sage, plus noble et plus fort.\u00a0\u00bb<span id='easy-footnote-9-75200' class='easy-footnote-margin-adjust'><\/span><span class='easy-footnote'><a href='https:\/\/www.marybakereddylibrary.org\/fr\/research\/mary-baker-eddy-fetait-elle-les-anniversaires\/#easy-footnote-bottom-9-75200' title='Mary Baker Eddy \u00e0 Frank E. Mason, 24 ao\u00fbt 1886, L13081.'><sup>9<\/sup><\/a><\/span><\/p>\n<p>Dans son livre <i>The Destiny of The Mother Church<\/i> [Le destin de L\u2019Eglise M\u00e8re], Bliss Knapp mentionne son p\u00e8re, Ira O. Knapp. et son \u00ab\u00a0attitude anormale au sujet de la c\u00e9l\u00e9bration des anniversaires\u00a0\u00bb. On y trouve un aper\u00e7u de la r\u00e9ponse de Mary Baker Eddy quant aux points de vue \u00ab\u00a0extr\u00eames\u00a0\u00bb d\u2019Ira O. Knapp\u00a0:<\/p>\n<blockquote>\n<p>Ainsi, le jour de l\u2019anniversaire [d\u2019Ira O. Knapp], qui tombait pendant le s\u00e9jour de Mary Baker Eddy \u00e0 Roslindale, celle-ci lui envoie un cadeau&nbsp;! Elle lui offre sa photo dans un cadre peint \u00e0 la main et un beau bouquet de fleurs dans un vase. Elle se souvient \u00e9galement du jour d\u2019anniversaire de Bliss Knapp et lui envoie son canari pr\u00e9f\u00e9r\u00e9 dans une jolie cage en laiton. M. Knapp a retenu la le\u00e7on et, \u00e0 partir de ce moment-l\u00e0, il s\u2019est montr\u00e9 moins extr\u00eame en ce qui concerne les affaires humaines ordinaires. Il faut cependant rappeler que toute personne qui serait all\u00e9e trop loin dans l\u2019autre sens se serait aussi attir\u00e9e les reproches de Mary Baker Eddy.<span id='easy-footnote-10-75200' class='easy-footnote-margin-adjust'><\/span><span class='easy-footnote'><a href='https:\/\/www.marybakereddylibrary.org\/fr\/research\/mary-baker-eddy-fetait-elle-les-anniversaires\/#easy-footnote-bottom-10-75200' title='Bliss Knapp, &lt;i&gt;The Destiny of The Mother Church&lt;\/i&gt; [Le destin de L\u2019Eglise M\u00e8re] (Boston: The Christian Science Publishing Society, 1991), 43-44.'><sup>10<\/sup><\/a><\/span><\/p>\n<\/blockquote>\n<p>Nos archives indiquent \u00e9galement que La Premi\u00e8re Eglise du Christ, Scientiste (L\u2019Eglise M\u00e8re), \u00e0 Boston, a comm\u00e9mor\u00e9 \u00e0 plusieurs occasions les anniversaires officiels de personnalit\u00e9s historiques \u00e9minentes, en r\u00e9ponse \u00e0 une proclamation du gouverneur du Massachusetts. Ainsi, entre 1907 et 1910, l\u2019Eglise a tenu un service sp\u00e9cial, le \u00ab\u00a0Lincoln Day Service\u00a0\u00bb, le 12 f\u00e9vrier, jour anniversaire de la naissance d\u2019Abraham Lincoln. D\u2019autres filiales am\u00e9ricaines de La Premi\u00e8re Eglise du Christ, Scientiste, ont fait de m\u00eame. Les Le\u00e7ons bibliques pr\u00e9par\u00e9es sp\u00e9cialement pour ces services \u00e9taient publi\u00e9es dans le <i>Sentinel<\/i>.<\/p>\n<hr \/>\n<p><em>Cet article est aussi disponible sur nos sites en <a href=\"https:\/\/www.marybakereddylibrary.org\/de\/hat-mary-baker-eddy-geburtstage-gefeiert\/\" target=\"_blank\" rel=\"noopener\"><strong>allemand<\/strong><\/a>, <a href=\"https:\/\/www.marybakereddylibrary.org\/research\/did-mary-baker-eddy-celebrate-birthdays\/\" target=\"_blank\" rel=\"noopener\"><strong>anglais<\/strong><\/a>, <a href=\"https:\/\/www.marybakereddylibrary.org\/es\/research\/celebraba-mary-baker-eddy-los-cumpleanos\/\" target=\"_blank\" rel=\"noopener\"><strong>espagnol<\/strong><\/a> et <a href=\"https:\/\/www.marybakereddylibrary.org\/pt-br\/research\/mary-baker-eddy-comemorava-aniversarios\/\" target=\"_blank\" rel=\"noopener\"><strong>portugais<\/strong><\/a>.<\/em><\/p>\n<p>[\/et_pb_text][\/et_pb_column][et_pb_column type=&#8221;1_3&#8243; _builder_version=&#8221;4.21.0&#8243; _module_preset=&#8221;default&#8221; global_colors_info=&#8221;{}&#8221;][et_pb_sidebar area=&#8221;sidebar-1&#8243; _builder_version=&#8221;4.16&#8243; global_colors_info=&#8221;{}&#8221;][\/et_pb_sidebar][\/et_pb_column][\/et_pb_row][\/et_pb_section]<\/p>\n<\/div>","protected":false},"excerpt":{"rendered":"<p>D\u00e9couvrez pourquoi on ne peut r\u00e9pondre simplement par \u00ab&nbsp;oui&nbsp;\u00bb ou par \u00ab&nbsp;non&nbsp;\u00bb.<\/p>","protected":false},"author":52,"featured_media":55081,"comment_status":"closed","ping_status":"closed","sticky":false,"template":"","format":"standard","meta":{"_et_pb_use_builder":"on","_et_pb_old_content":"","_et_gb_content_width":"","_oasis_is_in_workflow":0,"_oasis_original":0,"_oasis_task_priority":"","_relevanssi_hide_post":"","_relevanssi_hide_content":"","_relevanssi_pin_for_all":"","_relevanssi_pin_keywords":"","_relevanssi_unpin_keywords":"","_relevanssi_related_keywords":"","_relevanssi_related_include_ids":"","_relevanssi_related_exclude_ids":"","_relevanssi_related_no_append":"","_relevanssi_related_not_related":"","_relevanssi_related_posts":"","_relevanssi_noindex_reason":"","inline_featured_image":false,"episode_type":"","audio_file":"","podmotor_file_id":"","podmotor_episode_id":"","cover_image":"","cover_image_id":"","duration":"","filesize":"","filesize_raw":"","date_recorded":"","explicit":"","block":"","itunes_episode_number":"","itunes_title":"","itunes_season_number":"","itunes_episode_type":"","footnotes":""},"categories":[210],"tags":[124,118,125],"class_list":["post-75200","post","type-post","status-publish","format-standard","has-post-thumbnail","hentry","category-nos-archivistes-vous-repondent-fr","tag-ecrits-de-mary-baker-eddy","tag-recherche","tag-vie-de-mary-baker-eddy"],"yoast_head":"<!-- This site is optimized with the Yoast SEO plugin v27.5 - https:\/\/yoast.com\/product\/yoast-seo-wordpress\/ -->\n<title>Mary Baker Eddy f\u00eatait-elle les anniversaires&nbsp;? - La Biblioth\u00e8que Mary Baker Eddy<\/title>\n<meta name=\"description\" content=\"D\u00e9couvrez pourquoi on ne peut r\u00e9pondre simplement par \u00ab&nbsp;oui&nbsp;\u00bb ou par \u00ab&nbsp;non&nbsp;\u00bb.\" \/>\n<meta name=\"robots\" content=\"index, follow, max-snippet:-1, max-image-preview:large, max-video-preview:-1\" \/>\n<link rel=\"canonical\" href=\"https:\/\/www.marybakereddylibrary.org\/fr\/research\/mary-baker-eddy-fetait-elle-les-anniversaires\/\" \/>\n<meta property=\"og:locale\" content=\"fr_FR\" \/>\n<meta property=\"og:type\" content=\"article\" \/>\n<meta property=\"og:title\" content=\"Mary Baker Eddy f\u00eatait-elle les anniversaires&nbsp;?\" \/>\n<meta property=\"og:description\" content=\"D\u00e9couvrez pourquoi on ne peut r\u00e9pondre simplement par \u00ab&nbsp;oui&nbsp;\u00bb ou par \u00ab&nbsp;non&nbsp;\u00bb.\" \/>\n<meta property=\"og:url\" content=\"https:\/\/www.marybakereddylibrary.org\/fr\/research\/mary-baker-eddy-fetait-elle-les-anniversaires\/\" \/>\n<meta property=\"og:site_name\" content=\"La Biblioth\u00e8que Mary Baker Eddy\" \/>\n<meta property=\"article:publisher\" content=\"https:\/\/www.facebook.com\/mbelibrary\" \/>\n<meta property=\"article:published_time\" content=\"2024-08-01T12:00:51+00:00\" \/>\n<meta property=\"og:image\" content=\"https:\/\/www.marybakereddylibrary.org\/wp-content\/uploads\/2023\/03\/2023-04d_Weddings_and_funerals.jpeg\" \/>\n\t<meta property=\"og:image:width\" content=\"1200\" \/>\n\t<meta property=\"og:image:height\" content=\"750\" \/>\n\t<meta property=\"og:image:type\" content=\"image\/jpeg\" \/>\n<meta name=\"author\" content=\"Rhyan du Peloux\" \/>\n<meta name=\"twitter:label1\" content=\"\u00c9crit par\" \/>\n\t<meta name=\"twitter:data1\" content=\"Rhyan du Peloux\" \/>\n\t<meta name=\"twitter:label2\" content=\"Dur\u00e9e de lecture estim\u00e9e\" \/>\n\t<meta name=\"twitter:data2\" content=\"4 minutes\" \/>\n<script type=\"application\/ld+json\" class=\"yoast-schema-graph\">{\"@context\":\"https:\\\/\\\/schema.org\",\"@graph\":[{\"@type\":\"Article\",\"@id\":\"https:\\\/\\\/www.marybakereddylibrary.org\\\/fr\\\/research\\\/mary-baker-eddy-fetait-elle-les-anniversaires\\\/#article\",\"isPartOf\":{\"@id\":\"https:\\\/\\\/www.marybakereddylibrary.org\\\/fr\\\/research\\\/mary-baker-eddy-fetait-elle-les-anniversaires\\\/\"},\"author\":{\"name\":\"Rhyan du Peloux\",\"@id\":\"https:\\\/\\\/www.marybakereddylibrary.org\\\/fr\\\/#\\\/schema\\\/person\\\/e64ecb3784234ea18ed5ec868aa4357a\"},\"headline\":\"Mary Baker Eddy f\u00eatait-elle les anniversaires&nbsp;?\",\"datePublished\":\"2024-08-01T12:00:51+00:00\",\"mainEntityOfPage\":{\"@id\":\"https:\\\/\\\/www.marybakereddylibrary.org\\\/fr\\\/research\\\/mary-baker-eddy-fetait-elle-les-anniversaires\\\/\"},\"wordCount\":1345,\"publisher\":{\"@id\":\"https:\\\/\\\/www.marybakereddylibrary.org\\\/fr\\\/#organization\"},\"image\":{\"@id\":\"https:\\\/\\\/www.marybakereddylibrary.org\\\/fr\\\/research\\\/mary-baker-eddy-fetait-elle-les-anniversaires\\\/#primaryimage\"},\"thumbnailUrl\":\"https:\\\/\\\/www.marybakereddylibrary.org\\\/wp-content\\\/uploads\\\/2023\\\/03\\\/2023-03b_Eddy_and_birthdays.jpeg\",\"keywords\":[\"Ecrits de Mary Baker Eddy\",\"Recherche\",\"Vie de Mary Baker Eddy\"],\"articleSection\":[\"Nos archivistes vous r\u00e9pondent\"],\"inLanguage\":\"fr-FR\"},{\"@type\":\"WebPage\",\"@id\":\"https:\\\/\\\/www.marybakereddylibrary.org\\\/fr\\\/research\\\/mary-baker-eddy-fetait-elle-les-anniversaires\\\/\",\"url\":\"https:\\\/\\\/www.marybakereddylibrary.org\\\/fr\\\/research\\\/mary-baker-eddy-fetait-elle-les-anniversaires\\\/\",\"name\":\"Mary Baker Eddy f\u00eatait-elle les anniversaires&nbsp;? - La Biblioth\u00e8que Mary Baker Eddy\",\"isPartOf\":{\"@id\":\"https:\\\/\\\/www.marybakereddylibrary.org\\\/fr\\\/#website\"},\"primaryImageOfPage\":{\"@id\":\"https:\\\/\\\/www.marybakereddylibrary.org\\\/fr\\\/research\\\/mary-baker-eddy-fetait-elle-les-anniversaires\\\/#primaryimage\"},\"image\":{\"@id\":\"https:\\\/\\\/www.marybakereddylibrary.org\\\/fr\\\/research\\\/mary-baker-eddy-fetait-elle-les-anniversaires\\\/#primaryimage\"},\"thumbnailUrl\":\"https:\\\/\\\/www.marybakereddylibrary.org\\\/wp-content\\\/uploads\\\/2023\\\/03\\\/2023-03b_Eddy_and_birthdays.jpeg\",\"datePublished\":\"2024-08-01T12:00:51+00:00\",\"description\":\"D\u00e9couvrez pourquoi on ne peut r\u00e9pondre simplement par \u00ab&nbsp;oui&nbsp;\u00bb ou par \u00ab&nbsp;non&nbsp;\u00bb.\",\"breadcrumb\":{\"@id\":\"https:\\\/\\\/www.marybakereddylibrary.org\\\/fr\\\/research\\\/mary-baker-eddy-fetait-elle-les-anniversaires\\\/#breadcrumb\"},\"inLanguage\":\"fr-FR\",\"potentialAction\":[{\"@type\":\"ReadAction\",\"target\":[\"https:\\\/\\\/www.marybakereddylibrary.org\\\/fr\\\/research\\\/mary-baker-eddy-fetait-elle-les-anniversaires\\\/\"]}]},{\"@type\":\"ImageObject\",\"inLanguage\":\"fr-FR\",\"@id\":\"https:\\\/\\\/www.marybakereddylibrary.org\\\/fr\\\/research\\\/mary-baker-eddy-fetait-elle-les-anniversaires\\\/#primaryimage\",\"url\":\"https:\\\/\\\/www.marybakereddylibrary.org\\\/wp-content\\\/uploads\\\/2023\\\/03\\\/2023-03b_Eddy_and_birthdays.jpeg\",\"contentUrl\":\"https:\\\/\\\/www.marybakereddylibrary.org\\\/wp-content\\\/uploads\\\/2023\\\/03\\\/2023-03b_Eddy_and_birthdays.jpeg\",\"width\":1200,\"height\":750},{\"@type\":\"BreadcrumbList\",\"@id\":\"https:\\\/\\\/www.marybakereddylibrary.org\\\/fr\\\/research\\\/mary-baker-eddy-fetait-elle-les-anniversaires\\\/#breadcrumb\",\"itemListElement\":[{\"@type\":\"ListItem\",\"position\":1,\"name\":\"Accueil\",\"item\":\"https:\\\/\\\/www.marybakereddylibrary.org\\\/fr\\\/\"},{\"@type\":\"ListItem\",\"position\":2,\"name\":\"Mary Baker Eddy f\u00eatait-elle les anniversaires&nbsp;?\"}]},{\"@type\":\"WebSite\",\"@id\":\"https:\\\/\\\/www.marybakereddylibrary.org\\\/fr\\\/#website\",\"url\":\"https:\\\/\\\/www.marybakereddylibrary.org\\\/fr\\\/\",\"name\":\"La Biblioth\u00e8que Mary Baker Eddy\",\"description\":\"\",\"publisher\":{\"@id\":\"https:\\\/\\\/www.marybakereddylibrary.org\\\/fr\\\/#organization\"},\"potentialAction\":[{\"@type\":\"SearchAction\",\"target\":{\"@type\":\"EntryPoint\",\"urlTemplate\":\"https:\\\/\\\/www.marybakereddylibrary.org\\\/fr\\\/?s={search_term_string}\"},\"query-input\":{\"@type\":\"PropertyValueSpecification\",\"valueRequired\":true,\"valueName\":\"search_term_string\"}}],\"inLanguage\":\"fr-FR\"},{\"@type\":\"Organization\",\"@id\":\"https:\\\/\\\/www.marybakereddylibrary.org\\\/fr\\\/#organization\",\"name\":\"The Mary Baker Eddy Library\",\"url\":\"https:\\\/\\\/www.marybakereddylibrary.org\\\/fr\\\/\",\"logo\":{\"@type\":\"ImageObject\",\"inLanguage\":\"fr-FR\",\"@id\":\"https:\\\/\\\/www.marybakereddylibrary.org\\\/fr\\\/#\\\/schema\\\/logo\\\/image\\\/\",\"url\":\"https:\\\/\\\/www.marybakereddylibrary.org\\\/wp-content\\\/uploads\\\/2015\\\/03\\\/MBEL_logo_HR.jpg\",\"contentUrl\":\"https:\\\/\\\/www.marybakereddylibrary.org\\\/wp-content\\\/uploads\\\/2015\\\/03\\\/MBEL_logo_HR.jpg\",\"width\":2100,\"height\":2100,\"caption\":\"The Mary Baker Eddy Library\"},\"image\":{\"@id\":\"https:\\\/\\\/www.marybakereddylibrary.org\\\/fr\\\/#\\\/schema\\\/logo\\\/image\\\/\"},\"sameAs\":[\"https:\\\/\\\/www.facebook.com\\\/mbelibrary\",\"https:\\\/\\\/x.com\\\/mbelibrary\",\"https:\\\/\\\/www.instagram.com\\\/mbelibrary\"]},{\"@type\":\"Person\",\"@id\":\"https:\\\/\\\/www.marybakereddylibrary.org\\\/fr\\\/#\\\/schema\\\/person\\\/e64ecb3784234ea18ed5ec868aa4357a\",\"name\":\"Rhyan du Peloux\",\"image\":{\"@type\":\"ImageObject\",\"inLanguage\":\"fr-FR\",\"@id\":\"https:\\\/\\\/secure.gravatar.com\\\/avatar\\\/9d78c42891c93bd554240bd0ff5b9924702e66a0d7d03074975444ef0f7cab5c?s=96&d=mm&r=g\",\"url\":\"https:\\\/\\\/secure.gravatar.com\\\/avatar\\\/9d78c42891c93bd554240bd0ff5b9924702e66a0d7d03074975444ef0f7cab5c?s=96&d=mm&r=g\",\"contentUrl\":\"https:\\\/\\\/secure.gravatar.com\\\/avatar\\\/9d78c42891c93bd554240bd0ff5b9924702e66a0d7d03074975444ef0f7cab5c?s=96&d=mm&r=g\",\"caption\":\"Rhyan du Peloux\"}}]}<\/script>\n<!-- \/ Yoast SEO plugin. -->","yoast_head_json":{"title":"Mary Baker Eddy f\u00eatait-elle les anniversaires&nbsp;? - La Biblioth\u00e8que Mary Baker Eddy","description":"D\u00e9couvrez pourquoi on ne peut r\u00e9pondre simplement par \u00ab&nbsp;oui&nbsp;\u00bb ou par \u00ab&nbsp;non&nbsp;\u00bb.","robots":{"index":"index","follow":"follow","max-snippet":"max-snippet:-1","max-image-preview":"max-image-preview:large","max-video-preview":"max-video-preview:-1"},"canonical":"https:\/\/www.marybakereddylibrary.org\/fr\/research\/mary-baker-eddy-fetait-elle-les-anniversaires\/","og_locale":"fr_FR","og_type":"article","og_title":"Mary Baker Eddy f\u00eatait-elle les anniversaires&nbsp;?","og_description":"D\u00e9couvrez pourquoi on ne peut r\u00e9pondre simplement par \u00ab&nbsp;oui&nbsp;\u00bb ou par \u00ab&nbsp;non&nbsp;\u00bb.","og_url":"https:\/\/www.marybakereddylibrary.org\/fr\/research\/mary-baker-eddy-fetait-elle-les-anniversaires\/","og_site_name":"La Biblioth\u00e8que Mary Baker Eddy","article_publisher":"https:\/\/www.facebook.com\/mbelibrary","article_published_time":"2024-08-01T12:00:51+00:00","og_image":[{"width":1200,"height":750,"url":"https:\/\/www.marybakereddylibrary.org\/wp-content\/uploads\/2023\/03\/2023-04d_Weddings_and_funerals.jpeg","type":"image\/jpeg"}],"author":"Rhyan du Peloux","twitter_misc":{"\u00c9crit par":"Rhyan du Peloux","Dur\u00e9e de lecture estim\u00e9e":"4 minutes"},"schema":{"@context":"https:\/\/schema.org","@graph":[{"@type":"Article","@id":"https:\/\/www.marybakereddylibrary.org\/fr\/research\/mary-baker-eddy-fetait-elle-les-anniversaires\/#article","isPartOf":{"@id":"https:\/\/www.marybakereddylibrary.org\/fr\/research\/mary-baker-eddy-fetait-elle-les-anniversaires\/"},"author":{"name":"Rhyan du Peloux","@id":"https:\/\/www.marybakereddylibrary.org\/fr\/#\/schema\/person\/e64ecb3784234ea18ed5ec868aa4357a"},"headline":"Mary Baker Eddy f\u00eatait-elle les anniversaires&nbsp;?","datePublished":"2024-08-01T12:00:51+00:00","mainEntityOfPage":{"@id":"https:\/\/www.marybakereddylibrary.org\/fr\/research\/mary-baker-eddy-fetait-elle-les-anniversaires\/"},"wordCount":1345,"publisher":{"@id":"https:\/\/www.marybakereddylibrary.org\/fr\/#organization"},"image":{"@id":"https:\/\/www.marybakereddylibrary.org\/fr\/research\/mary-baker-eddy-fetait-elle-les-anniversaires\/#primaryimage"},"thumbnailUrl":"https:\/\/www.marybakereddylibrary.org\/wp-content\/uploads\/2023\/03\/2023-03b_Eddy_and_birthdays.jpeg","keywords":["Ecrits de Mary Baker Eddy","Recherche","Vie de Mary Baker Eddy"],"articleSection":["Nos archivistes vous r\u00e9pondent"],"inLanguage":"fr-FR"},{"@type":"WebPage","@id":"https:\/\/www.marybakereddylibrary.org\/fr\/research\/mary-baker-eddy-fetait-elle-les-anniversaires\/","url":"https:\/\/www.marybakereddylibrary.org\/fr\/research\/mary-baker-eddy-fetait-elle-les-anniversaires\/","name":"Mary Baker Eddy f\u00eatait-elle les anniversaires&nbsp;? - La Biblioth\u00e8que Mary Baker Eddy","isPartOf":{"@id":"https:\/\/www.marybakereddylibrary.org\/fr\/#website"},"primaryImageOfPage":{"@id":"https:\/\/www.marybakereddylibrary.org\/fr\/research\/mary-baker-eddy-fetait-elle-les-anniversaires\/#primaryimage"},"image":{"@id":"https:\/\/www.marybakereddylibrary.org\/fr\/research\/mary-baker-eddy-fetait-elle-les-anniversaires\/#primaryimage"},"thumbnailUrl":"https:\/\/www.marybakereddylibrary.org\/wp-content\/uploads\/2023\/03\/2023-03b_Eddy_and_birthdays.jpeg","datePublished":"2024-08-01T12:00:51+00:00","description":"D\u00e9couvrez pourquoi on ne peut r\u00e9pondre simplement par \u00ab&nbsp;oui&nbsp;\u00bb ou par \u00ab&nbsp;non&nbsp;\u00bb.","breadcrumb":{"@id":"https:\/\/www.marybakereddylibrary.org\/fr\/research\/mary-baker-eddy-fetait-elle-les-anniversaires\/#breadcrumb"},"inLanguage":"fr-FR","potentialAction":[{"@type":"ReadAction","target":["https:\/\/www.marybakereddylibrary.org\/fr\/research\/mary-baker-eddy-fetait-elle-les-anniversaires\/"]}]},{"@type":"ImageObject","inLanguage":"fr-FR","@id":"https:\/\/www.marybakereddylibrary.org\/fr\/research\/mary-baker-eddy-fetait-elle-les-anniversaires\/#primaryimage","url":"https:\/\/www.marybakereddylibrary.org\/wp-content\/uploads\/2023\/03\/2023-03b_Eddy_and_birthdays.jpeg","contentUrl":"https:\/\/www.marybakereddylibrary.org\/wp-content\/uploads\/2023\/03\/2023-03b_Eddy_and_birthdays.jpeg","width":1200,"height":750},{"@type":"BreadcrumbList","@id":"https:\/\/www.marybakereddylibrary.org\/fr\/research\/mary-baker-eddy-fetait-elle-les-anniversaires\/#breadcrumb","itemListElement":[{"@type":"ListItem","position":1,"name":"Accueil","item":"https:\/\/www.marybakereddylibrary.org\/fr\/"},{"@type":"ListItem","position":2,"name":"Mary Baker Eddy f\u00eatait-elle les anniversaires&nbsp;?"}]},{"@type":"WebSite","@id":"https:\/\/www.marybakereddylibrary.org\/fr\/#website","url":"https:\/\/www.marybakereddylibrary.org\/fr\/","name":"La Biblioth\u00e8que Mary Baker Eddy","description":"","publisher":{"@id":"https:\/\/www.marybakereddylibrary.org\/fr\/#organization"},"potentialAction":[{"@type":"SearchAction","target":{"@type":"EntryPoint","urlTemplate":"https:\/\/www.marybakereddylibrary.org\/fr\/?s={search_term_string}"},"query-input":{"@type":"PropertyValueSpecification","valueRequired":true,"valueName":"search_term_string"}}],"inLanguage":"fr-FR"},{"@type":"Organization","@id":"https:\/\/www.marybakereddylibrary.org\/fr\/#organization","name":"The Mary Baker Eddy Library","url":"https:\/\/www.marybakereddylibrary.org\/fr\/","logo":{"@type":"ImageObject","inLanguage":"fr-FR","@id":"https:\/\/www.marybakereddylibrary.org\/fr\/#\/schema\/logo\/image\/","url":"https:\/\/www.marybakereddylibrary.org\/wp-content\/uploads\/2015\/03\/MBEL_logo_HR.jpg","contentUrl":"https:\/\/www.marybakereddylibrary.org\/wp-content\/uploads\/2015\/03\/MBEL_logo_HR.jpg","width":2100,"height":2100,"caption":"The Mary Baker Eddy Library"},"image":{"@id":"https:\/\/www.marybakereddylibrary.org\/fr\/#\/schema\/logo\/image\/"},"sameAs":["https:\/\/www.facebook.com\/mbelibrary","https:\/\/x.com\/mbelibrary","https:\/\/www.instagram.com\/mbelibrary"]},{"@type":"Person","@id":"https:\/\/www.marybakereddylibrary.org\/fr\/#\/schema\/person\/e64ecb3784234ea18ed5ec868aa4357a","name":"Rhyan du Peloux","image":{"@type":"ImageObject","inLanguage":"fr-FR","@id":"https:\/\/secure.gravatar.com\/avatar\/9d78c42891c93bd554240bd0ff5b9924702e66a0d7d03074975444ef0f7cab5c?s=96&d=mm&r=g","url":"https:\/\/secure.gravatar.com\/avatar\/9d78c42891c93bd554240bd0ff5b9924702e66a0d7d03074975444ef0f7cab5c?s=96&d=mm&r=g","contentUrl":"https:\/\/secure.gravatar.com\/avatar\/9d78c42891c93bd554240bd0ff5b9924702e66a0d7d03074975444ef0f7cab5c?s=96&d=mm&r=g","caption":"Rhyan du Peloux"}}]}},"_links":{"self":[{"href":"https:\/\/www.marybakereddylibrary.org\/fr\/wp-json\/wp\/v2\/posts\/75200","targetHints":{"allow":["GET"]}}],"collection":[{"href":"https:\/\/www.marybakereddylibrary.org\/fr\/wp-json\/wp\/v2\/posts"}],"about":[{"href":"https:\/\/www.marybakereddylibrary.org\/fr\/wp-json\/wp\/v2\/types\/post"}],"author":[{"embeddable":true,"href":"https:\/\/www.marybakereddylibrary.org\/fr\/wp-json\/wp\/v2\/users\/52"}],"replies":[{"embeddable":true,"href":"https:\/\/www.marybakereddylibrary.org\/fr\/wp-json\/wp\/v2\/comments?post=75200"}],"version-history":[{"count":0,"href":"https:\/\/www.marybakereddylibrary.org\/fr\/wp-json\/wp\/v2\/posts\/75200\/revisions"}],"wp:featuredmedia":[{"embeddable":true,"href":"https:\/\/www.marybakereddylibrary.org\/fr\/wp-json\/wp\/v2\/media\/55081"}],"wp:attachment":[{"href":"https:\/\/www.marybakereddylibrary.org\/fr\/wp-json\/wp\/v2\/media?parent=75200"}],"wp:term":[{"taxonomy":"category","embeddable":true,"href":"https:\/\/www.marybakereddylibrary.org\/fr\/wp-json\/wp\/v2\/categories?post=75200"},{"taxonomy":"post_tag","embeddable":true,"href":"https:\/\/www.marybakereddylibrary.org\/fr\/wp-json\/wp\/v2\/tags?post=75200"}],"curies":[{"name":"wp","href":"https:\/\/api.w.org\/{rel}","templated":true}]}}