{"id":91070,"date":"2025-11-03T08:00:42","date_gmt":"2025-11-03T13:00:42","guid":{"rendered":"https:\/\/www.marybakereddylibrary.org\/?p=91070"},"modified":"2025-11-04T14:30:19","modified_gmt":"2025-11-04T19:30:19","slug":"pourquoi-ny-a-t-il-pas-de-lecon-biblique-intitulee-principe","status":"publish","type":"post","link":"https:\/\/www.marybakereddylibrary.org\/fr\/research\/pourquoi-ny-a-t-il-pas-de-lecon-biblique-intitulee-principe\/","title":{"rendered":"Pourquoi n\u2019y a-t-il pas de Le\u00e7on biblique intitul\u00e9e \u00ab&nbsp;Principe&nbsp;\u00bb&nbsp;?"},"content":{"rendered":"<div id=\"modal-ready\"><p>[et_pb_section fb_built=&#8221;1&#8243; fullwidth=&#8221;on&#8221; _builder_version=&#8221;4.16&#8243; global_colors_info=&#8221;{}&#8221;][et_pb_fullwidth_post_title author=&#8221;off&#8221; date_format=&#8221;j F Y&#8221; categories=&#8221;off&#8221; comments=&#8221;off&#8221; featured_image=&#8221;off&#8221; _builder_version=&#8221;4.16&#8243; z_index_tablet=&#8221;500&#8243; title_text_shadow_horizontal_length_tablet=&#8221;0px&#8221; title_text_shadow_vertical_length_tablet=&#8221;0px&#8221; title_text_shadow_blur_strength_tablet=&#8221;1px&#8221; meta_text_shadow_horizontal_length_tablet=&#8221;0px&#8221; meta_text_shadow_vertical_length_tablet=&#8221;0px&#8221; meta_text_shadow_blur_strength_tablet=&#8221;1px&#8221; box_shadow_horizontal_tablet=&#8221;0px&#8221; box_shadow_vertical_tablet=&#8221;0px&#8221; box_shadow_blur_tablet=&#8221;40px&#8221; box_shadow_spread_tablet=&#8221;0px&#8221; text_shadow_horizontal_length_tablet=&#8221;0px&#8221; text_shadow_vertical_length_tablet=&#8221;0px&#8221; text_shadow_blur_strength_tablet=&#8221;1px&#8221; global_colors_info=&#8221;{}&#8221;][\/et_pb_fullwidth_post_title][\/et_pb_section][et_pb_section fb_built=&#8221;1&#8243; _builder_version=&#8221;4.16&#8243; global_colors_info=&#8221;{}&#8221;][et_pb_row column_structure=&#8221;2_3,1_3&#8243; _builder_version=&#8221;4.21.0&#8243; background_size=&#8221;initial&#8221; background_position=&#8221;top_left&#8221; background_repeat=&#8221;repeat&#8221; global_colors_info=&#8221;{}&#8221;][et_pb_column type=&#8221;2_3&#8243; _builder_version=&#8221;4.16&#8243; custom_padding=&#8221;|||&#8221; global_colors_info=&#8221;{}&#8221; custom_padding__hover=&#8221;|||&#8221;][et_pb_image src=&#8221;https:\/\/www.marybakereddylibrary.org\/wp-content\/uploads\/2025\/11\/DSC1178-tighter-crop.jpg&#8221; alt=&#8221;Image of old CS Quarterlies&#8221; title_text=&#8221;_DSC1178 tighter crop&#8221; _builder_version=&#8221;4.21.0&#8243; _module_preset=&#8221;default&#8221; hover_enabled=&#8221;0&#8243; global_colors_info=&#8221;{}&#8221; sticky_enabled=&#8221;0&#8243;][\/et_pb_image][et_pb_text admin_label=&#8221;Text&#8221; _builder_version=&#8221;4.21.0&#8243; global_colors_info=&#8221;{}&#8221;]<\/p>\n<p>Dans \u00ab\u00a0R\u00e9capitulation\u00a0\u00bb, le quatorzi\u00e8me chapitre de <i>Science et Sant\u00e9 avec la Clef des Ecritures,<\/i>\u00a0Mary Baker Eddy \u00e9nonce sept synonymes pour Dieu\u00a0: \u00ab\u00a0&#8230;\u00a0Entendement, Esprit, Ame, Principe, Vie, V\u00e9rit\u00e9, Amour&#8230;\u00a0\u00bb<span id='easy-footnote-1-91070' class='easy-footnote-margin-adjust'><\/span><span class='easy-footnote'><a href='https:\/\/www.marybakereddylibrary.org\/fr\/research\/pourquoi-ny-a-t-il-pas-de-lecon-biblique-intitulee-principe\/#easy-footnote-bottom-1-91070' title='Mary Baker Eddy, &lt;i&gt;Science et Sant\u00e9 avec la Clef des Ecritures&lt;\/i&gt; (Boston: Christian Science Board of Directors), 465.'><sup>1<\/sup><\/a><\/span> Alors que six de ces synonymes constituent chacun l\u2019un des 26 sujets des Le\u00e7ons bibliques du <i>Livret trimestriel de la Science Chr\u00e9tienne, <\/i>il n\u2019existe aucune le\u00e7on intitul\u00e9e \u00ab\u00a0Principe\u00a0\u00bb. On nous demande souvent quelle en est la raison.<\/p>\n<p>Le premier num\u00e9ro du <i>Livret<\/i> est paru en 1890. A cette \u00e9poque, les le\u00e7ons proposaient chaque semaine un sujet diff\u00e9rent, bas\u00e9 sur une publication d\u2019\u00e9tude biblique interconfessionnelle intitul\u00e9e <i>International Series<\/i>. Pour une chronologie retra\u00e7ant l\u2019\u00e9volution du <i>Livret trimestriel<\/i> en anglais, voir \u00ab\u00a0<a href=\"https:\/\/www.marybakereddylibrary.org\/research\/the-development-of-the-christian-science-quarterly\/\"><i>The development of the<\/i> Quarterly<\/a> \u00bb [Le d\u00e9veloppement du <i>Livret trimestriel<\/i>].<\/p>\n<p>En 1898, Mary Baker Eddy instaure la rotation d\u00e9finitive de 26 sujets hebdomadaires.<span id='easy-footnote-2-91070' class='easy-footnote-margin-adjust'><\/span><span class='easy-footnote'><a href='https:\/\/www.marybakereddylibrary.org\/fr\/research\/pourquoi-ny-a-t-il-pas-de-lecon-biblique-intitulee-principe\/#easy-footnote-bottom-2-91070' title='Mary Baker Eddy au Comit\u00e9 des Le\u00e7ons bibliques, 26 avril 1898. L07294.'><sup>2<\/sup><\/a><\/span> Nous ne disposons d\u2019aucune documentation expliquant pourquoi elle n\u2019a pas choisi \u00ab&nbsp;Principe&nbsp;\u00bb comme l\u2019une des le\u00e7ons. Mais nos recherches confirment qu\u2019elle sentait que ses choix lui \u00e9taient inspir\u00e9s par Dieu.<\/p>\n<p>Irving Tomlinson, l\u2019un des \u00e9l\u00e8ves de Mary Baker Eddy, qui \u00e9tait \u00e9galement membre du Comit\u00e9 des Le\u00e7ons bibliques de La Premi\u00e8re Eglise du Christ, Scientiste, apporte un \u00e9clairage dans un livre publi\u00e9 en 1945, <i>Twelve Years With Mary Baker Eddy, Amplified Edition<\/i> [Douze ans avec Mary Baker Eddy, \u00e9dition augment\u00e9e] :<\/p>\n<blockquote>\n<p>Quelques ann\u00e9es apr\u00e8s l\u2019\u00e9tablissement de ces Le\u00e7ons bibliques, un membre du comit\u00e9 a exprim\u00e9 son m\u00e9contentement quant au fait que Mary Baker Eddy n\u2019ait d\u00e9fini que vingt-six sujets pour les Le\u00e7ons bibliques. Estimant qu\u2019il devrait y avoir au moins un sujet diff\u00e9rent pour chaque dimanche de l\u2019ann\u00e9e, un comit\u00e9 compos\u00e9 de travailleurs de L\u2019Eglise M\u00e8re a dress\u00e9 une liste de vingt-six sujets suppl\u00e9mentaires. En tant que membre du Comit\u00e9 des Le\u00e7ons bibliques, r\u00e9sidant \u00e0 Concord, j\u2019ai \u00e9t\u00e9 charg\u00e9 de pr\u00e9senter cette liste \u00e0 Mary Baker Eddy.<\/p>\n<p>&nbsp;<\/p>\n<p>Ce n\u2019est que plusieurs semaines apr\u00e8s m\u2019\u00eatre acquitt\u00e9 de cette mission que j\u2019ai eu des nouvelles concernant les sujets propos\u00e9s. Le 13 septembre 1901, j\u2019ai \u00e9t\u00e9 convoqu\u00e9 avec d\u2019autres personnes \u00e0 Pleasant View pour traiter une affaire pour Mary Baker Eddy. Notre petit groupe s\u2019est r\u00e9uni en conf\u00e9rence dans la biblioth\u00e8que. Une fois cette affaire r\u00e9gl\u00e9e, Mary Baker Eddy m\u2019a demand\u00e9 de venir m\u2019asseoir \u00e0 c\u00f4t\u00e9 d\u2019elle et, se tournant vers moi, elle m\u2019a dit avec une telle \u00e9nergie que j\u2019ai failli bondir du canap\u00e9\u00a0: \u00ab\u00a0Il n\u2019en est pas question, il n\u2019en est pas question\u00a0!\u00a0\u00bb Je ne comprenais pas ce qu\u2019elle voulait dire, mais pour ne pas me laisser plus longtemps dans l\u2019ignorance, elle a poursuivi\u00a0: \u00ab\u00a0La liste de sujets suppl\u00e9mentaires qui m\u2019a \u00e9t\u00e9 transmise pour les le\u00e7ons est inutile. Ils peuvent tous \u00eatre trait\u00e9s dans le cadre de la liste actuelle, car elle inclut chacun des sujets que vous m\u2019avez donn\u00e9s. Dites au comit\u00e9 que les sujets originaux ont \u00e9t\u00e9 donn\u00e9s par Dieu, ils sont suffisants et ne changeront jamais.\u00a0\u00bb<span id='easy-footnote-3-91070' class='easy-footnote-margin-adjust'><\/span><span class='easy-footnote'><a href='https:\/\/www.marybakereddylibrary.org\/fr\/research\/pourquoi-ny-a-t-il-pas-de-lecon-biblique-intitulee-principe\/#easy-footnote-bottom-3-91070' title='Irving C. Tomlinson, &lt;i&gt;Twelve Years with Mary Baker Eddy, Amplified Edition&lt;\/i&gt; [Douze ans avec Mary Baker Eddy, \u00e9dition augment\u00e9e] (Boston: The Christian Science Publishing Society, 1994), 185.'><sup>3<\/sup><\/a><\/span><\/p>\n<\/blockquote>\n<p><em>Pour en savoir plus sur les 26 th\u00e8mes choisis pour la Le\u00e7on biblique, voir \u00ab <a class=\"c-link\" href=\"https:\/\/www.marybakereddylibrary.org\/fr\/research\/quelle-est-lhistoire-des-sujets-des-lecons-bibliques\/\" rel=\"noopener noreferrer\" data-stringify-link=\"https:\/\/www.marybakereddylibrary.org\/fr\/research\/quelle-est-lhistoire-des-sujets-des-lecons-bibliques\/\" data-sk=\"tooltip_parent\">Quelle est l\u2019histoire de sujets des Le\u00e7ons bibliques&nbsp;?<\/a>\u00a0\u00bb<\/em><\/p>\n<hr \/>\n<p><em>Cet article est aussi disponible en <\/em><em><a href=\"https:\/\/www.marybakereddylibrary.org\/de\/research\/warum-gibt-es-keine-bibellektion-zum-thema-prinzip\/\" target=\"_blank\" rel=\"noopener\"><strong>allemand<\/strong><\/a>, <a href=\"https:\/\/www.marybakereddylibrary.org\/research\/why-is-there-no-bible-lesson-titled-principle\/\" target=\"_blank\" rel=\"noopener\"><strong>anglais<\/strong><\/a>, <a href=\"https:\/\/www.marybakereddylibrary.org\/es\/research\/por-que-no-hay-una-leccion-biblica-llamada-principio\" target=\"_blank\" rel=\"noopener\"><strong>espagnol<\/strong><\/a> et <a href=\"https:\/\/www.marybakereddylibrary.org\/pt-br\/research\/por-que-nao-ha-uma-licao-biblica-intitulada-o-principio\/\" target=\"_blank\" rel=\"noopener\"><strong>portugais<\/strong><\/a>.<\/em><\/p>\n<p>[\/et_pb_text][\/et_pb_column][et_pb_column type=&#8221;1_3&#8243; _builder_version=&#8221;4.21.0&#8243; _module_preset=&#8221;default&#8221; global_colors_info=&#8221;{}&#8221;][et_pb_sidebar area=&#8221;sidebar-1&#8243; _builder_version=&#8221;4.16&#8243; global_colors_info=&#8221;{}&#8221;][\/et_pb_sidebar][\/et_pb_column][\/et_pb_row][\/et_pb_section]<\/p>\n<\/div>","protected":false},"excerpt":{"rendered":"<p>Lisez la r\u00e9ponse \u00e0 cette question qui nous est souvent pos\u00e9e concernant les sujets des Le\u00e7ons bibliques qu\u2019a choisis Mary Baker Eddy.<\/p>","protected":false},"author":52,"featured_media":92639,"comment_status":"closed","ping_status":"closed","sticky":false,"template":"","format":"standard","meta":{"_et_pb_use_builder":"on","_et_pb_old_content":"","_et_gb_content_width":"","_oasis_is_in_workflow":0,"_oasis_original":0,"_oasis_task_priority":"","_relevanssi_hide_post":"","_relevanssi_hide_content":"","_relevanssi_pin_for_all":"","_relevanssi_pin_keywords":"","_relevanssi_unpin_keywords":"","_relevanssi_related_keywords":"","_relevanssi_related_include_ids":"","_relevanssi_related_exclude_ids":"","_relevanssi_related_no_append":"","_relevanssi_related_not_related":"","_relevanssi_related_posts":"","_relevanssi_noindex_reason":"","inline_featured_image":false,"episode_type":"","audio_file":"","podmotor_file_id":"","podmotor_episode_id":"","cover_image":"","cover_image_id":"","duration":"","filesize":"","filesize_raw":"","date_recorded":"","explicit":"","block":"","itunes_episode_number":"","itunes_title":"","itunes_season_number":"","itunes_episode_type":"","footnotes":""},"categories":[210],"tags":[124,118,125],"class_list":["post-91070","post","type-post","status-publish","format-standard","has-post-thumbnail","hentry","category-nos-archivistes-vous-repondent-fr","tag-ecrits-de-mary-baker-eddy","tag-recherche","tag-vie-de-mary-baker-eddy"],"yoast_head":"<!-- This site is optimized with the Yoast SEO plugin v27.4 - https:\/\/yoast.com\/product\/yoast-seo-wordpress\/ -->\n<title>Pourquoi n\u2019y a-t-il pas de Le\u00e7on biblique intitul\u00e9e \u00ab&nbsp;Principe&nbsp;\u00bb&nbsp;? - La Biblioth\u00e8que Mary Baker Eddy<\/title>\n<meta name=\"description\" content=\"Lisez la r\u00e9ponse \u00e0 cette question qui nous est souvent pos\u00e9e concernant les sujets des Le\u00e7ons bibliques qu\u2019a choisis Mary Baker Eddy.\" \/>\n<meta name=\"robots\" content=\"index, follow, max-snippet:-1, max-image-preview:large, max-video-preview:-1\" \/>\n<link rel=\"canonical\" href=\"https:\/\/www.marybakereddylibrary.org\/fr\/research\/pourquoi-ny-a-t-il-pas-de-lecon-biblique-intitulee-principe\/\" \/>\n<meta property=\"og:locale\" content=\"fr_FR\" \/>\n<meta property=\"og:type\" content=\"article\" \/>\n<meta property=\"og:title\" content=\"Pourquoi n\u2019y a-t-il pas de Le\u00e7on biblique intitul\u00e9e \u00ab&nbsp;Principe&nbsp;\u00bb&nbsp;?\" \/>\n<meta property=\"og:description\" content=\"Lisez la r\u00e9ponse \u00e0 cette question qui nous est souvent pos\u00e9e concernant les sujets des Le\u00e7ons bibliques qu\u2019a choisis Mary Baker Eddy.\" \/>\n<meta property=\"og:url\" content=\"https:\/\/www.marybakereddylibrary.org\/fr\/research\/pourquoi-ny-a-t-il-pas-de-lecon-biblique-intitulee-principe\/\" \/>\n<meta property=\"og:site_name\" content=\"La Biblioth\u00e8que Mary Baker Eddy\" \/>\n<meta property=\"article:publisher\" content=\"https:\/\/www.facebook.com\/mbelibrary\" \/>\n<meta property=\"article:published_time\" content=\"2025-11-03T13:00:42+00:00\" \/>\n<meta property=\"article:modified_time\" content=\"2025-11-04T19:30:19+00:00\" \/>\n<meta property=\"og:image\" content=\"https:\/\/www.marybakereddylibrary.org\/wp-content\/uploads\/2021\/06\/Science-and-Health-First-Edition_880x550px.jpg\" \/>\n\t<meta property=\"og:image:width\" content=\"880\" \/>\n\t<meta property=\"og:image:height\" content=\"550\" \/>\n\t<meta property=\"og:image:type\" content=\"image\/jpeg\" \/>\n<meta name=\"author\" content=\"Rhyan du Peloux\" \/>\n<meta name=\"twitter:label1\" content=\"\u00c9crit par\" \/>\n\t<meta name=\"twitter:data1\" content=\"Rhyan du Peloux\" \/>\n\t<meta name=\"twitter:label2\" content=\"Dur\u00e9e de lecture estim\u00e9e\" \/>\n\t<meta name=\"twitter:data2\" content=\"3 minutes\" \/>\n<script type=\"application\/ld+json\" class=\"yoast-schema-graph\">{\"@context\":\"https:\\\/\\\/schema.org\",\"@graph\":[{\"@type\":\"Article\",\"@id\":\"https:\\\/\\\/www.marybakereddylibrary.org\\\/fr\\\/research\\\/pourquoi-ny-a-t-il-pas-de-lecon-biblique-intitulee-principe\\\/#article\",\"isPartOf\":{\"@id\":\"https:\\\/\\\/www.marybakereddylibrary.org\\\/fr\\\/research\\\/pourquoi-ny-a-t-il-pas-de-lecon-biblique-intitulee-principe\\\/\"},\"author\":{\"name\":\"Rhyan du Peloux\",\"@id\":\"https:\\\/\\\/www.marybakereddylibrary.org\\\/fr\\\/#\\\/schema\\\/person\\\/e64ecb3784234ea18ed5ec868aa4357a\"},\"headline\":\"Pourquoi n\u2019y a-t-il pas de Le\u00e7on biblique intitul\u00e9e \u00ab&nbsp;Principe&nbsp;\u00bb&nbsp;?\",\"datePublished\":\"2025-11-03T13:00:42+00:00\",\"dateModified\":\"2025-11-04T19:30:19+00:00\",\"mainEntityOfPage\":{\"@id\":\"https:\\\/\\\/www.marybakereddylibrary.org\\\/fr\\\/research\\\/pourquoi-ny-a-t-il-pas-de-lecon-biblique-intitulee-principe\\\/\"},\"wordCount\":907,\"publisher\":{\"@id\":\"https:\\\/\\\/www.marybakereddylibrary.org\\\/fr\\\/#organization\"},\"image\":{\"@id\":\"https:\\\/\\\/www.marybakereddylibrary.org\\\/fr\\\/research\\\/pourquoi-ny-a-t-il-pas-de-lecon-biblique-intitulee-principe\\\/#primaryimage\"},\"thumbnailUrl\":\"https:\\\/\\\/www.marybakereddylibrary.org\\\/wp-content\\\/uploads\\\/2025\\\/11\\\/DSC1178-tighter-crop.jpg\",\"keywords\":[\"Ecrits de Mary Baker Eddy\",\"Recherche\",\"Vie de Mary Baker Eddy\"],\"articleSection\":[\"Nos archivistes vous r\u00e9pondent\"],\"inLanguage\":\"fr-FR\"},{\"@type\":\"WebPage\",\"@id\":\"https:\\\/\\\/www.marybakereddylibrary.org\\\/fr\\\/research\\\/pourquoi-ny-a-t-il-pas-de-lecon-biblique-intitulee-principe\\\/\",\"url\":\"https:\\\/\\\/www.marybakereddylibrary.org\\\/fr\\\/research\\\/pourquoi-ny-a-t-il-pas-de-lecon-biblique-intitulee-principe\\\/\",\"name\":\"Pourquoi n\u2019y a-t-il pas de Le\u00e7on biblique intitul\u00e9e \u00ab&nbsp;Principe&nbsp;\u00bb&nbsp;? - La Biblioth\u00e8que Mary Baker Eddy\",\"isPartOf\":{\"@id\":\"https:\\\/\\\/www.marybakereddylibrary.org\\\/fr\\\/#website\"},\"primaryImageOfPage\":{\"@id\":\"https:\\\/\\\/www.marybakereddylibrary.org\\\/fr\\\/research\\\/pourquoi-ny-a-t-il-pas-de-lecon-biblique-intitulee-principe\\\/#primaryimage\"},\"image\":{\"@id\":\"https:\\\/\\\/www.marybakereddylibrary.org\\\/fr\\\/research\\\/pourquoi-ny-a-t-il-pas-de-lecon-biblique-intitulee-principe\\\/#primaryimage\"},\"thumbnailUrl\":\"https:\\\/\\\/www.marybakereddylibrary.org\\\/wp-content\\\/uploads\\\/2025\\\/11\\\/DSC1178-tighter-crop.jpg\",\"datePublished\":\"2025-11-03T13:00:42+00:00\",\"dateModified\":\"2025-11-04T19:30:19+00:00\",\"description\":\"Lisez la r\u00e9ponse \u00e0 cette question qui nous est souvent pos\u00e9e concernant les sujets des Le\u00e7ons bibliques qu\u2019a choisis Mary Baker Eddy.\",\"breadcrumb\":{\"@id\":\"https:\\\/\\\/www.marybakereddylibrary.org\\\/fr\\\/research\\\/pourquoi-ny-a-t-il-pas-de-lecon-biblique-intitulee-principe\\\/#breadcrumb\"},\"inLanguage\":\"fr-FR\",\"potentialAction\":[{\"@type\":\"ReadAction\",\"target\":[\"https:\\\/\\\/www.marybakereddylibrary.org\\\/fr\\\/research\\\/pourquoi-ny-a-t-il-pas-de-lecon-biblique-intitulee-principe\\\/\"]}]},{\"@type\":\"ImageObject\",\"inLanguage\":\"fr-FR\",\"@id\":\"https:\\\/\\\/www.marybakereddylibrary.org\\\/fr\\\/research\\\/pourquoi-ny-a-t-il-pas-de-lecon-biblique-intitulee-principe\\\/#primaryimage\",\"url\":\"https:\\\/\\\/www.marybakereddylibrary.org\\\/wp-content\\\/uploads\\\/2025\\\/11\\\/DSC1178-tighter-crop.jpg\",\"contentUrl\":\"https:\\\/\\\/www.marybakereddylibrary.org\\\/wp-content\\\/uploads\\\/2025\\\/11\\\/DSC1178-tighter-crop.jpg\",\"width\":1200,\"height\":750},{\"@type\":\"BreadcrumbList\",\"@id\":\"https:\\\/\\\/www.marybakereddylibrary.org\\\/fr\\\/research\\\/pourquoi-ny-a-t-il-pas-de-lecon-biblique-intitulee-principe\\\/#breadcrumb\",\"itemListElement\":[{\"@type\":\"ListItem\",\"position\":1,\"name\":\"Accueil\",\"item\":\"https:\\\/\\\/www.marybakereddylibrary.org\\\/fr\\\/\"},{\"@type\":\"ListItem\",\"position\":2,\"name\":\"Pourquoi n\u2019y a-t-il pas de Le\u00e7on biblique intitul\u00e9e \u00ab&nbsp;Principe&nbsp;\u00bb&nbsp;?\"}]},{\"@type\":\"WebSite\",\"@id\":\"https:\\\/\\\/www.marybakereddylibrary.org\\\/fr\\\/#website\",\"url\":\"https:\\\/\\\/www.marybakereddylibrary.org\\\/fr\\\/\",\"name\":\"La Biblioth\u00e8que Mary Baker Eddy\",\"description\":\"\",\"publisher\":{\"@id\":\"https:\\\/\\\/www.marybakereddylibrary.org\\\/fr\\\/#organization\"},\"potentialAction\":[{\"@type\":\"SearchAction\",\"target\":{\"@type\":\"EntryPoint\",\"urlTemplate\":\"https:\\\/\\\/www.marybakereddylibrary.org\\\/fr\\\/?s={search_term_string}\"},\"query-input\":{\"@type\":\"PropertyValueSpecification\",\"valueRequired\":true,\"valueName\":\"search_term_string\"}}],\"inLanguage\":\"fr-FR\"},{\"@type\":\"Organization\",\"@id\":\"https:\\\/\\\/www.marybakereddylibrary.org\\\/fr\\\/#organization\",\"name\":\"The Mary Baker Eddy Library\",\"url\":\"https:\\\/\\\/www.marybakereddylibrary.org\\\/fr\\\/\",\"logo\":{\"@type\":\"ImageObject\",\"inLanguage\":\"fr-FR\",\"@id\":\"https:\\\/\\\/www.marybakereddylibrary.org\\\/fr\\\/#\\\/schema\\\/logo\\\/image\\\/\",\"url\":\"https:\\\/\\\/www.marybakereddylibrary.org\\\/wp-content\\\/uploads\\\/2015\\\/03\\\/MBEL_logo_HR.jpg\",\"contentUrl\":\"https:\\\/\\\/www.marybakereddylibrary.org\\\/wp-content\\\/uploads\\\/2015\\\/03\\\/MBEL_logo_HR.jpg\",\"width\":2100,\"height\":2100,\"caption\":\"The Mary Baker Eddy Library\"},\"image\":{\"@id\":\"https:\\\/\\\/www.marybakereddylibrary.org\\\/fr\\\/#\\\/schema\\\/logo\\\/image\\\/\"},\"sameAs\":[\"https:\\\/\\\/www.facebook.com\\\/mbelibrary\",\"https:\\\/\\\/x.com\\\/mbelibrary\",\"https:\\\/\\\/www.instagram.com\\\/mbelibrary\"]},{\"@type\":\"Person\",\"@id\":\"https:\\\/\\\/www.marybakereddylibrary.org\\\/fr\\\/#\\\/schema\\\/person\\\/e64ecb3784234ea18ed5ec868aa4357a\",\"name\":\"Rhyan du Peloux\",\"image\":{\"@type\":\"ImageObject\",\"inLanguage\":\"fr-FR\",\"@id\":\"https:\\\/\\\/secure.gravatar.com\\\/avatar\\\/9d78c42891c93bd554240bd0ff5b9924702e66a0d7d03074975444ef0f7cab5c?s=96&d=mm&r=g\",\"url\":\"https:\\\/\\\/secure.gravatar.com\\\/avatar\\\/9d78c42891c93bd554240bd0ff5b9924702e66a0d7d03074975444ef0f7cab5c?s=96&d=mm&r=g\",\"contentUrl\":\"https:\\\/\\\/secure.gravatar.com\\\/avatar\\\/9d78c42891c93bd554240bd0ff5b9924702e66a0d7d03074975444ef0f7cab5c?s=96&d=mm&r=g\",\"caption\":\"Rhyan du Peloux\"}}]}<\/script>\n<!-- \/ Yoast SEO plugin. -->","yoast_head_json":{"title":"Pourquoi n\u2019y a-t-il pas de Le\u00e7on biblique intitul\u00e9e \u00ab&nbsp;Principe&nbsp;\u00bb&nbsp;? - La Biblioth\u00e8que Mary Baker Eddy","description":"Lisez la r\u00e9ponse \u00e0 cette question qui nous est souvent pos\u00e9e concernant les sujets des Le\u00e7ons bibliques qu\u2019a choisis Mary Baker Eddy.","robots":{"index":"index","follow":"follow","max-snippet":"max-snippet:-1","max-image-preview":"max-image-preview:large","max-video-preview":"max-video-preview:-1"},"canonical":"https:\/\/www.marybakereddylibrary.org\/fr\/research\/pourquoi-ny-a-t-il-pas-de-lecon-biblique-intitulee-principe\/","og_locale":"fr_FR","og_type":"article","og_title":"Pourquoi n\u2019y a-t-il pas de Le\u00e7on biblique intitul\u00e9e \u00ab&nbsp;Principe&nbsp;\u00bb&nbsp;?","og_description":"Lisez la r\u00e9ponse \u00e0 cette question qui nous est souvent pos\u00e9e concernant les sujets des Le\u00e7ons bibliques qu\u2019a choisis Mary Baker Eddy.","og_url":"https:\/\/www.marybakereddylibrary.org\/fr\/research\/pourquoi-ny-a-t-il-pas-de-lecon-biblique-intitulee-principe\/","og_site_name":"La Biblioth\u00e8que Mary Baker Eddy","article_publisher":"https:\/\/www.facebook.com\/mbelibrary","article_published_time":"2025-11-03T13:00:42+00:00","article_modified_time":"2025-11-04T19:30:19+00:00","og_image":[{"width":880,"height":550,"url":"https:\/\/www.marybakereddylibrary.org\/wp-content\/uploads\/2021\/06\/Science-and-Health-First-Edition_880x550px.jpg","type":"image\/jpeg"}],"author":"Rhyan du Peloux","twitter_misc":{"\u00c9crit par":"Rhyan du Peloux","Dur\u00e9e de lecture estim\u00e9e":"3 minutes"},"schema":{"@context":"https:\/\/schema.org","@graph":[{"@type":"Article","@id":"https:\/\/www.marybakereddylibrary.org\/fr\/research\/pourquoi-ny-a-t-il-pas-de-lecon-biblique-intitulee-principe\/#article","isPartOf":{"@id":"https:\/\/www.marybakereddylibrary.org\/fr\/research\/pourquoi-ny-a-t-il-pas-de-lecon-biblique-intitulee-principe\/"},"author":{"name":"Rhyan du Peloux","@id":"https:\/\/www.marybakereddylibrary.org\/fr\/#\/schema\/person\/e64ecb3784234ea18ed5ec868aa4357a"},"headline":"Pourquoi n\u2019y a-t-il pas de Le\u00e7on biblique intitul\u00e9e \u00ab&nbsp;Principe&nbsp;\u00bb&nbsp;?","datePublished":"2025-11-03T13:00:42+00:00","dateModified":"2025-11-04T19:30:19+00:00","mainEntityOfPage":{"@id":"https:\/\/www.marybakereddylibrary.org\/fr\/research\/pourquoi-ny-a-t-il-pas-de-lecon-biblique-intitulee-principe\/"},"wordCount":907,"publisher":{"@id":"https:\/\/www.marybakereddylibrary.org\/fr\/#organization"},"image":{"@id":"https:\/\/www.marybakereddylibrary.org\/fr\/research\/pourquoi-ny-a-t-il-pas-de-lecon-biblique-intitulee-principe\/#primaryimage"},"thumbnailUrl":"https:\/\/www.marybakereddylibrary.org\/wp-content\/uploads\/2025\/11\/DSC1178-tighter-crop.jpg","keywords":["Ecrits de Mary Baker Eddy","Recherche","Vie de Mary Baker Eddy"],"articleSection":["Nos archivistes vous r\u00e9pondent"],"inLanguage":"fr-FR"},{"@type":"WebPage","@id":"https:\/\/www.marybakereddylibrary.org\/fr\/research\/pourquoi-ny-a-t-il-pas-de-lecon-biblique-intitulee-principe\/","url":"https:\/\/www.marybakereddylibrary.org\/fr\/research\/pourquoi-ny-a-t-il-pas-de-lecon-biblique-intitulee-principe\/","name":"Pourquoi n\u2019y a-t-il pas de Le\u00e7on biblique intitul\u00e9e \u00ab&nbsp;Principe&nbsp;\u00bb&nbsp;? - La Biblioth\u00e8que Mary Baker Eddy","isPartOf":{"@id":"https:\/\/www.marybakereddylibrary.org\/fr\/#website"},"primaryImageOfPage":{"@id":"https:\/\/www.marybakereddylibrary.org\/fr\/research\/pourquoi-ny-a-t-il-pas-de-lecon-biblique-intitulee-principe\/#primaryimage"},"image":{"@id":"https:\/\/www.marybakereddylibrary.org\/fr\/research\/pourquoi-ny-a-t-il-pas-de-lecon-biblique-intitulee-principe\/#primaryimage"},"thumbnailUrl":"https:\/\/www.marybakereddylibrary.org\/wp-content\/uploads\/2025\/11\/DSC1178-tighter-crop.jpg","datePublished":"2025-11-03T13:00:42+00:00","dateModified":"2025-11-04T19:30:19+00:00","description":"Lisez la r\u00e9ponse \u00e0 cette question qui nous est souvent pos\u00e9e concernant les sujets des Le\u00e7ons bibliques qu\u2019a choisis Mary Baker Eddy.","breadcrumb":{"@id":"https:\/\/www.marybakereddylibrary.org\/fr\/research\/pourquoi-ny-a-t-il-pas-de-lecon-biblique-intitulee-principe\/#breadcrumb"},"inLanguage":"fr-FR","potentialAction":[{"@type":"ReadAction","target":["https:\/\/www.marybakereddylibrary.org\/fr\/research\/pourquoi-ny-a-t-il-pas-de-lecon-biblique-intitulee-principe\/"]}]},{"@type":"ImageObject","inLanguage":"fr-FR","@id":"https:\/\/www.marybakereddylibrary.org\/fr\/research\/pourquoi-ny-a-t-il-pas-de-lecon-biblique-intitulee-principe\/#primaryimage","url":"https:\/\/www.marybakereddylibrary.org\/wp-content\/uploads\/2025\/11\/DSC1178-tighter-crop.jpg","contentUrl":"https:\/\/www.marybakereddylibrary.org\/wp-content\/uploads\/2025\/11\/DSC1178-tighter-crop.jpg","width":1200,"height":750},{"@type":"BreadcrumbList","@id":"https:\/\/www.marybakereddylibrary.org\/fr\/research\/pourquoi-ny-a-t-il-pas-de-lecon-biblique-intitulee-principe\/#breadcrumb","itemListElement":[{"@type":"ListItem","position":1,"name":"Accueil","item":"https:\/\/www.marybakereddylibrary.org\/fr\/"},{"@type":"ListItem","position":2,"name":"Pourquoi n\u2019y a-t-il pas de Le\u00e7on biblique intitul\u00e9e \u00ab&nbsp;Principe&nbsp;\u00bb&nbsp;?"}]},{"@type":"WebSite","@id":"https:\/\/www.marybakereddylibrary.org\/fr\/#website","url":"https:\/\/www.marybakereddylibrary.org\/fr\/","name":"La Biblioth\u00e8que Mary Baker Eddy","description":"","publisher":{"@id":"https:\/\/www.marybakereddylibrary.org\/fr\/#organization"},"potentialAction":[{"@type":"SearchAction","target":{"@type":"EntryPoint","urlTemplate":"https:\/\/www.marybakereddylibrary.org\/fr\/?s={search_term_string}"},"query-input":{"@type":"PropertyValueSpecification","valueRequired":true,"valueName":"search_term_string"}}],"inLanguage":"fr-FR"},{"@type":"Organization","@id":"https:\/\/www.marybakereddylibrary.org\/fr\/#organization","name":"The Mary Baker Eddy Library","url":"https:\/\/www.marybakereddylibrary.org\/fr\/","logo":{"@type":"ImageObject","inLanguage":"fr-FR","@id":"https:\/\/www.marybakereddylibrary.org\/fr\/#\/schema\/logo\/image\/","url":"https:\/\/www.marybakereddylibrary.org\/wp-content\/uploads\/2015\/03\/MBEL_logo_HR.jpg","contentUrl":"https:\/\/www.marybakereddylibrary.org\/wp-content\/uploads\/2015\/03\/MBEL_logo_HR.jpg","width":2100,"height":2100,"caption":"The Mary Baker Eddy Library"},"image":{"@id":"https:\/\/www.marybakereddylibrary.org\/fr\/#\/schema\/logo\/image\/"},"sameAs":["https:\/\/www.facebook.com\/mbelibrary","https:\/\/x.com\/mbelibrary","https:\/\/www.instagram.com\/mbelibrary"]},{"@type":"Person","@id":"https:\/\/www.marybakereddylibrary.org\/fr\/#\/schema\/person\/e64ecb3784234ea18ed5ec868aa4357a","name":"Rhyan du Peloux","image":{"@type":"ImageObject","inLanguage":"fr-FR","@id":"https:\/\/secure.gravatar.com\/avatar\/9d78c42891c93bd554240bd0ff5b9924702e66a0d7d03074975444ef0f7cab5c?s=96&d=mm&r=g","url":"https:\/\/secure.gravatar.com\/avatar\/9d78c42891c93bd554240bd0ff5b9924702e66a0d7d03074975444ef0f7cab5c?s=96&d=mm&r=g","contentUrl":"https:\/\/secure.gravatar.com\/avatar\/9d78c42891c93bd554240bd0ff5b9924702e66a0d7d03074975444ef0f7cab5c?s=96&d=mm&r=g","caption":"Rhyan du Peloux"}}]}},"_links":{"self":[{"href":"https:\/\/www.marybakereddylibrary.org\/fr\/wp-json\/wp\/v2\/posts\/91070","targetHints":{"allow":["GET"]}}],"collection":[{"href":"https:\/\/www.marybakereddylibrary.org\/fr\/wp-json\/wp\/v2\/posts"}],"about":[{"href":"https:\/\/www.marybakereddylibrary.org\/fr\/wp-json\/wp\/v2\/types\/post"}],"author":[{"embeddable":true,"href":"https:\/\/www.marybakereddylibrary.org\/fr\/wp-json\/wp\/v2\/users\/52"}],"replies":[{"embeddable":true,"href":"https:\/\/www.marybakereddylibrary.org\/fr\/wp-json\/wp\/v2\/comments?post=91070"}],"version-history":[{"count":0,"href":"https:\/\/www.marybakereddylibrary.org\/fr\/wp-json\/wp\/v2\/posts\/91070\/revisions"}],"wp:featuredmedia":[{"embeddable":true,"href":"https:\/\/www.marybakereddylibrary.org\/fr\/wp-json\/wp\/v2\/media\/92639"}],"wp:attachment":[{"href":"https:\/\/www.marybakereddylibrary.org\/fr\/wp-json\/wp\/v2\/media?parent=91070"}],"wp:term":[{"taxonomy":"category","embeddable":true,"href":"https:\/\/www.marybakereddylibrary.org\/fr\/wp-json\/wp\/v2\/categories?post=91070"},{"taxonomy":"post_tag","embeddable":true,"href":"https:\/\/www.marybakereddylibrary.org\/fr\/wp-json\/wp\/v2\/tags?post=91070"}],"curies":[{"name":"wp","href":"https:\/\/api.w.org\/{rel}","templated":true}]}}