{"id":29361,"date":"2020-08-06T12:05:31","date_gmt":"2020-08-06T16:05:31","guid":{"rendered":"https:\/\/www.marybakereddylibrary.org\/?p=29361"},"modified":"2022-09-07T14:57:25","modified_gmt":"2022-09-07T18:57:25","slug":"foi-mary-baker-eddy-quem-escreveu-um-tratamento-diario","status":"publish","type":"post","link":"https:\/\/www.marybakereddylibrary.org\/pt-br\/research\/foi-mary-baker-eddy-quem-escreveu-um-tratamento-diario\/","title":{"rendered":"Foi Mary Baker Eddy quem escreveu \u201cUm tratamento di\u00e1rio\u201d?"},"content":{"rendered":"<div id=\"modal-ready\"><p>[et_pb_section fb_built=&#8221;1&#8243; fullwidth=&#8221;on&#8221; _builder_version=&#8221;3.22&#8243; global_colors_info=&#8221;{}&#8221;][et_pb_fullwidth_post_title author=&#8221;off&#8221; date_format=&#8221;j %92d%92e F %92d%92e Y&#8221; categories=&#8221;off&#8221; comments=&#8221;off&#8221; featured_image=&#8221;off&#8221; _builder_version=&#8221;4.14.7&#8243; hover_enabled=&#8221;0&#8243; z_index_tablet=&#8221;500&#8243; box_shadow_horizontal_tablet=&#8221;0px&#8221; box_shadow_vertical_tablet=&#8221;0px&#8221; box_shadow_blur_tablet=&#8221;40px&#8221; box_shadow_spread_tablet=&#8221;0px&#8221; global_colors_info=&#8221;{}&#8221; sticky_enabled=&#8221;0&#8243;][\/et_pb_fullwidth_post_title][\/et_pb_section][et_pb_section fb_built=&#8221;1&#8243; _builder_version=&#8221;3.22&#8243; global_colors_info=&#8221;{}&#8221;][et_pb_row column_structure=&#8221;2_3,1_3&#8243; _builder_version=&#8221;3.25&#8243; background_size=&#8221;initial&#8221; background_position=&#8221;top_left&#8221; background_repeat=&#8221;repeat&#8221; global_colors_info=&#8221;{}&#8221;][et_pb_column type=&#8221;2_3&#8243; _builder_version=&#8221;3.0.47&#8243; custom_padding=&#8221;|||&#8221; global_colors_info=&#8221;{}&#8221; custom_padding__hover=&#8221;|||&#8221;][et_pb_text _builder_version=&#8221;4.14.7&#8243; hover_enabled=&#8221;0&#8243; z_index_tablet=&#8221;500&#8243; global_colors_info=&#8221;{}&#8221; sticky_enabled=&#8221;0&#8243;]<\/p>\n<p>Um artigo intitulado \u201cA Treatment for Every Day\u201d [Um tratamento di\u00e1rio] circula amplamente, como se tivesse sido publicado por Mary Baker Eddy no <em>The Christian Science Journal<\/em>. Esse texto parece ser uma compila\u00e7\u00e3o de v\u00e1rios textos distintos. Na verdade, nossa pesquisa indica que esse artigo n\u00e3o foi escrito pela Sra. Eddy. Tampouco que tenha sido alguma vez publicado no <em>Journal<\/em>. Dividimos o texto em se\u00e7\u00f5es e anotamos a autoria de cada uma delas.<\/p>\n<p>\n<!--:fr-->\n<!--:-->\n<\/p>\n<p align=\"center\"><strong>PARTE 1:<\/strong><\/p>\n<blockquote>\n<p>Todas as vezes que declaramos que somos perfeitos em Deus sentimos passar pelo corpo um poder vivificante. Quando percebemos essa verdade, de que somos agora perfeitos em Deus, sem uma \u00fanica d\u00favida, ent\u00e3o, vir\u00e3o mudan\u00e7as maravilhosas. Mas eu insisto que, por mais dif\u00edcil que possa parecer, temos de declarar, in\u00fameras vezes, que somos perfeitos, alegres, triunfantes e completos. Vamos dizer v\u00e1rias vezes: Deus \u00e9 a minha for\u00e7a, Deus \u00e9 a minha vida, Deus \u00e9 minha sa\u00fade, Deus \u00e9 minha compreens\u00e3o. Temos nEle o dom\u00ednio sobre o mundo, a carne e o diabo; um dom\u00ednio que \u00e9 onipotente. Nossa vida est\u00e1 nEle. Nenhum poder pode nos restringir.<\/p>\n<\/blockquote>\n<p>Essa parte \u00e9 de um pequeno artigo, intitulado \u201cThe Way to Begin in Christian Science\u201d [O caminho para come\u00e7ar na Ci\u00eancia Crist\u00e3] de \u201cL.J.N.\u201d (L. J. Nusbaum). O artigo foi publicado originalmente na edi\u00e7\u00e3o de setembro de 1889 do <em>The Christian Science Journal<\/em>. Foi posteriormente publicado como \u201cfolheto\u201d pela Sociedade Editora da Ci\u00eancia Crist\u00e3, tendo ampla circula\u00e7\u00e3o, n\u00e3o apenas em ingl\u00eas, mas tamb\u00e9m em alem\u00e3o e noruegu\u00eas.<\/p>\n<p align=\"center\"><strong>PARTE 2:<\/strong><\/p>\n<blockquote>\n<p>Deus \u00e9 a \u00fanica vida. O Esp\u00edrito \u00e9 a \u00fanica subst\u00e2ncia. O Amor \u00e9 a \u00fanica causa. A harmonia \u00e9 a \u00fanica lei. Agora \u00e9 o \u00fanico tempo.<\/p>\n<\/blockquote>\n<p>Essas frases s\u00e3o semelhantes \u00e0s observa\u00e7\u00f5es que Theodore F. Seward, pastor da igreja episcopal, fez em um discurso sobre a Ci\u00eancia Crist\u00e3.<span id='easy-footnote-1-29361' class='easy-footnote-margin-adjust'><\/span><span class='easy-footnote'><a href='https:\/\/www.marybakereddylibrary.org\/pt-br\/research\/foi-mary-baker-eddy-quem-escreveu-um-tratamento-diario\/#easy-footnote-bottom-1-29361' title='\u201cChristian Science at an Episcopal Congress\u201d [Ci\u00eancia Crist\u00e3 em um congresso episcopal], publicado no &lt;em&gt;Christian Science Sentinel&lt;\/em&gt; em 22 de novembro de 1900, &lt;a href=&quot;http:\/\/sentinel.christianscience.com\/shared\/view\/k2eviu8bga?s=t&quot; target=&quot;_blank&quot; rel=&quot;noopener noreferrer&quot;&gt;http:\/\/sentinel.christianscience.com\/shared\/view\/k2eviu8bga?s=t&lt;\/a&gt;'><sup>1<\/sup><\/a><\/span><\/p>\n<p align=\"center\"><strong>PARTE 3:<\/strong><\/p>\n<blockquote>\n<p>Esta \u00e9 a casa espiritual de Deus. Nada pode entrar nela para aborrecer ou destruir. Nada pode entrar para manifestar o pecado, a doen\u00e7a, a morte ou o des\u00e2nimo, porque Deus, o bem, enche esta casa com perfeito amor e a paz governa cada pessoa nela. N\u00e3o h\u00e1 nenhuma condi\u00e7\u00e3o maligna nem pensamento que possa influenciar, sugerir ou criar alguma lei para nos dominar ou controlar, para nos intimidar, ou fazer com que nos sobrevenha algum mal, ou impedir a entrada do bem em nossa consci\u00eancia. N\u00e3o existe nenhuma lei de fracasso, de necessidade, de pobreza, de car\u00eancia ou limita\u00e7\u00e3o. N\u00e3o existe nenhuma lei, sen\u00e3o a Lei Divina, que \u00e9 a profus\u00e3o, a abund\u00e2ncia, a harmonia e o dom\u00ednio. Nenhuma mente (ou mentes) mortal, individual, coletiva ou universal, boa, m\u00e1 ou indiferente, pode prejudicar a mim ou a qualquer outra pessoa hoje, porque Deus, o bem, nos governa e governa tamb\u00e9m cada membro de nossa fam\u00edlia, com o seu perfeito amor.<\/p>\n<\/blockquote>\n<p>Essa se\u00e7\u00e3o muitas vezes circula em separado como \u201cGod\u2019s Spiritual Household\u201d [A Casa Espiritual de Deus]. Embora n\u00e3o tenhamos encontrado nenhuma evid\u00eancia quanto a quem escreveu este texto, podemos confirmar que a Sra. Eddy n\u00e3o \u00e9 sua autora; a escrita difere acentuadamente de seu estilo habitual, tanto dos primeiros escritos, quanto dos demais.<\/p>\n<p align=\"center\"><strong>PARTE 4:<\/strong><\/p>\n<blockquote>\n<p>Amado Pai-M\u00e3e, Deus, d\u00e1-nos sabedoria para enfrentar os problemas que hoje se apresentam. D\u00e1-nos compreens\u00e3o para negar o erro. D\u00e1-nos a gra\u00e7a de ficarmos calados, quando n\u00e3o for necess\u00e1rio falar. \u00d3 Amor, envolve-nos. D\u00e1-nos uma mente, uma consci\u00eancia e faze-nos capazes de amar nosso pr\u00f3ximo como a n\u00f3s mesmos. Quando paramos de julgar, criticar ou condenar, come\u00e7amos a progredir.<\/p>\n<\/blockquote>\n<p>Partes dessa se\u00e7\u00e3o podem ser aut\u00eanticas. Em 1<sup>o<\/sup> de janeiro de 1898, Alfred Baker escreveu para a Sra. Eddy, agradecendo por enviar-lhe uma ora\u00e7\u00e3o que inclu\u00eda a frase \u201cAmor, envolve-me.\u201d<span id='easy-footnote-2-29361' class='easy-footnote-margin-adjust'><\/span><span class='easy-footnote'><a href='https:\/\/www.marybakereddylibrary.org\/pt-br\/research\/foi-mary-baker-eddy-quem-escreveu-um-tratamento-diario\/#easy-footnote-bottom-2-29361' title='Alfred Baker para Mary Baker Eddy, 1&lt;sup&gt;o&lt;\/sup&gt; de janeiro de 1898, 242a.'><sup>2<\/sup><\/a><\/span> No ano seguinte, Anna White Baker, esposa de Alfred Baker, escreveu a uma amiga, com uma cita\u00e7\u00e3o de uma ora\u00e7\u00e3o que a Sra. Eddy havia enviado a ele: \u201c\u00d3 Amor, envolve-me, \u00d3 Amor, d\u00e1-me uma \u00fanica Mente, nenhuma outra consci\u00eancia, e faz-me amar o meu pr\u00f3ximo como a mim mesma.\u201d<span id='easy-footnote-3-29361' class='easy-footnote-margin-adjust'><\/span><span class='easy-footnote'><a href='https:\/\/www.marybakereddylibrary.org\/pt-br\/research\/foi-mary-baker-eddy-quem-escreveu-um-tratamento-diario\/#easy-footnote-bottom-3-29361' title='Anna B. White Baker para Mary Kimball Morgan, 31 de outubro de 1899, V03415.'><sup>3<\/sup><\/a><\/span><\/p>\n<p align=\"center\"><strong>PARTE 5:<\/strong><\/p>\n<blockquote>\n<p>Quando os outros odiarem, desprezarem, ignorarem, ajuda-me, querido Deus, a am\u00e1-los ainda mais.<\/p>\n<\/blockquote>\n<p>Diz-se que essa frase estava escrita em um peda\u00e7o de papel colocado, certa vez, sobre a cama da Sra. Eddy. Esse papel n\u00e3o existe nos arquivos.<\/p>\n<p>[\/et_pb_text][\/et_pb_column][et_pb_column type=&#8221;1_3&#8243; _builder_version=&#8221;3.0.47&#8243; custom_padding=&#8221;|||&#8221; global_colors_info=&#8221;{}&#8221; custom_padding__hover=&#8221;|||&#8221;][et_pb_sidebar area=&#8221;et_pb_widget_area_3&#8243; _builder_version=&#8221;3.22.7&#8243; z_index_tablet=&#8221;500&#8243; global_colors_info=&#8221;{}&#8221;][\/et_pb_sidebar][\/et_pb_column][\/et_pb_row][\/et_pb_section]<\/p>\n<\/div>","protected":false},"excerpt":{"rendered":"<p>Leia sobre o que parece ser uma compila\u00e7\u00e3o de v\u00e1rios textos.<\/p>","protected":false},"author":44,"featured_media":0,"comment_status":"closed","ping_status":"closed","sticky":false,"template":"","format":"standard","meta":{"_et_pb_use_builder":"on","_et_pb_old_content":"","_et_gb_content_width":"","_oasis_is_in_workflow":0,"_oasis_original":0,"_oasis_task_priority":"2normal","_relevanssi_hide_post":"","_relevanssi_hide_content":"","_relevanssi_pin_for_all":"","_relevanssi_pin_keywords":"","_relevanssi_unpin_keywords":"","_relevanssi_related_keywords":"","_relevanssi_related_include_ids":"","_relevanssi_related_exclude_ids":"","_relevanssi_related_no_append":"","_relevanssi_related_not_related":"","_relevanssi_related_posts":"","_relevanssi_noindex_reason":"","inline_featured_image":false,"episode_type":"","audio_file":"","podmotor_file_id":"","podmotor_episode_id":"","cover_image":"","cover_image_id":"","duration":"","filesize":"","filesize_raw":"","date_recorded":"","explicit":"","block":"","itunes_episode_number":"","itunes_title":"","itunes_season_number":"","itunes_episode_type":"","footnotes":""},"categories":[246],"tags":[],"class_list":["post-29361","post","type-post","status-publish","format-standard","hentry","category-autenticacoes"],"yoast_head":"<!-- This site is optimized with the Yoast SEO plugin v27.5 - https:\/\/yoast.com\/product\/yoast-seo-wordpress\/ -->\n<title>Foi Mary Baker Eddy quem escreveu \u201cUm tratamento di\u00e1rio\u201d? - A Biblioteca Mary Baker Eddy<\/title>\n<meta name=\"robots\" content=\"index, follow, max-snippet:-1, max-image-preview:large, max-video-preview:-1\" \/>\n<link rel=\"canonical\" href=\"https:\/\/www.marybakereddylibrary.org\/pt-br\/research\/foi-mary-baker-eddy-quem-escreveu-um-tratamento-diario\/\" \/>\n<meta property=\"og:locale\" content=\"pt_BR\" \/>\n<meta property=\"og:type\" content=\"article\" \/>\n<meta property=\"og:title\" content=\"Foi Mary Baker Eddy quem escreveu \u201cUm tratamento di\u00e1rio\u201d? - A Biblioteca Mary Baker Eddy\" \/>\n<meta property=\"og:description\" content=\"Leia sobre o que parece ser uma compila\u00e7\u00e3o de v\u00e1rios textos.\" \/>\n<meta property=\"og:url\" content=\"https:\/\/www.marybakereddylibrary.org\/pt-br\/research\/foi-mary-baker-eddy-quem-escreveu-um-tratamento-diario\/\" \/>\n<meta property=\"og:site_name\" content=\"A Biblioteca Mary Baker Eddy\" \/>\n<meta property=\"article:publisher\" content=\"https:\/\/www.facebook.com\/mbelibrary\" \/>\n<meta property=\"article:published_time\" content=\"2020-08-06T16:05:31+00:00\" \/>\n<meta property=\"article:modified_time\" content=\"2022-09-07T18:57:25+00:00\" \/>\n<meta name=\"author\" content=\"The Mary Baker Eddy Library\" \/>\n<meta name=\"twitter:label1\" content=\"Escrito por\" \/>\n\t<meta name=\"twitter:data1\" content=\"The Mary Baker Eddy Library\" \/>\n\t<meta name=\"twitter:label2\" content=\"Est. tempo de leitura\" \/>\n\t<meta name=\"twitter:data2\" content=\"4 minutos\" \/>\n<script type=\"application\/ld+json\" class=\"yoast-schema-graph\">{\"@context\":\"https:\\\/\\\/schema.org\",\"@graph\":[{\"@type\":\"Article\",\"@id\":\"https:\\\/\\\/www.marybakereddylibrary.org\\\/pt-br\\\/research\\\/foi-mary-baker-eddy-quem-escreveu-um-tratamento-diario\\\/#article\",\"isPartOf\":{\"@id\":\"https:\\\/\\\/www.marybakereddylibrary.org\\\/pt-br\\\/research\\\/foi-mary-baker-eddy-quem-escreveu-um-tratamento-diario\\\/\"},\"author\":{\"name\":\"The Mary Baker Eddy Library\",\"@id\":\"https:\\\/\\\/www.marybakereddylibrary.org\\\/pt-br\\\/#\\\/schema\\\/person\\\/82abfd938c00bb8542667a796d4e449a\"},\"headline\":\"Foi Mary Baker Eddy quem escreveu \u201cUm tratamento di\u00e1rio\u201d?\",\"datePublished\":\"2020-08-06T16:05:31+00:00\",\"dateModified\":\"2022-09-07T18:57:25+00:00\",\"mainEntityOfPage\":{\"@id\":\"https:\\\/\\\/www.marybakereddylibrary.org\\\/pt-br\\\/research\\\/foi-mary-baker-eddy-quem-escreveu-um-tratamento-diario\\\/\"},\"wordCount\":1007,\"publisher\":{\"@id\":\"https:\\\/\\\/www.marybakereddylibrary.org\\\/pt-br\\\/#organization\"},\"articleSection\":[\"Autentica\u00e7\u00f5es\"],\"inLanguage\":\"pt-BR\"},{\"@type\":\"WebPage\",\"@id\":\"https:\\\/\\\/www.marybakereddylibrary.org\\\/pt-br\\\/research\\\/foi-mary-baker-eddy-quem-escreveu-um-tratamento-diario\\\/\",\"url\":\"https:\\\/\\\/www.marybakereddylibrary.org\\\/pt-br\\\/research\\\/foi-mary-baker-eddy-quem-escreveu-um-tratamento-diario\\\/\",\"name\":\"Foi Mary Baker Eddy quem escreveu \u201cUm tratamento di\u00e1rio\u201d? - A Biblioteca Mary Baker Eddy\",\"isPartOf\":{\"@id\":\"https:\\\/\\\/www.marybakereddylibrary.org\\\/pt-br\\\/#website\"},\"datePublished\":\"2020-08-06T16:05:31+00:00\",\"dateModified\":\"2022-09-07T18:57:25+00:00\",\"breadcrumb\":{\"@id\":\"https:\\\/\\\/www.marybakereddylibrary.org\\\/pt-br\\\/research\\\/foi-mary-baker-eddy-quem-escreveu-um-tratamento-diario\\\/#breadcrumb\"},\"inLanguage\":\"pt-BR\",\"potentialAction\":[{\"@type\":\"ReadAction\",\"target\":[\"https:\\\/\\\/www.marybakereddylibrary.org\\\/pt-br\\\/research\\\/foi-mary-baker-eddy-quem-escreveu-um-tratamento-diario\\\/\"]}]},{\"@type\":\"BreadcrumbList\",\"@id\":\"https:\\\/\\\/www.marybakereddylibrary.org\\\/pt-br\\\/research\\\/foi-mary-baker-eddy-quem-escreveu-um-tratamento-diario\\\/#breadcrumb\",\"itemListElement\":[{\"@type\":\"ListItem\",\"position\":1,\"name\":\"Home\",\"item\":\"https:\\\/\\\/www.marybakereddylibrary.org\\\/pt-br\\\/\"},{\"@type\":\"ListItem\",\"position\":2,\"name\":\"Foi Mary Baker Eddy quem escreveu \u201cUm tratamento di\u00e1rio\u201d?\"}]},{\"@type\":\"WebSite\",\"@id\":\"https:\\\/\\\/www.marybakereddylibrary.org\\\/pt-br\\\/#website\",\"url\":\"https:\\\/\\\/www.marybakereddylibrary.org\\\/pt-br\\\/\",\"name\":\"A Biblioteca Mary Baker Eddy\",\"description\":\"\",\"publisher\":{\"@id\":\"https:\\\/\\\/www.marybakereddylibrary.org\\\/pt-br\\\/#organization\"},\"potentialAction\":[{\"@type\":\"SearchAction\",\"target\":{\"@type\":\"EntryPoint\",\"urlTemplate\":\"https:\\\/\\\/www.marybakereddylibrary.org\\\/pt-br\\\/?s={search_term_string}\"},\"query-input\":{\"@type\":\"PropertyValueSpecification\",\"valueRequired\":true,\"valueName\":\"search_term_string\"}}],\"inLanguage\":\"pt-BR\"},{\"@type\":\"Organization\",\"@id\":\"https:\\\/\\\/www.marybakereddylibrary.org\\\/pt-br\\\/#organization\",\"name\":\"The Mary Baker Eddy Library\",\"url\":\"https:\\\/\\\/www.marybakereddylibrary.org\\\/pt-br\\\/\",\"logo\":{\"@type\":\"ImageObject\",\"inLanguage\":\"pt-BR\",\"@id\":\"https:\\\/\\\/www.marybakereddylibrary.org\\\/pt-br\\\/#\\\/schema\\\/logo\\\/image\\\/\",\"url\":\"https:\\\/\\\/www.marybakereddylibrary.org\\\/wp-content\\\/uploads\\\/2015\\\/03\\\/MBEL_logo_HR.jpg\",\"contentUrl\":\"https:\\\/\\\/www.marybakereddylibrary.org\\\/wp-content\\\/uploads\\\/2015\\\/03\\\/MBEL_logo_HR.jpg\",\"width\":2100,\"height\":2100,\"caption\":\"The Mary Baker Eddy Library\"},\"image\":{\"@id\":\"https:\\\/\\\/www.marybakereddylibrary.org\\\/pt-br\\\/#\\\/schema\\\/logo\\\/image\\\/\"},\"sameAs\":[\"https:\\\/\\\/www.facebook.com\\\/mbelibrary\",\"https:\\\/\\\/x.com\\\/mbelibrary\",\"https:\\\/\\\/www.instagram.com\\\/mbelibrary\"]},{\"@type\":\"Person\",\"@id\":\"https:\\\/\\\/www.marybakereddylibrary.org\\\/pt-br\\\/#\\\/schema\\\/person\\\/82abfd938c00bb8542667a796d4e449a\",\"name\":\"The Mary Baker Eddy Library\",\"image\":{\"@type\":\"ImageObject\",\"inLanguage\":\"pt-BR\",\"@id\":\"https:\\\/\\\/secure.gravatar.com\\\/avatar\\\/47a742fb4f6cc6ad0d0564fe6349235105346e31e12bacfbe4c85164ba549b72?s=96&d=mm&r=g\",\"url\":\"https:\\\/\\\/secure.gravatar.com\\\/avatar\\\/47a742fb4f6cc6ad0d0564fe6349235105346e31e12bacfbe4c85164ba549b72?s=96&d=mm&r=g\",\"contentUrl\":\"https:\\\/\\\/secure.gravatar.com\\\/avatar\\\/47a742fb4f6cc6ad0d0564fe6349235105346e31e12bacfbe4c85164ba549b72?s=96&d=mm&r=g\",\"caption\":\"The Mary Baker Eddy Library\"}}]}<\/script>\n<!-- \/ Yoast SEO plugin. -->","yoast_head_json":{"title":"Foi Mary Baker Eddy quem escreveu \u201cUm tratamento di\u00e1rio\u201d? - A Biblioteca Mary Baker Eddy","robots":{"index":"index","follow":"follow","max-snippet":"max-snippet:-1","max-image-preview":"max-image-preview:large","max-video-preview":"max-video-preview:-1"},"canonical":"https:\/\/www.marybakereddylibrary.org\/pt-br\/research\/foi-mary-baker-eddy-quem-escreveu-um-tratamento-diario\/","og_locale":"pt_BR","og_type":"article","og_title":"Foi Mary Baker Eddy quem escreveu \u201cUm tratamento di\u00e1rio\u201d? - A Biblioteca Mary Baker Eddy","og_description":"Leia sobre o que parece ser uma compila\u00e7\u00e3o de v\u00e1rios textos.","og_url":"https:\/\/www.marybakereddylibrary.org\/pt-br\/research\/foi-mary-baker-eddy-quem-escreveu-um-tratamento-diario\/","og_site_name":"A Biblioteca Mary Baker Eddy","article_publisher":"https:\/\/www.facebook.com\/mbelibrary","article_published_time":"2020-08-06T16:05:31+00:00","article_modified_time":"2022-09-07T18:57:25+00:00","author":"The Mary Baker Eddy Library","twitter_misc":{"Escrito por":"The Mary Baker Eddy Library","Est. tempo de leitura":"4 minutos"},"schema":{"@context":"https:\/\/schema.org","@graph":[{"@type":"Article","@id":"https:\/\/www.marybakereddylibrary.org\/pt-br\/research\/foi-mary-baker-eddy-quem-escreveu-um-tratamento-diario\/#article","isPartOf":{"@id":"https:\/\/www.marybakereddylibrary.org\/pt-br\/research\/foi-mary-baker-eddy-quem-escreveu-um-tratamento-diario\/"},"author":{"name":"The Mary Baker Eddy Library","@id":"https:\/\/www.marybakereddylibrary.org\/pt-br\/#\/schema\/person\/82abfd938c00bb8542667a796d4e449a"},"headline":"Foi Mary Baker Eddy quem escreveu \u201cUm tratamento di\u00e1rio\u201d?","datePublished":"2020-08-06T16:05:31+00:00","dateModified":"2022-09-07T18:57:25+00:00","mainEntityOfPage":{"@id":"https:\/\/www.marybakereddylibrary.org\/pt-br\/research\/foi-mary-baker-eddy-quem-escreveu-um-tratamento-diario\/"},"wordCount":1007,"publisher":{"@id":"https:\/\/www.marybakereddylibrary.org\/pt-br\/#organization"},"articleSection":["Autentica\u00e7\u00f5es"],"inLanguage":"pt-BR"},{"@type":"WebPage","@id":"https:\/\/www.marybakereddylibrary.org\/pt-br\/research\/foi-mary-baker-eddy-quem-escreveu-um-tratamento-diario\/","url":"https:\/\/www.marybakereddylibrary.org\/pt-br\/research\/foi-mary-baker-eddy-quem-escreveu-um-tratamento-diario\/","name":"Foi Mary Baker Eddy quem escreveu \u201cUm tratamento di\u00e1rio\u201d? - A Biblioteca Mary Baker Eddy","isPartOf":{"@id":"https:\/\/www.marybakereddylibrary.org\/pt-br\/#website"},"datePublished":"2020-08-06T16:05:31+00:00","dateModified":"2022-09-07T18:57:25+00:00","breadcrumb":{"@id":"https:\/\/www.marybakereddylibrary.org\/pt-br\/research\/foi-mary-baker-eddy-quem-escreveu-um-tratamento-diario\/#breadcrumb"},"inLanguage":"pt-BR","potentialAction":[{"@type":"ReadAction","target":["https:\/\/www.marybakereddylibrary.org\/pt-br\/research\/foi-mary-baker-eddy-quem-escreveu-um-tratamento-diario\/"]}]},{"@type":"BreadcrumbList","@id":"https:\/\/www.marybakereddylibrary.org\/pt-br\/research\/foi-mary-baker-eddy-quem-escreveu-um-tratamento-diario\/#breadcrumb","itemListElement":[{"@type":"ListItem","position":1,"name":"Home","item":"https:\/\/www.marybakereddylibrary.org\/pt-br\/"},{"@type":"ListItem","position":2,"name":"Foi Mary Baker Eddy quem escreveu \u201cUm tratamento di\u00e1rio\u201d?"}]},{"@type":"WebSite","@id":"https:\/\/www.marybakereddylibrary.org\/pt-br\/#website","url":"https:\/\/www.marybakereddylibrary.org\/pt-br\/","name":"A Biblioteca Mary Baker Eddy","description":"","publisher":{"@id":"https:\/\/www.marybakereddylibrary.org\/pt-br\/#organization"},"potentialAction":[{"@type":"SearchAction","target":{"@type":"EntryPoint","urlTemplate":"https:\/\/www.marybakereddylibrary.org\/pt-br\/?s={search_term_string}"},"query-input":{"@type":"PropertyValueSpecification","valueRequired":true,"valueName":"search_term_string"}}],"inLanguage":"pt-BR"},{"@type":"Organization","@id":"https:\/\/www.marybakereddylibrary.org\/pt-br\/#organization","name":"The Mary Baker Eddy Library","url":"https:\/\/www.marybakereddylibrary.org\/pt-br\/","logo":{"@type":"ImageObject","inLanguage":"pt-BR","@id":"https:\/\/www.marybakereddylibrary.org\/pt-br\/#\/schema\/logo\/image\/","url":"https:\/\/www.marybakereddylibrary.org\/wp-content\/uploads\/2015\/03\/MBEL_logo_HR.jpg","contentUrl":"https:\/\/www.marybakereddylibrary.org\/wp-content\/uploads\/2015\/03\/MBEL_logo_HR.jpg","width":2100,"height":2100,"caption":"The Mary Baker Eddy Library"},"image":{"@id":"https:\/\/www.marybakereddylibrary.org\/pt-br\/#\/schema\/logo\/image\/"},"sameAs":["https:\/\/www.facebook.com\/mbelibrary","https:\/\/x.com\/mbelibrary","https:\/\/www.instagram.com\/mbelibrary"]},{"@type":"Person","@id":"https:\/\/www.marybakereddylibrary.org\/pt-br\/#\/schema\/person\/82abfd938c00bb8542667a796d4e449a","name":"The Mary Baker Eddy Library","image":{"@type":"ImageObject","inLanguage":"pt-BR","@id":"https:\/\/secure.gravatar.com\/avatar\/47a742fb4f6cc6ad0d0564fe6349235105346e31e12bacfbe4c85164ba549b72?s=96&d=mm&r=g","url":"https:\/\/secure.gravatar.com\/avatar\/47a742fb4f6cc6ad0d0564fe6349235105346e31e12bacfbe4c85164ba549b72?s=96&d=mm&r=g","contentUrl":"https:\/\/secure.gravatar.com\/avatar\/47a742fb4f6cc6ad0d0564fe6349235105346e31e12bacfbe4c85164ba549b72?s=96&d=mm&r=g","caption":"The Mary Baker Eddy Library"}}]}},"_links":{"self":[{"href":"https:\/\/www.marybakereddylibrary.org\/pt-br\/wp-json\/wp\/v2\/posts\/29361","targetHints":{"allow":["GET"]}}],"collection":[{"href":"https:\/\/www.marybakereddylibrary.org\/pt-br\/wp-json\/wp\/v2\/posts"}],"about":[{"href":"https:\/\/www.marybakereddylibrary.org\/pt-br\/wp-json\/wp\/v2\/types\/post"}],"author":[{"embeddable":true,"href":"https:\/\/www.marybakereddylibrary.org\/pt-br\/wp-json\/wp\/v2\/users\/44"}],"replies":[{"embeddable":true,"href":"https:\/\/www.marybakereddylibrary.org\/pt-br\/wp-json\/wp\/v2\/comments?post=29361"}],"version-history":[{"count":0,"href":"https:\/\/www.marybakereddylibrary.org\/pt-br\/wp-json\/wp\/v2\/posts\/29361\/revisions"}],"wp:attachment":[{"href":"https:\/\/www.marybakereddylibrary.org\/pt-br\/wp-json\/wp\/v2\/media?parent=29361"}],"wp:term":[{"taxonomy":"category","embeddable":true,"href":"https:\/\/www.marybakereddylibrary.org\/pt-br\/wp-json\/wp\/v2\/categories?post=29361"},{"taxonomy":"post_tag","embeddable":true,"href":"https:\/\/www.marybakereddylibrary.org\/pt-br\/wp-json\/wp\/v2\/tags?post=29361"}],"curies":[{"name":"wp","href":"https:\/\/api.w.org\/{rel}","templated":true}]}}