{"id":36850,"date":"2021-05-11T17:31:51","date_gmt":"2021-05-11T21:31:51","guid":{"rendered":"https:\/\/www.marybakereddylibrary.org\/?p=36850"},"modified":"2022-05-02T09:04:28","modified_gmt":"2022-05-02T13:04:28","slug":"o-que-mary-baker-eddy-disse-sobre-a-notificacao-e-tratamento-de-doencas-contagiosas","status":"publish","type":"post","link":"https:\/\/www.marybakereddylibrary.org\/pt-br\/research\/o-que-mary-baker-eddy-disse-sobre-a-notificacao-e-tratamento-de-doencas-contagiosas\/","title":{"rendered":"O que Mary Baker Eddy disse sobre a notifica\u00e7\u00e3o e tratamento de doen\u00e7as contagiosas?"},"content":{"rendered":"<div id=\"modal-ready\"><p>[et_pb_section fb_built=&#8221;1&#8243; fullwidth=&#8221;on&#8221; _builder_version=&#8221;3.22&#8243; global_colors_info=&#8221;{}&#8221;][et_pb_fullwidth_post_title author=&#8221;off&#8221; date_format=&#8221;j F Y&#8221; categories=&#8221;off&#8221; comments=&#8221;off&#8221; featured_image=&#8221;off&#8221; _builder_version=&#8221;3.29.3&#8243; z_index_tablet=&#8221;500&#8243; box_shadow_horizontal_tablet=&#8221;0px&#8221; box_shadow_vertical_tablet=&#8221;0px&#8221; box_shadow_blur_tablet=&#8221;40px&#8221; box_shadow_spread_tablet=&#8221;0px&#8221; global_colors_info=&#8221;{}&#8221;][\/et_pb_fullwidth_post_title][\/et_pb_section][et_pb_section fb_built=&#8221;1&#8243; _builder_version=&#8221;3.22&#8243; global_colors_info=&#8221;{}&#8221;][et_pb_row column_structure=&#8221;2_3,1_3&#8243; _builder_version=&#8221;3.25&#8243; background_size=&#8221;initial&#8221; background_position=&#8221;top_left&#8221; background_repeat=&#8221;repeat&#8221; global_colors_info=&#8221;{}&#8221;][et_pb_column type=&#8221;2_3&#8243; _builder_version=&#8221;3.0.47&#8243; custom_padding=&#8221;|||&#8221; global_colors_info=&#8221;{}&#8221; custom_padding__hover=&#8221;|||&#8221;][et_pb_image src=&#8221;https:\/\/www.marybakereddylibrary.org\/wp-content\/uploads\/2021\/05\/AaR_Notice-by-Eddy-on-contagious-disease_800x500px.jpg&#8221; alt=&#8221;-&#8221; title_text=&#8221;AaR_Notice-by-Eddy-on-contagious-disease_800x500px&#8221; _builder_version=&#8221;4.6.6&#8243; _module_preset=&#8221;default&#8221; global_colors_info=&#8221;{}&#8221;][\/et_pb_image][et_pb_text admin_label=&#8221;Credit\/caption&#8221; module_class=&#8221;custom-caption-centered&#8221; _builder_version=&#8221;4.6.6&#8243; _module_preset=&#8221;default&#8221; global_colors_info=&#8221;{}&#8221;]<\/p>\n<p>Archibald McLellan, \u201cRights and Duties\u201d, <em>Christian Science Sentinel,<\/em> 6 de novembro 1902, 152.<\/p>\n<p>[\/et_pb_text][et_pb_text _builder_version=&#8221;4.6.6&#8243; z_index_tablet=&#8221;500&#8243; global_colors_info=&#8221;{}&#8221;]<\/p>\n<p>Nosso artigo de fevereiro de 2021, \u201c<a href=\"https:\/\/www.marybakereddylibrary.org\/pt-br\/research\/vacinacao-o-que-disse-a-sra-eddy\/\">Vacina\u00e7\u00e3o: O que disse a Sra. Eddy?<\/a>\u201d, relatou as respostas de Mary Baker Eddy \u00e0s quest\u00f5es trazidas a p\u00fablico, referentes \u00e0 vacina\u00e7\u00e3o contra a var\u00edola, em 1900 e 1901. Em 1902, foram levantadas perguntas sobre a Ci\u00eancia Crist\u00e3 e a notifica\u00e7\u00e3o e tratamento de doen\u00e7as contagiosas, bem como quanto \u00e0 observa\u00e7\u00e3o da quarentena. Aumentara a preocupa\u00e7\u00e3o do p\u00fablico de que os Cientistas Crist\u00e3os talvez ignorassem as medidas sanit\u00e1rias destinadas a proteger a popula\u00e7\u00e3o, dada a percep\u00e7\u00e3o de que eles se apoiam totalmente na ora\u00e7\u00e3o para a cura. Quisemos examinar o desenvolvimento do pensamento da Sra. Eddy sobre o grande interesse do p\u00fablico nas medidas sanit\u00e1rias daquele ano. Como ela respondeu a essas quest\u00f5es?<\/p>\n<p>Apesar de esta religi\u00e3o adotar a cura por meio da ora\u00e7\u00e3o, a pr\u00e1tica da Ci\u00eancia Crist\u00e3 n\u00e3o pretendia ser um meio de n\u00e3o cumprir com as exig\u00eancias da lei. Archibald McLellan, na \u00e9poca Redator-Chefe dos peri\u00f3dicos da Ci\u00eancia Crist\u00e3, escreveu um editorial com o t\u00edtulo \u201cRights and Duties\u201d [Direitos e deveres], que teve a revis\u00e3o da Sra. Eddy, a fim de abordar essas quest\u00f5es. Em uma carta, ele agradeceu \u00e0 Sra. Eddy por suas revis\u00f5es e melhorias, enfatizando que o p\u00fablico deve saber que, \u201cqualquer desvio do nosso dever legal \u00e9 desaprovado pela senhora e pela denomina\u00e7\u00e3o\u201d, e que, \u201cn\u00e3o podemos questionar com \u00eaxito o poder constitucional do Estado de promulgar e fazer cumprir as leis que tornam obrigat\u00f3ria a notifica\u00e7\u00e3o de doen\u00e7as contagiosas e infecciosas, portanto, nossa posi\u00e7\u00e3o \u00e9 fortalecida por reconhecermos esse ponto de forma justa e clara\u201d.<span id='easy-footnote-1-36850' class='easy-footnote-margin-adjust'><\/span><span class='easy-footnote'><a href='https:\/\/www.marybakereddylibrary.org\/pt-br\/research\/o-que-mary-baker-eddy-disse-sobre-a-notificacao-e-tratamento-de-doencas-contagiosas\/#easy-footnote-bottom-1-36850' title='Archibald McLellan para Mary Baker Eddy, 5 de novembro de 1902, 005aP1.04.016. McLellan fora advogado, antes.'><sup>1<\/sup><\/a><\/span><\/p>\n<p>O editorial de McLellan foi al\u00e9m da quest\u00e3o de cumprir a lei, e incluiu um novo conselho da Sra. Eddy para acalmar a agita\u00e7\u00e3o p\u00fablica em torno do tratamento de doen\u00e7as contagiosas, por meio da Ci\u00eancia Crist\u00e3. \u201c<a href=\"https:\/\/sentinel.christianscience.com\/shared\/view\/u7wyvvhpbc?s=e\" target=\"_blank\" rel=\"noopener\">Rights and Duties<\/a>\u201d foi publicado em 6 de novembro de 1902 no <em>Christian Science Sentinel,<\/em> artigo que inclui este trecho: \u201cA Sra. Eddy aconselha que, \u2018at\u00e9 que o pensamento do p\u00fablico esteja mais familiarizado com a Ci\u00eancia Crist\u00e3, os Cientistas Crist\u00e3os se recusar\u00e3o a tratar doen\u00e7as infecciosas ou contagiosas\u2019 \u201d. Na p\u00e1gina de t\u00edtulo de seu pr\u00f3prio exemplar dessa edi\u00e7\u00e3o do <em>Sentinel,<\/em> a Sra. Eddy escreveu: \u201cMeu conselho sobre o cont\u00e1gio, etc.\u201d<\/p>\n<p>Uma semana depois, Alfred Farlow, gerente do Comit\u00ea de Publica\u00e7\u00e3o (que na Igreja da Ci\u00eancia Crist\u00e3 \u00e9 o escrit\u00f3rio que cuida dos assuntos relacionados ao p\u00fablico) escreveu para William D. McCrackan, o Comit\u00ea para o Estado de Nova York, que \u201ca mensagem [da Sra. Eddy] no Sentinel repercutiu bastante por aqui\u201d.<span id='easy-footnote-2-36850' class='easy-footnote-margin-adjust'><\/span><span class='easy-footnote'><a href='https:\/\/www.marybakereddylibrary.org\/pt-br\/research\/o-que-mary-baker-eddy-disse-sobre-a-notificacao-e-tratamento-de-doencas-contagiosas\/#easy-footnote-bottom-2-36850' title='Alfred Farlow para William D. McCrackan, 13 de novembro de 1902, Farlow Letterbooks, #271\u2013272.'><sup>2<\/sup><\/a><\/span> McLellan escreveu \u00e0 Sra. Eddy mais ou menos na mesma \u00e9poca: \u201cQuanto mais a mente mortal se preocupa com a declara\u00e7\u00e3o da senhora sobre doen\u00e7as infecciosas e contagiosas, mais eu me conven\u00e7o de que a declara\u00e7\u00e3o foi oportuna. Acredito que suas palavras despertar\u00e3o os Cientistas Crist\u00e3os para a necessidade de prever e prevenir o mal. Eu realmente fui despertado\u201d.<span id='easy-footnote-3-36850' class='easy-footnote-margin-adjust'><\/span><span class='easy-footnote'><a href='https:\/\/www.marybakereddylibrary.org\/pt-br\/research\/o-que-mary-baker-eddy-disse-sobre-a-notificacao-e-tratamento-de-doencas-contagiosas\/#easy-footnote-bottom-3-36850' title='Archibald McLellan para Mary Baker Eddy, 18 de novembro de 1902, 005aP1.04.017.'><sup>3<\/sup><\/a><\/span><\/p>\n<p>A \u201cceleuma\u201d e as \u201ctempestades\u201d produzidas pelas palavras da Sra. Eddy ocorreram dentro e fora do movimento da Ci\u00eancia Crist\u00e3. Alguns jornais comentaram erroneamente que o conselho dela era uma admiss\u00e3o de que a Ci\u00eancia Crist\u00e3 n\u00e3o curava, o que ocasionou v\u00e1rias respostas de Farlow, como a seguinte, escrita para o <em>The Detroit News:<\/em><\/p>\n<blockquote>\n<p>A recente concess\u00e3o da Sra. Eddy, quanto ao tratamento de doen\u00e7as contagiosas por parte dos Cientistas Crist\u00e3os, se d\u00e1 pelo fato de que a mente do p\u00fablico n\u00e3o tem conhecimento de que os Cientistas Crist\u00e3os j\u00e1 tiveram \u00eaxito em lidar com esses casos&#8230; Os Cientistas Crist\u00e3os n\u00e3o pensam que perder\u00e3o algo com a terna considera\u00e7\u00e3o crist\u00e3 que sua l\u00edder manifestou, em rela\u00e7\u00e3o \u00e0s cren\u00e7as daqueles que n\u00e3o compreendem a Ci\u00eancia Crist\u00e3.<span id='easy-footnote-4-36850' class='easy-footnote-margin-adjust'><\/span><span class='easy-footnote'><a href='https:\/\/www.marybakereddylibrary.org\/pt-br\/research\/o-que-mary-baker-eddy-disse-sobre-a-notificacao-e-tratamento-de-doencas-contagiosas\/#easy-footnote-bottom-4-36850' title='Alfred Farlow para \u201cEditor of the News\u201d [Redator das not\u00edcias], 20 de novembro de 1902, Farlow Letterbooks, #307.'><sup>4<\/sup><\/a><\/span><\/p>\n<\/blockquote>\n<p>A Sra. Eddy rapidamente abordou a quest\u00e3o do tratamento de doen\u00e7as contagiosas, por meio da Ci\u00eancia Crist\u00e3, em um artigo que ela intitulou \u201c<a href=\"https:\/\/sentinel.christianscience.com\/shared\/view\/104lj2vyfx0?s=e\" target=\"_blank\" rel=\"noopener\">Wherefore?<\/a>\u201d [Por que raz\u00e3o?]. O artigo foi publicado no <em>Sentinel<\/em> e na revista mensal <em>Christian Science Journal<\/em>. Posteriormente, foi inclu\u00eddo na obra <em>The First Church of Christ, Scientist, and Miscellany<\/em> [A Primeira Igreja de Cristo, Cientista, e Outros Textos]. Ela reiterou: \u201c&#8230;at\u00e9 que o pensamento do p\u00fablico tenha maior conhecimento da Ci\u00eancia Crist\u00e3, os Cientistas Crist\u00e3os se recusar\u00e3o a tratar de doen\u00e7as infecciosas ou contagiosas\u201d. E disse mais:<\/p>\n<blockquote>\n<p>Os Cientistas Crist\u00e3os devem ser influenciados apenas por seu pr\u00f3prio discernimento, quanto a aceitar um caso de doen\u00e7a maligna. Eles devem avaliar muito bem sua capacidade de lidar com a alega\u00e7\u00e3o dessas doen\u00e7as e n\u00e3o devem ignorar o fato de que existem aqueles que est\u00e3o \u00e0 espreita para usar suas palavras contra eles; nem devem se esquecer de que em sua pr\u00e1tica, seja tendo \u00eaxito ou n\u00e3o, eles n\u00e3o t\u00eam nenhuma prote\u00e7\u00e3o especial da lei.<span id='easy-footnote-5-36850' class='easy-footnote-margin-adjust'><\/span><span class='easy-footnote'><a href='https:\/\/www.marybakereddylibrary.org\/pt-br\/research\/o-que-mary-baker-eddy-disse-sobre-a-notificacao-e-tratamento-de-doencas-contagiosas\/#easy-footnote-bottom-5-36850' title='Mary Baker Eddy, \u201cWherefore?\u201d [Por que raz\u00e3o?], &lt;em&gt;The First Church of Christ, Scientist, and Miscellany&lt;\/em&gt; [A Primeira Igreja de Cristo, Cientista, e Outros Textos] (Boston: The Christian Science Board of Directors), 227.'><sup>5<\/sup><\/a><\/span><\/p>\n<\/blockquote>\n<p>Dois dias antes de \u201cWherefore?\u201d ser publicado, a Sra. Eddy escrevera a McLellan: \u201cEspero que, como Redator-Chefe, acrescentes tua aprova\u00e7\u00e3o por minha afirma\u00e7\u00e3o que tu publicaste\u201d, acrescentando que \u201cobviamente a m\u00e3e [Sra. Eddy] n\u00e3o pode atender a todas essas quest\u00f5es. Nossos peri\u00f3dicos devem ser eficazes e incisivos a respeito desses assuntos, nas ocasi\u00f5es em que isso for necess\u00e1rio\u201d.<span id='easy-footnote-6-36850' class='easy-footnote-margin-adjust'><\/span><span class='easy-footnote'><a href='https:\/\/www.marybakereddylibrary.org\/pt-br\/research\/o-que-mary-baker-eddy-disse-sobre-a-notificacao-e-tratamento-de-doencas-contagiosas\/#easy-footnote-bottom-6-36850' title='Mary Baker Eddy para Archibald McLellan, 25 de novembro de 1902, L03041.'><sup>6<\/sup><\/a><\/span><\/p>\n<p>O <em>Sentinel<\/em> publicou \u201cWherefore?\u201d como editorial principal, seguido do endosso de McLellan:<\/p>\n<blockquote>\n<p>Nenhuma d\u00favida a respeito da efic\u00e1cia da Ci\u00eancia Crist\u00e3, em casos de doen\u00e7as infecciosas e contagiosas, est\u00e1 impl\u00edcita no conselho da Sra. Eddy de que, at\u00e9 que o pensamento do p\u00fablico tenha mais conhecimento da Ci\u00eancia Crist\u00e3, os Cientistas Crist\u00e3os se recusar\u00e3o a tratar desses casos.<\/p>\n<\/blockquote>\n<blockquote>\n<p>As tentativas de deturpar suas palavras, como se elas fossem uma admiss\u00e3o de que a Ci\u00eancia Crist\u00e3 n\u00e3o poderia curar casos de doen\u00e7as malignas, n\u00e3o s\u00e3o justificadas pelos fatos e falham em seu prop\u00f3sito. A cura desses tipos de casos, diagnosticados e descritos por m\u00e9dicos, e registrados por Conselhos de Sa\u00fade e outros \u00f3rg\u00e3os de sa\u00fade, prova sem sombra de d\u00favida que a Ci\u00eancia Crist\u00e3 \u00e9 a mais eficaz, e todos os esfor\u00e7os para contestar essa evid\u00eancia t\u00eam de falhar notoriamente, se os registros p\u00fablicos estiverem corretos e o diagn\u00f3stico m\u00e9dico tiver valor.<\/p>\n<\/blockquote>\n<blockquote>\n<p>O conselho da Sra. Eddy \u00e9 s\u00e1bio e oportuno, e podemos prestar um melhor servi\u00e7o \u00e0 Causa, e expressar nossa gratid\u00e3o pelo seu amoroso cuidado, vis\u00e3o e lideran\u00e7a, dando a ele a devida aten\u00e7\u00e3o.<\/p>\n<\/blockquote>\n<blockquote>\n<p>Quando despertarmos completamente para a necessidade de prevenir a doen\u00e7a, em vez de esperar por sua manifesta\u00e7\u00e3o, veremos com mais clareza a sabedoria de seu conselho, e o fato de termos sido levados a uma poderosa compreens\u00e3o da impot\u00eancia de todo o mal, seja manifestado no momento presente ou temido para o futuro.<span id='easy-footnote-7-36850' class='easy-footnote-margin-adjust'><\/span><span class='easy-footnote'><a href='https:\/\/www.marybakereddylibrary.org\/pt-br\/research\/o-que-mary-baker-eddy-disse-sobre-a-notificacao-e-tratamento-de-doencas-contagiosas\/#easy-footnote-bottom-7-36850' title='Archibald McLellan, coment\u00e1rio editorial do texto \u201cWherefore?\u201d [Por que raz\u00e3o?], &lt;em&gt;Christian Science Sentinel,&lt;\/em&gt; 27 de novembro de 1902, 200.'><sup>7<\/sup><\/a><\/span><\/p>\n<\/blockquote>\n<p>Enquanto isso, Farlow continuava respondendo \u00e0 imprensa. Ele declarou no <em>Christian Advocate<\/em> que os \u201c[Cientistas Crist\u00e3os] n\u00e3o pretendem insistir em direitos e privil\u00e9gios que no presente momento n\u00e3o ser\u00e3o concedidos. Eles batem \u00e0 porta da opini\u00e3o p\u00fablica, eles n\u00e3o a invadem\u201d.<span id='easy-footnote-8-36850' class='easy-footnote-margin-adjust'><\/span><span class='easy-footnote'><a href='https:\/\/www.marybakereddylibrary.org\/pt-br\/research\/o-que-mary-baker-eddy-disse-sobre-a-notificacao-e-tratamento-de-doencas-contagiosas\/#easy-footnote-bottom-8-36850' title='Alfred Farlow, &lt;em&gt;Christian Advocate&lt;\/em&gt; (Pensilv\u00e2nia), 30 de dezembro de 1902.'><sup>8<\/sup><\/a><\/span> Para o <em>Journal of Medicine and Science,<\/em> ele escreveu:<\/p>\n<blockquote>\n<p>[Mary Baker Eddy] n\u00e3o admitiu nenhuma falta de capacidade de curar doen\u00e7as contagiosas, por parte de seus seguidores. Ela fez essa concess\u00e3o devido aos temores e apreens\u00f5es do p\u00fablico. Acreditamos que \u00e9 melhor esperar at\u00e9 que a efic\u00e1cia da Ci\u00eancia Crist\u00e3 na cura dessas doen\u00e7as seja mais bem compreendida, em vez de for\u00e7ar uma pr\u00e1tica que o p\u00fablico n\u00e3o parece estar disposto a admitir, no momento.<span id='easy-footnote-9-36850' class='easy-footnote-margin-adjust'><\/span><span class='easy-footnote'><a href='https:\/\/www.marybakereddylibrary.org\/pt-br\/research\/o-que-mary-baker-eddy-disse-sobre-a-notificacao-e-tratamento-de-doencas-contagiosas\/#easy-footnote-bottom-9-36850' title='Alfred Farlow, &lt;em&gt;Journal of Medicine and Science&lt;\/em&gt; (Portland, Maine), 2 de janeiro de 1903.'><sup>9<\/sup><\/a><\/span><\/p>\n<\/blockquote>\n<p>Aproximadamente um m\u00eas antes, Farlow tamb\u00e9m havia dado esta explica\u00e7\u00e3o a John E. Playter de Minessota:<\/p>\n<blockquote>\n<p>Deves deixar claro aos teus redatores [do jornal] que o relato de doen\u00e7as contagiosas e a quarentena de doentes n\u00e3o ocorrem porque os Cientistas Crist\u00e3os s\u00e3o for\u00e7ados a faz\u00ea-lo, mas porque a quarentena cuidadosa est\u00e1 fundamentada na Ci\u00eancia Crist\u00e3 e o cumprimento da lei est\u00e1 de acordo com os ensinamentos da Ci\u00eancia. A Sra. Eddy n\u00e3o d\u00e1 esse conselho para indicar uma mudan\u00e7a na pr\u00e1tica dos Cientistas Crist\u00e3os, mas para indicar seu apoio pessoal \u00e0 lei. J\u00e1 era costume entre os Cientistas Crist\u00e3os estarem rigorosamente atentos \u00e0s leis de quarentena, mesmo antes de a Sra. Eddy achar necess\u00e1rio falar a respeito, embora talvez alguns Cientistas Crist\u00e3os descuidados, como outras pessoas descuidadas, as tenham negligenciado&#8230;<\/p>\n<\/blockquote>\n<blockquote>\n<p>A Sra. Eddy n\u00e3o deu seu conselho por reconhecer que n\u00e3o seria seguro lidar com doen\u00e7as contagiosas, mas porque ela notou a contenda por parte da oposi\u00e7\u00e3o e concluiu que deveria oferecer a outra face tamb\u00e9m. Os Cientistas Crist\u00e3os j\u00e1 provaram que podem curar doen\u00e7as contagiosas com efic\u00e1cia.<span id='easy-footnote-10-36850' class='easy-footnote-margin-adjust'><\/span><span class='easy-footnote'><a href='https:\/\/www.marybakereddylibrary.org\/pt-br\/research\/o-que-mary-baker-eddy-disse-sobre-a-notificacao-e-tratamento-de-doencas-contagiosas\/#easy-footnote-bottom-10-36850' title='Alfred Farlow para John E. Playter, 20 de novembro de 1902, Farlow Letterbooks, #314.'><sup>10<\/sup><\/a><\/span><\/p>\n<\/blockquote>\n<hr \/>\n<p><em>Esse blog tamb\u00e9m pode ser lido neste\u00a0<\/em>site<em>\u00a0em\u00a0<a href=\"https:\/\/www.marybakereddylibrary.org\/de\/research\/wie-aeusserte-sich-mary-baker-eddy-zum-melden-und-behandeln-ansteckender-krankheiten\/\">alem\u00e3o<\/a>,\u00a0<a href=\"https:\/\/www.marybakereddylibrary.org\/es\/research\/que-dijo-mary-baker-eddy-sobre-informar-de-las-enfermedades-contagiosas-y-tratarlas\/\">espanhol<\/a>,\u00a0<a href=\"https:\/\/www.marybakereddylibrary.org\/fr\/research\/que-dit-mary-baker-eddy-sur-le-signalement-et-le-traitement-des-maladies-contagieuses\/\">franc\u00eas<\/a>\u00a0e\u00a0<a href=\"https:\/\/www.marybakereddylibrary.org\/research\/what-did-eddy-say-about-reporting-and-treating-contagious-diseases\/\">ingl\u00eas<\/a>. Para ler o blog em italiano, <a href=\"https:\/\/www.marybakereddylibrary.org\/wp-content\/uploads\/2021\/06\/MBEL_Blog_Italian_reporting_and_treating_disease.pdf\">clique aqui<\/a>.<\/em><\/p>\n<p>[\/et_pb_text][\/et_pb_column][et_pb_column type=&#8221;1_3&#8243; _builder_version=&#8221;3.0.47&#8243; custom_padding=&#8221;|||&#8221; global_colors_info=&#8221;{}&#8221; custom_padding__hover=&#8221;|||&#8221;][et_pb_sidebar area=&#8221;et_pb_widget_area_3&#8243; _builder_version=&#8221;4.14.7&#8243; hover_enabled=&#8221;0&#8243; z_index_tablet=&#8221;500&#8243; global_colors_info=&#8221;{}&#8221; orientation=&#8221;right&#8221; sticky_enabled=&#8221;0&#8243;][\/et_pb_sidebar][\/et_pb_column][\/et_pb_row][\/et_pb_section]<\/p>\n<\/div>","protected":false},"excerpt":{"rendered":"<p>Saiba como ela respondeu aos temores do p\u00fablico a respeito destas quest\u00f5es.<\/p>","protected":false},"author":44,"featured_media":36937,"comment_status":"closed","ping_status":"closed","sticky":false,"template":"","format":"standard","meta":{"_et_pb_use_builder":"on","_et_pb_old_content":"","_et_gb_content_width":"","_oasis_is_in_workflow":0,"_oasis_original":0,"_oasis_task_priority":"2normal","_relevanssi_hide_post":"","_relevanssi_hide_content":"","_relevanssi_pin_for_all":"","_relevanssi_pin_keywords":"","_relevanssi_unpin_keywords":"","_relevanssi_related_keywords":"","_relevanssi_related_include_ids":"","_relevanssi_related_exclude_ids":"","_relevanssi_related_no_append":"","_relevanssi_related_not_related":"","_relevanssi_related_posts":"","_relevanssi_noindex_reason":"","inline_featured_image":false,"episode_type":"","audio_file":"","podmotor_file_id":"","podmotor_episode_id":"","cover_image":"","cover_image_id":"","duration":"","filesize":"","filesize_raw":"","date_recorded":"","explicit":"","block":"","itunes_episode_number":"","itunes_title":"","itunes_season_number":"","itunes_episode_type":"","footnotes":""},"categories":[184],"tags":[],"class_list":["post-36850","post","type-post","status-publish","format-standard","has-post-thumbnail","hentry","category-pergunte-a-um-pesquisador"],"yoast_head":"<!-- This site is optimized with the Yoast SEO plugin v27.5 - https:\/\/yoast.com\/product\/yoast-seo-wordpress\/ -->\n<title>O que Mary Baker Eddy disse sobre a notifica\u00e7\u00e3o e tratamento de doen\u00e7as contagiosas? - A Biblioteca Mary Baker Eddy<\/title>\n<meta name=\"robots\" content=\"index, follow, max-snippet:-1, max-image-preview:large, max-video-preview:-1\" \/>\n<link rel=\"canonical\" href=\"https:\/\/www.marybakereddylibrary.org\/pt-br\/research\/o-que-mary-baker-eddy-disse-sobre-a-notificacao-e-tratamento-de-doencas-contagiosas\/\" \/>\n<meta property=\"og:locale\" content=\"pt_BR\" \/>\n<meta property=\"og:type\" content=\"article\" \/>\n<meta property=\"og:title\" content=\"O que Mary Baker Eddy disse sobre a notifica\u00e7\u00e3o e tratamento de doen\u00e7as contagiosas? - A Biblioteca Mary Baker Eddy\" \/>\n<meta property=\"og:description\" content=\"Saiba como ela respondeu aos temores do p\u00fablico a respeito destas quest\u00f5es.\" \/>\n<meta property=\"og:url\" content=\"https:\/\/www.marybakereddylibrary.org\/pt-br\/research\/o-que-mary-baker-eddy-disse-sobre-a-notificacao-e-tratamento-de-doencas-contagiosas\/\" \/>\n<meta property=\"og:site_name\" content=\"A Biblioteca Mary Baker Eddy\" \/>\n<meta property=\"article:publisher\" content=\"https:\/\/www.facebook.com\/mbelibrary\" \/>\n<meta property=\"article:published_time\" content=\"2021-05-11T21:31:51+00:00\" \/>\n<meta property=\"article:modified_time\" content=\"2022-05-02T13:04:28+00:00\" \/>\n<meta property=\"og:image\" content=\"https:\/\/www.marybakereddylibrary.org\/wp-content\/uploads\/2021\/05\/AaR_Notice-by-Eddy-on-contagious-disease_800x500px.jpg\" \/>\n\t<meta property=\"og:image:width\" content=\"800\" \/>\n\t<meta property=\"og:image:height\" content=\"500\" \/>\n\t<meta property=\"og:image:type\" content=\"image\/jpeg\" \/>\n<meta name=\"author\" content=\"The Mary Baker Eddy Library\" \/>\n<meta name=\"twitter:label1\" content=\"Escrito por\" \/>\n\t<meta name=\"twitter:data1\" content=\"The Mary Baker Eddy Library\" \/>\n\t<meta name=\"twitter:label2\" content=\"Est. tempo de leitura\" \/>\n\t<meta name=\"twitter:data2\" content=\"7 minutos\" \/>\n<script type=\"application\/ld+json\" class=\"yoast-schema-graph\">{\"@context\":\"https:\\\/\\\/schema.org\",\"@graph\":[{\"@type\":\"Article\",\"@id\":\"https:\\\/\\\/www.marybakereddylibrary.org\\\/pt-br\\\/research\\\/o-que-mary-baker-eddy-disse-sobre-a-notificacao-e-tratamento-de-doencas-contagiosas\\\/#article\",\"isPartOf\":{\"@id\":\"https:\\\/\\\/www.marybakereddylibrary.org\\\/pt-br\\\/research\\\/o-que-mary-baker-eddy-disse-sobre-a-notificacao-e-tratamento-de-doencas-contagiosas\\\/\"},\"author\":{\"name\":\"The Mary Baker Eddy Library\",\"@id\":\"https:\\\/\\\/www.marybakereddylibrary.org\\\/pt-br\\\/#\\\/schema\\\/person\\\/82abfd938c00bb8542667a796d4e449a\"},\"headline\":\"O que Mary Baker Eddy disse sobre a notifica\u00e7\u00e3o e tratamento de doen\u00e7as contagiosas?\",\"datePublished\":\"2021-05-11T21:31:51+00:00\",\"dateModified\":\"2022-05-02T13:04:28+00:00\",\"mainEntityOfPage\":{\"@id\":\"https:\\\/\\\/www.marybakereddylibrary.org\\\/pt-br\\\/research\\\/o-que-mary-baker-eddy-disse-sobre-a-notificacao-e-tratamento-de-doencas-contagiosas\\\/\"},\"wordCount\":1982,\"publisher\":{\"@id\":\"https:\\\/\\\/www.marybakereddylibrary.org\\\/pt-br\\\/#organization\"},\"image\":{\"@id\":\"https:\\\/\\\/www.marybakereddylibrary.org\\\/pt-br\\\/research\\\/o-que-mary-baker-eddy-disse-sobre-a-notificacao-e-tratamento-de-doencas-contagiosas\\\/#primaryimage\"},\"thumbnailUrl\":\"https:\\\/\\\/www.marybakereddylibrary.org\\\/wp-content\\\/uploads\\\/2021\\\/05\\\/AaR_Notice-by-Eddy-on-contagious-disease_800x500px.jpg\",\"articleSection\":[\"Pergunte a um pesquisador\"],\"inLanguage\":\"pt-BR\"},{\"@type\":\"WebPage\",\"@id\":\"https:\\\/\\\/www.marybakereddylibrary.org\\\/pt-br\\\/research\\\/o-que-mary-baker-eddy-disse-sobre-a-notificacao-e-tratamento-de-doencas-contagiosas\\\/\",\"url\":\"https:\\\/\\\/www.marybakereddylibrary.org\\\/pt-br\\\/research\\\/o-que-mary-baker-eddy-disse-sobre-a-notificacao-e-tratamento-de-doencas-contagiosas\\\/\",\"name\":\"O que Mary Baker Eddy disse sobre a notifica\u00e7\u00e3o e tratamento de doen\u00e7as contagiosas? - A Biblioteca Mary Baker Eddy\",\"isPartOf\":{\"@id\":\"https:\\\/\\\/www.marybakereddylibrary.org\\\/pt-br\\\/#website\"},\"primaryImageOfPage\":{\"@id\":\"https:\\\/\\\/www.marybakereddylibrary.org\\\/pt-br\\\/research\\\/o-que-mary-baker-eddy-disse-sobre-a-notificacao-e-tratamento-de-doencas-contagiosas\\\/#primaryimage\"},\"image\":{\"@id\":\"https:\\\/\\\/www.marybakereddylibrary.org\\\/pt-br\\\/research\\\/o-que-mary-baker-eddy-disse-sobre-a-notificacao-e-tratamento-de-doencas-contagiosas\\\/#primaryimage\"},\"thumbnailUrl\":\"https:\\\/\\\/www.marybakereddylibrary.org\\\/wp-content\\\/uploads\\\/2021\\\/05\\\/AaR_Notice-by-Eddy-on-contagious-disease_800x500px.jpg\",\"datePublished\":\"2021-05-11T21:31:51+00:00\",\"dateModified\":\"2022-05-02T13:04:28+00:00\",\"breadcrumb\":{\"@id\":\"https:\\\/\\\/www.marybakereddylibrary.org\\\/pt-br\\\/research\\\/o-que-mary-baker-eddy-disse-sobre-a-notificacao-e-tratamento-de-doencas-contagiosas\\\/#breadcrumb\"},\"inLanguage\":\"pt-BR\",\"potentialAction\":[{\"@type\":\"ReadAction\",\"target\":[\"https:\\\/\\\/www.marybakereddylibrary.org\\\/pt-br\\\/research\\\/o-que-mary-baker-eddy-disse-sobre-a-notificacao-e-tratamento-de-doencas-contagiosas\\\/\"]}]},{\"@type\":\"ImageObject\",\"inLanguage\":\"pt-BR\",\"@id\":\"https:\\\/\\\/www.marybakereddylibrary.org\\\/pt-br\\\/research\\\/o-que-mary-baker-eddy-disse-sobre-a-notificacao-e-tratamento-de-doencas-contagiosas\\\/#primaryimage\",\"url\":\"https:\\\/\\\/www.marybakereddylibrary.org\\\/wp-content\\\/uploads\\\/2021\\\/05\\\/AaR_Notice-by-Eddy-on-contagious-disease_800x500px.jpg\",\"contentUrl\":\"https:\\\/\\\/www.marybakereddylibrary.org\\\/wp-content\\\/uploads\\\/2021\\\/05\\\/AaR_Notice-by-Eddy-on-contagious-disease_800x500px.jpg\",\"width\":800,\"height\":500,\"caption\":\"-\"},{\"@type\":\"BreadcrumbList\",\"@id\":\"https:\\\/\\\/www.marybakereddylibrary.org\\\/pt-br\\\/research\\\/o-que-mary-baker-eddy-disse-sobre-a-notificacao-e-tratamento-de-doencas-contagiosas\\\/#breadcrumb\",\"itemListElement\":[{\"@type\":\"ListItem\",\"position\":1,\"name\":\"Home\",\"item\":\"https:\\\/\\\/www.marybakereddylibrary.org\\\/pt-br\\\/\"},{\"@type\":\"ListItem\",\"position\":2,\"name\":\"O que Mary Baker Eddy disse sobre a notifica\u00e7\u00e3o e tratamento de doen\u00e7as contagiosas?\"}]},{\"@type\":\"WebSite\",\"@id\":\"https:\\\/\\\/www.marybakereddylibrary.org\\\/pt-br\\\/#website\",\"url\":\"https:\\\/\\\/www.marybakereddylibrary.org\\\/pt-br\\\/\",\"name\":\"A Biblioteca Mary Baker Eddy\",\"description\":\"\",\"publisher\":{\"@id\":\"https:\\\/\\\/www.marybakereddylibrary.org\\\/pt-br\\\/#organization\"},\"potentialAction\":[{\"@type\":\"SearchAction\",\"target\":{\"@type\":\"EntryPoint\",\"urlTemplate\":\"https:\\\/\\\/www.marybakereddylibrary.org\\\/pt-br\\\/?s={search_term_string}\"},\"query-input\":{\"@type\":\"PropertyValueSpecification\",\"valueRequired\":true,\"valueName\":\"search_term_string\"}}],\"inLanguage\":\"pt-BR\"},{\"@type\":\"Organization\",\"@id\":\"https:\\\/\\\/www.marybakereddylibrary.org\\\/pt-br\\\/#organization\",\"name\":\"The Mary Baker Eddy Library\",\"url\":\"https:\\\/\\\/www.marybakereddylibrary.org\\\/pt-br\\\/\",\"logo\":{\"@type\":\"ImageObject\",\"inLanguage\":\"pt-BR\",\"@id\":\"https:\\\/\\\/www.marybakereddylibrary.org\\\/pt-br\\\/#\\\/schema\\\/logo\\\/image\\\/\",\"url\":\"https:\\\/\\\/www.marybakereddylibrary.org\\\/wp-content\\\/uploads\\\/2015\\\/03\\\/MBEL_logo_HR.jpg\",\"contentUrl\":\"https:\\\/\\\/www.marybakereddylibrary.org\\\/wp-content\\\/uploads\\\/2015\\\/03\\\/MBEL_logo_HR.jpg\",\"width\":2100,\"height\":2100,\"caption\":\"The Mary Baker Eddy Library\"},\"image\":{\"@id\":\"https:\\\/\\\/www.marybakereddylibrary.org\\\/pt-br\\\/#\\\/schema\\\/logo\\\/image\\\/\"},\"sameAs\":[\"https:\\\/\\\/www.facebook.com\\\/mbelibrary\",\"https:\\\/\\\/x.com\\\/mbelibrary\",\"https:\\\/\\\/www.instagram.com\\\/mbelibrary\"]},{\"@type\":\"Person\",\"@id\":\"https:\\\/\\\/www.marybakereddylibrary.org\\\/pt-br\\\/#\\\/schema\\\/person\\\/82abfd938c00bb8542667a796d4e449a\",\"name\":\"The Mary Baker Eddy Library\",\"image\":{\"@type\":\"ImageObject\",\"inLanguage\":\"pt-BR\",\"@id\":\"https:\\\/\\\/secure.gravatar.com\\\/avatar\\\/47a742fb4f6cc6ad0d0564fe6349235105346e31e12bacfbe4c85164ba549b72?s=96&d=mm&r=g\",\"url\":\"https:\\\/\\\/secure.gravatar.com\\\/avatar\\\/47a742fb4f6cc6ad0d0564fe6349235105346e31e12bacfbe4c85164ba549b72?s=96&d=mm&r=g\",\"contentUrl\":\"https:\\\/\\\/secure.gravatar.com\\\/avatar\\\/47a742fb4f6cc6ad0d0564fe6349235105346e31e12bacfbe4c85164ba549b72?s=96&d=mm&r=g\",\"caption\":\"The Mary Baker Eddy Library\"}}]}<\/script>\n<!-- \/ Yoast SEO plugin. -->","yoast_head_json":{"title":"O que Mary Baker Eddy disse sobre a notifica\u00e7\u00e3o e tratamento de doen\u00e7as contagiosas? - A Biblioteca Mary Baker Eddy","robots":{"index":"index","follow":"follow","max-snippet":"max-snippet:-1","max-image-preview":"max-image-preview:large","max-video-preview":"max-video-preview:-1"},"canonical":"https:\/\/www.marybakereddylibrary.org\/pt-br\/research\/o-que-mary-baker-eddy-disse-sobre-a-notificacao-e-tratamento-de-doencas-contagiosas\/","og_locale":"pt_BR","og_type":"article","og_title":"O que Mary Baker Eddy disse sobre a notifica\u00e7\u00e3o e tratamento de doen\u00e7as contagiosas? - A Biblioteca Mary Baker Eddy","og_description":"Saiba como ela respondeu aos temores do p\u00fablico a respeito destas quest\u00f5es.","og_url":"https:\/\/www.marybakereddylibrary.org\/pt-br\/research\/o-que-mary-baker-eddy-disse-sobre-a-notificacao-e-tratamento-de-doencas-contagiosas\/","og_site_name":"A Biblioteca Mary Baker Eddy","article_publisher":"https:\/\/www.facebook.com\/mbelibrary","article_published_time":"2021-05-11T21:31:51+00:00","article_modified_time":"2022-05-02T13:04:28+00:00","og_image":[{"width":800,"height":500,"url":"https:\/\/www.marybakereddylibrary.org\/wp-content\/uploads\/2021\/05\/AaR_Notice-by-Eddy-on-contagious-disease_800x500px.jpg","type":"image\/jpeg"}],"author":"The Mary Baker Eddy Library","twitter_misc":{"Escrito por":"The Mary Baker Eddy Library","Est. tempo de leitura":"7 minutos"},"schema":{"@context":"https:\/\/schema.org","@graph":[{"@type":"Article","@id":"https:\/\/www.marybakereddylibrary.org\/pt-br\/research\/o-que-mary-baker-eddy-disse-sobre-a-notificacao-e-tratamento-de-doencas-contagiosas\/#article","isPartOf":{"@id":"https:\/\/www.marybakereddylibrary.org\/pt-br\/research\/o-que-mary-baker-eddy-disse-sobre-a-notificacao-e-tratamento-de-doencas-contagiosas\/"},"author":{"name":"The Mary Baker Eddy Library","@id":"https:\/\/www.marybakereddylibrary.org\/pt-br\/#\/schema\/person\/82abfd938c00bb8542667a796d4e449a"},"headline":"O que Mary Baker Eddy disse sobre a notifica\u00e7\u00e3o e tratamento de doen\u00e7as contagiosas?","datePublished":"2021-05-11T21:31:51+00:00","dateModified":"2022-05-02T13:04:28+00:00","mainEntityOfPage":{"@id":"https:\/\/www.marybakereddylibrary.org\/pt-br\/research\/o-que-mary-baker-eddy-disse-sobre-a-notificacao-e-tratamento-de-doencas-contagiosas\/"},"wordCount":1982,"publisher":{"@id":"https:\/\/www.marybakereddylibrary.org\/pt-br\/#organization"},"image":{"@id":"https:\/\/www.marybakereddylibrary.org\/pt-br\/research\/o-que-mary-baker-eddy-disse-sobre-a-notificacao-e-tratamento-de-doencas-contagiosas\/#primaryimage"},"thumbnailUrl":"https:\/\/www.marybakereddylibrary.org\/wp-content\/uploads\/2021\/05\/AaR_Notice-by-Eddy-on-contagious-disease_800x500px.jpg","articleSection":["Pergunte a um pesquisador"],"inLanguage":"pt-BR"},{"@type":"WebPage","@id":"https:\/\/www.marybakereddylibrary.org\/pt-br\/research\/o-que-mary-baker-eddy-disse-sobre-a-notificacao-e-tratamento-de-doencas-contagiosas\/","url":"https:\/\/www.marybakereddylibrary.org\/pt-br\/research\/o-que-mary-baker-eddy-disse-sobre-a-notificacao-e-tratamento-de-doencas-contagiosas\/","name":"O que Mary Baker Eddy disse sobre a notifica\u00e7\u00e3o e tratamento de doen\u00e7as contagiosas? - A Biblioteca Mary Baker Eddy","isPartOf":{"@id":"https:\/\/www.marybakereddylibrary.org\/pt-br\/#website"},"primaryImageOfPage":{"@id":"https:\/\/www.marybakereddylibrary.org\/pt-br\/research\/o-que-mary-baker-eddy-disse-sobre-a-notificacao-e-tratamento-de-doencas-contagiosas\/#primaryimage"},"image":{"@id":"https:\/\/www.marybakereddylibrary.org\/pt-br\/research\/o-que-mary-baker-eddy-disse-sobre-a-notificacao-e-tratamento-de-doencas-contagiosas\/#primaryimage"},"thumbnailUrl":"https:\/\/www.marybakereddylibrary.org\/wp-content\/uploads\/2021\/05\/AaR_Notice-by-Eddy-on-contagious-disease_800x500px.jpg","datePublished":"2021-05-11T21:31:51+00:00","dateModified":"2022-05-02T13:04:28+00:00","breadcrumb":{"@id":"https:\/\/www.marybakereddylibrary.org\/pt-br\/research\/o-que-mary-baker-eddy-disse-sobre-a-notificacao-e-tratamento-de-doencas-contagiosas\/#breadcrumb"},"inLanguage":"pt-BR","potentialAction":[{"@type":"ReadAction","target":["https:\/\/www.marybakereddylibrary.org\/pt-br\/research\/o-que-mary-baker-eddy-disse-sobre-a-notificacao-e-tratamento-de-doencas-contagiosas\/"]}]},{"@type":"ImageObject","inLanguage":"pt-BR","@id":"https:\/\/www.marybakereddylibrary.org\/pt-br\/research\/o-que-mary-baker-eddy-disse-sobre-a-notificacao-e-tratamento-de-doencas-contagiosas\/#primaryimage","url":"https:\/\/www.marybakereddylibrary.org\/wp-content\/uploads\/2021\/05\/AaR_Notice-by-Eddy-on-contagious-disease_800x500px.jpg","contentUrl":"https:\/\/www.marybakereddylibrary.org\/wp-content\/uploads\/2021\/05\/AaR_Notice-by-Eddy-on-contagious-disease_800x500px.jpg","width":800,"height":500,"caption":"-"},{"@type":"BreadcrumbList","@id":"https:\/\/www.marybakereddylibrary.org\/pt-br\/research\/o-que-mary-baker-eddy-disse-sobre-a-notificacao-e-tratamento-de-doencas-contagiosas\/#breadcrumb","itemListElement":[{"@type":"ListItem","position":1,"name":"Home","item":"https:\/\/www.marybakereddylibrary.org\/pt-br\/"},{"@type":"ListItem","position":2,"name":"O que Mary Baker Eddy disse sobre a notifica\u00e7\u00e3o e tratamento de doen\u00e7as contagiosas?"}]},{"@type":"WebSite","@id":"https:\/\/www.marybakereddylibrary.org\/pt-br\/#website","url":"https:\/\/www.marybakereddylibrary.org\/pt-br\/","name":"A Biblioteca Mary Baker Eddy","description":"","publisher":{"@id":"https:\/\/www.marybakereddylibrary.org\/pt-br\/#organization"},"potentialAction":[{"@type":"SearchAction","target":{"@type":"EntryPoint","urlTemplate":"https:\/\/www.marybakereddylibrary.org\/pt-br\/?s={search_term_string}"},"query-input":{"@type":"PropertyValueSpecification","valueRequired":true,"valueName":"search_term_string"}}],"inLanguage":"pt-BR"},{"@type":"Organization","@id":"https:\/\/www.marybakereddylibrary.org\/pt-br\/#organization","name":"The Mary Baker Eddy Library","url":"https:\/\/www.marybakereddylibrary.org\/pt-br\/","logo":{"@type":"ImageObject","inLanguage":"pt-BR","@id":"https:\/\/www.marybakereddylibrary.org\/pt-br\/#\/schema\/logo\/image\/","url":"https:\/\/www.marybakereddylibrary.org\/wp-content\/uploads\/2015\/03\/MBEL_logo_HR.jpg","contentUrl":"https:\/\/www.marybakereddylibrary.org\/wp-content\/uploads\/2015\/03\/MBEL_logo_HR.jpg","width":2100,"height":2100,"caption":"The Mary Baker Eddy Library"},"image":{"@id":"https:\/\/www.marybakereddylibrary.org\/pt-br\/#\/schema\/logo\/image\/"},"sameAs":["https:\/\/www.facebook.com\/mbelibrary","https:\/\/x.com\/mbelibrary","https:\/\/www.instagram.com\/mbelibrary"]},{"@type":"Person","@id":"https:\/\/www.marybakereddylibrary.org\/pt-br\/#\/schema\/person\/82abfd938c00bb8542667a796d4e449a","name":"The Mary Baker Eddy Library","image":{"@type":"ImageObject","inLanguage":"pt-BR","@id":"https:\/\/secure.gravatar.com\/avatar\/47a742fb4f6cc6ad0d0564fe6349235105346e31e12bacfbe4c85164ba549b72?s=96&d=mm&r=g","url":"https:\/\/secure.gravatar.com\/avatar\/47a742fb4f6cc6ad0d0564fe6349235105346e31e12bacfbe4c85164ba549b72?s=96&d=mm&r=g","contentUrl":"https:\/\/secure.gravatar.com\/avatar\/47a742fb4f6cc6ad0d0564fe6349235105346e31e12bacfbe4c85164ba549b72?s=96&d=mm&r=g","caption":"The Mary Baker Eddy Library"}}]}},"_links":{"self":[{"href":"https:\/\/www.marybakereddylibrary.org\/pt-br\/wp-json\/wp\/v2\/posts\/36850","targetHints":{"allow":["GET"]}}],"collection":[{"href":"https:\/\/www.marybakereddylibrary.org\/pt-br\/wp-json\/wp\/v2\/posts"}],"about":[{"href":"https:\/\/www.marybakereddylibrary.org\/pt-br\/wp-json\/wp\/v2\/types\/post"}],"author":[{"embeddable":true,"href":"https:\/\/www.marybakereddylibrary.org\/pt-br\/wp-json\/wp\/v2\/users\/44"}],"replies":[{"embeddable":true,"href":"https:\/\/www.marybakereddylibrary.org\/pt-br\/wp-json\/wp\/v2\/comments?post=36850"}],"version-history":[{"count":0,"href":"https:\/\/www.marybakereddylibrary.org\/pt-br\/wp-json\/wp\/v2\/posts\/36850\/revisions"}],"wp:featuredmedia":[{"embeddable":true,"href":"https:\/\/www.marybakereddylibrary.org\/pt-br\/wp-json\/wp\/v2\/media\/36937"}],"wp:attachment":[{"href":"https:\/\/www.marybakereddylibrary.org\/pt-br\/wp-json\/wp\/v2\/media?parent=36850"}],"wp:term":[{"taxonomy":"category","embeddable":true,"href":"https:\/\/www.marybakereddylibrary.org\/pt-br\/wp-json\/wp\/v2\/categories?post=36850"},{"taxonomy":"post_tag","embeddable":true,"href":"https:\/\/www.marybakereddylibrary.org\/pt-br\/wp-json\/wp\/v2\/tags?post=36850"}],"curies":[{"name":"wp","href":"https:\/\/api.w.org\/{rel}","templated":true}]}}