{"id":38369,"date":"2021-08-03T10:49:04","date_gmt":"2021-08-03T14:49:04","guid":{"rendered":"https:\/\/www.marybakereddylibrary.org\/?p=38369"},"modified":"2022-08-31T11:35:36","modified_gmt":"2022-08-31T15:35:36","slug":"mulheres-que-fizeram-historia-marcella-craft","status":"publish","type":"post","link":"https:\/\/www.marybakereddylibrary.org\/pt-br\/research\/mulheres-que-fizeram-historia-marcella-craft\/","title":{"rendered":"Mulheres que fizeram hist\u00f3ria: Marcella Craft"},"content":{"rendered":"<div id=\"modal-ready\"><p>[et_pb_section fb_built=&#8221;1&#8243; fullwidth=&#8221;on&#8221; _builder_version=&#8221;3.22&#8243; global_colors_info=&#8221;{}&#8221;][et_pb_fullwidth_post_title author=&#8221;off&#8221; date_format=&#8221;j F Y&#8221; categories=&#8221;off&#8221; comments=&#8221;off&#8221; featured_image=&#8221;off&#8221; _builder_version=&#8221;3.29.3&#8243; z_index_tablet=&#8221;500&#8243; title_text_shadow_horizontal_length_tablet=&#8221;0px&#8221; title_text_shadow_vertical_length_tablet=&#8221;0px&#8221; title_text_shadow_blur_strength_tablet=&#8221;1px&#8221; meta_text_shadow_horizontal_length_tablet=&#8221;0px&#8221; meta_text_shadow_vertical_length_tablet=&#8221;0px&#8221; meta_text_shadow_blur_strength_tablet=&#8221;1px&#8221; box_shadow_horizontal_tablet=&#8221;0px&#8221; box_shadow_vertical_tablet=&#8221;0px&#8221; box_shadow_blur_tablet=&#8221;40px&#8221; box_shadow_spread_tablet=&#8221;0px&#8221; text_shadow_horizontal_length_tablet=&#8221;0px&#8221; text_shadow_vertical_length_tablet=&#8221;0px&#8221; text_shadow_blur_strength_tablet=&#8221;1px&#8221; global_colors_info=&#8221;{}&#8221;][\/et_pb_fullwidth_post_title][\/et_pb_section][et_pb_section fb_built=&#8221;1&#8243; _builder_version=&#8221;3.22&#8243; global_colors_info=&#8221;{}&#8221;][et_pb_row column_structure=&#8221;2_3,1_3&#8243; _builder_version=&#8221;3.25&#8243; background_size=&#8221;initial&#8221; background_position=&#8221;top_left&#8221; background_repeat=&#8221;repeat&#8221; global_colors_info=&#8221;{}&#8221;][et_pb_column type=&#8221;2_3&#8243; _builder_version=&#8221;3.0.47&#8243; custom_padding=&#8221;|||&#8221; global_colors_info=&#8221;{}&#8221; custom_padding__hover=&#8221;|||&#8221;][et_pb_image src=&#8221;https:\/\/www.marybakereddylibrary.org\/wp-content\/uploads\/2021\/02\/WOH-Marcella-Craft_P00487_800x915px.jpg&#8221; alt=&#8221;Marcella Craft&#8221; title_text=&#8221;WOH-Marcella-Craft_P00487_800x915px&#8221; align_tablet=&#8221;center&#8221; align_phone=&#8221;&#8221; align_last_edited=&#8221;on|desktop&#8221; _builder_version=&#8221;4.6.6&#8243; z_index_tablet=&#8221;500&#8243; box_shadow_horizontal_tablet=&#8221;0px&#8221; box_shadow_vertical_tablet=&#8221;0px&#8221; box_shadow_blur_tablet=&#8221;40px&#8221; box_shadow_spread_tablet=&#8221;0px&#8221; global_colors_info=&#8221;{}&#8221;][\/et_pb_image][et_pb_text admin_label=&#8221;Photo caption&nbsp;%91DO NOT ADD ANY ADDITIONAL FORMATTING%93&#8243; module_class=&#8221;custom-caption-centered&#8221; _builder_version=&#8221;4.9.9&#8243; _module_preset=&#8221;default&#8221; global_colors_info=&#8221;{}&#8221;]Retrato de Marcia Craft, por volta de 1895\u20131905. P00487.<br \/>\nFoto tirada pelo Est\u00fadio Apeda de Nova York.[\/et_pb_text][et_pb_text admin_label=&#8221;Text&#8221; _builder_version=&#8221;4.14.7&#8243; global_colors_info=&#8221;{}&#8221;]<\/p>\n<p>Uma voz mel\u00f3dica pode fazer mais do que apenas emitir belas notas. Ela tamb\u00e9m pode levar mensagens belas e inspiradas \u2014 principalmente as contidas nos hinos.<\/p>\n<p>Como muitas igrejas crist\u00e3s, A Igreja M\u00e3e teve por muitos anos um coro que participava dos cultos dominicais, apresentando-se e cantando os hinos com a congrega\u00e7\u00e3o. Em 1898, essa pr\u00e1tica mudou na igreja de Boston, cujos cultos passaram a ter os hinos cantados pela congrega\u00e7\u00e3o e um hino selecionado cantado por um solista. Em poucos anos, isso se tornou o padr\u00e3o tamb\u00e9m para as igrejas filiais da Ci\u00eancia Crist\u00e3.<span id='easy-footnote-1-38369' class='easy-footnote-margin-adjust'><\/span><span class='easy-footnote'><a href='https:\/\/www.marybakereddylibrary.org\/pt-br\/research\/mulheres-que-fizeram-historia-marcella-craft\/#easy-footnote-bottom-1-38369' title='William B. Johnson para Mary Baker Eddy, 13 de setembro de 1898, IC001dP1.01.016.'><sup>1<\/sup><\/a><\/span> Um desses primeiros solistas foi a soprano de \u00f3pera Marcella Craft (1874\u20131959).<\/p>\n<p>Marcia Craft nasceu em Indian\u00e1polis, Indiana, Estados Unidos, e aos 13 anos mudou-se com a fam\u00edlia para Riverside, Calif\u00f3rnia. Ali ela come\u00e7ou sua carreira de cantora como solista do coro da Igreja Batista de Riverside.<span id='easy-footnote-2-38369' class='easy-footnote-margin-adjust'><\/span><span class='easy-footnote'><a href='https:\/\/www.marybakereddylibrary.org\/pt-br\/research\/mulheres-que-fizeram-historia-marcella-craft\/#easy-footnote-bottom-2-38369' title='Hal Durian, \u201cMarcella Craft: Talented and Crafty\u201d [Marcella Craft, talentosa e habilidosa], &lt;em&gt;True Stories of Riverside and the Inland Empire&lt;\/em&gt; [Hist\u00f3rias reais de Riverside e Inland Empire] (United States: Arcadia Publishing Incorporated, 2013); Finding aid, Marcella Craft papers [Ferramenta de pesquisa, pap\u00e9is de de Marcella Craft] (MS 071), Special Collections &amp;amp; University Archives, University of California, Riverside.'><sup>2<\/sup><\/a><\/span> Percebendo seu talento, a comunidade patrocinou seus estudos em Boston com Charles R. Adams (1834\u20131900), tenor e ator de \u00f3pera, de renome internacional.<span id='easy-footnote-3-38369' class='easy-footnote-margin-adjust'><\/span><span class='easy-footnote'><a href='https:\/\/www.marybakereddylibrary.org\/pt-br\/research\/mulheres-que-fizeram-historia-marcella-craft\/#easy-footnote-bottom-3-38369' title='Finding aid, Marcella Craft papers (MS 071).'><sup>3<\/sup><\/a><\/span> <span id='easy-footnote-4-38369' class='easy-footnote-margin-adjust'><\/span><span class='easy-footnote'><a href='https:\/\/www.marybakereddylibrary.org\/pt-br\/research\/mulheres-que-fizeram-historia-marcella-craft\/#easy-footnote-bottom-4-38369' title='Granville L. Howe e William Smythe Babcock Mathews, \u201cCharles R. Adams,\u201d &lt;em&gt;A Hundred Years of Music in America&lt;\/em&gt; [Cem anos de m\u00fasica na Am\u00e9rica] (G. L. How, 1889), 218.'><sup>4<\/sup><\/a><\/span> \u00c9 prov\u00e1vel que Craft tenha se interessado pela Ci\u00eancia Crist\u00e3 nessa \u00e9poca. Ela nunca se filiou \u00c0 Igreja M\u00e3e, mas atuou como solista de janeiro de 1898 a outubro de 1900.<\/p>\n<p>Embora a maneira como ela conheceu a Ci\u00eancia Crist\u00e3 n\u00e3o tenha sido documentada, na \u00e9poca, sabemos que Craft era amiga e paciente da praticista da Ci\u00eancia Crist\u00e3 <a href=\"https:\/\/www.marybakereddylibrary.org\/pt-br\/research\/dos-arquivos-de-papeis-para-comprovar-a-verdade-que-a-senhora-nos-ensinou\/\">Laura E. Sargent<\/a>, que fez parte da equipe de funcion\u00e1rios da Sra. Eddy por muitos anos.<span id='easy-footnote-5-38369' class='easy-footnote-margin-adjust'><\/span><span class='easy-footnote'><a href='https:\/\/www.marybakereddylibrary.org\/pt-br\/research\/mulheres-que-fizeram-historia-marcella-craft\/#easy-footnote-bottom-5-38369' title='William R. Rathvon, \u201cReminiscences of William Roedel Rathvon, C.S.B. Volume I\u201d [Reminisc\u00eancias de William Roedel Rathvon, CSB, Volume I], 28 de mar\u00e7o de 1941, 211; Biblioteca Mary Baker Eddy, \u201cSoloists of The Mother Church\u201d [Solistas dA Igreja M\u00e3e] atualizado em junho de 2005.'><sup>5<\/sup><\/a><\/span> Seu talento e convic\u00e7\u00f5es s\u00e3o reconhecidos neste memorando da igreja, datado de 26 de outubro de 1898:<\/p>\n<blockquote>\n<p>A Sra. Eddy diz que o Conde de Dunmore \u00e9 compositor e ficou encantado com o canto da Srta. Craft. A M\u00e3e foi informada de que a Srta. C. est\u00e1 profundamente interessada na C.C. e leva nosso livro-texto com ela, quando viaja.<span id='easy-footnote-6-38369' class='easy-footnote-margin-adjust'><\/span><span class='easy-footnote'><a href='https:\/\/www.marybakereddylibrary.org\/pt-br\/research\/mulheres-que-fizeram-historia-marcella-craft\/#easy-footnote-bottom-6-38369' title='Calvin A. Frye para Albert Metcalf, 26 de outubro de 1898, L06672.'><sup>6<\/sup><\/a><\/span><\/p>\n<\/blockquote>\n<p>A Sra. Eddy reconhecia os talentos de Craft. Uma ocasi\u00e3o especial envolveu a aprecia\u00e7\u00e3o que ela expressou, no in\u00edcio de 1900. O relato a seguir menciona algo ocorrido ap\u00f3s uma apresenta\u00e7\u00e3o de Craft em Concord, New Hampshire, onde a Sra. Eddy morava na \u00e9poca:<\/p>\n<blockquote>\n<p>Ontem \u00e0 noite recebi da senhora a mais linda cesta de flores que j\u00e1 ganhei e quero agradecer-lhe.<span id='easy-footnote-7-38369' class='easy-footnote-margin-adjust'><\/span><span class='easy-footnote'><a href='https:\/\/www.marybakereddylibrary.org\/pt-br\/research\/mulheres-que-fizeram-historia-marcella-craft\/#easy-footnote-bottom-7-38369' title='Marcella Craft para Mary Baker Eddy, 26 de janeiso de 1900, IC 424. 52.002.'><sup>7<\/sup><\/a><\/span> <span id='easy-footnote-8-38369' class='easy-footnote-margin-adjust'><\/span><span class='easy-footnote'><a href='https:\/\/www.marybakereddylibrary.org\/pt-br\/research\/mulheres-que-fizeram-historia-marcella-craft\/#easy-footnote-bottom-8-38369' title='\u201cConcert at Concord, N.H.\u201d [Concerto em Concord, New Hampshire], &lt;em&gt;Christian Science Sentinel,&lt;\/em&gt; 1&lt;sup&gt;o&lt;\/sup&gt; de fevereiro de 1900.'><sup>8<\/sup><\/a><\/span><\/p>\n<\/blockquote>\n<p>Naquele outono, Craft pediu \u00e0 sua \u201camada m\u00e3e\u201d demiss\u00e3o do cargo de solista dA Igreja M\u00e3e, a fim de mudar seu foco para se dedicar mais ao que considerava um dom que recebera de Deus:<\/p>\n<blockquote>\n<p>Por muitos anos, desde que comecei a me dedicar ao estudo da m\u00fasica, tenho a esperan\u00e7a de algum dia me tornar uma grande cantora e uma boa mulher, cujo canto eleve o pensamento daqueles que precisam ouvir, fazendo com que tamb\u00e9m o sintam, mesmo que n\u00e3o consigam entender&#8230;Os cantores de hoje n\u00e3o podem alcan\u00e7ar posi\u00e7\u00e3o e serem reconhecidos como cantores de primeira classe, sem estudar na Europa. At\u00e9 agora, nunca tive oportunidade para isso.<\/p>\n<\/blockquote>\n<p>A carta continua, expressando sua gratid\u00e3o pelA Igreja M\u00e3e:<\/p>\n<blockquote>\n<p>Mas os anos passados no aperfei\u00e7oamento t\u00e9cnico n\u00e3o foram perdidos, e os \u00faltimos dois anos e meio, passados cantando nA Igreja M\u00e3e, deram-me a maior das ajudas no momento em que mais precisei, preparando-me para um trabalho melhor e mais amplo. N\u00e3o tenho palavras para expressar o quanto a Ci\u00eancia Crist\u00e3 significou para mim, e como ela me ajudou a amar com mais compreens\u00e3o no esp\u00edrito.<span id='easy-footnote-9-38369' class='easy-footnote-margin-adjust'><\/span><span class='easy-footnote'><a href='https:\/\/www.marybakereddylibrary.org\/pt-br\/research\/mulheres-que-fizeram-historia-marcella-craft\/#easy-footnote-bottom-9-38369' title='Marcella Craft para Mary Baker Eddy, 4 de setembro de 1900, IC424.52.004.'><sup>9<\/sup><\/a><\/span><\/p>\n<\/blockquote>\n<p>Ela se mudou para Mil\u00e3o, It\u00e1lia, onde estudou com Francesco Mottino e Enzo Guagni. Posteriormente, viria a ser uma dos tr\u00eas solistas substitutos dA Igreja M\u00e3e, entre 1905 e 1915.<span id='easy-footnote-10-38369' class='easy-footnote-margin-adjust'><\/span><span class='easy-footnote'><a href='https:\/\/www.marybakereddylibrary.org\/pt-br\/research\/mulheres-que-fizeram-historia-marcella-craft\/#easy-footnote-bottom-10-38369' title='Clifford P. Smith, \u201cAs I Recall It\u201d [Como eu me lembro], 1952, Reminisc\u00eancia, 42.'><sup>10<\/sup><\/a><\/span> E manteve sua liga\u00e7\u00e3o com a Sra. Eddy ap\u00f3s deixar de ser a solista titular.<\/p>\n<p>Em 1900, ofereceu-se para cantar para a Sra. Eddy, que inicialmente declinou a oferta, escrevendo que havia perdido seu \u201camor pela m\u00fasica material\u201d.<span id='easy-footnote-11-38369' class='easy-footnote-margin-adjust'><\/span><span class='easy-footnote'><a href='https:\/\/www.marybakereddylibrary.org\/pt-br\/research\/mulheres-que-fizeram-historia-marcella-craft\/#easy-footnote-bottom-11-38369' title='Mary Baker Eddy para Marcella Craft, 25 de janeiro de 1900, L10810.'><sup>11<\/sup><\/a><\/span> Craft respondeu que s\u00f3 queria cantar se a Sra. Eddy tivesse o \u201cdesejo de ouvir a m\u00fasica do hino A Ora\u00e7\u00e3o Vespertina da M\u00e3e ou do Hino de Comunh\u00e3o, n\u00e3o para mostrar o pequeno grau de habilidade\u201d que ela tinha.<span id='easy-footnote-12-38369' class='easy-footnote-margin-adjust'><\/span><span class='easy-footnote'><a href='https:\/\/www.marybakereddylibrary.org\/pt-br\/research\/mulheres-que-fizeram-historia-marcella-craft\/#easy-footnote-bottom-12-38369' title='Marcella Craft para Mary Baker Eddy, 25 de janeiro de 1900, IC424.52.001; Marcella Craft para Mary Baker Eddy, 26 de janeiro de 1900, IC 424. 52.002.'><sup>12<\/sup><\/a><\/span> (Ela estava se referindo nesta carta a dois dos poemas da Sra. Eddy musicados.)<\/p>\n<p>Na verdade, Craft cantou uma pe\u00e7a do orat\u00f3rio de Felix Mendelssohn <em>Elias<\/em> para a Sra. Eddy, em 1909 \u2014 um privil\u00e9gio concedido a poucos. William Rathvon, que era um dos secret\u00e1rios da Sra. Eddy, lembrou esse fato:<\/p>\n<blockquote>\n<p>[Marcella] foi apresentada e logo estava imersa em \u201cOuve, Israel\u201d, com a Sra. [Ella] Hoag no acompanhamento. Na sala, por ser pequena, apenas [Adam H. Dickey] e [Calvin Frye] entraram, enquanto [Irving C. Tomlinson], [Laura Sargent] e eu ficamos parados, ouvindo da porta aberta. Ao longo do corredor e nas escadas estavam agrupados os demais. Depois de uma nota alta e sustentada, nossa L\u00edder aplaudiu. Posso ver a figura ereta levantando as m\u00e3os em um aplauso vigoroso. Em seguida, ela cumprimentou a cantora, dizendo: \u201cVoc\u00ea merece toda a fama que recebeu\u201d. [Marcella] beijou-lhe a m\u00e3o e ficou bastante emocionada&#8230;<span id='easy-footnote-13-38369' class='easy-footnote-margin-adjust'><\/span><span class='easy-footnote'><a href='https:\/\/www.marybakereddylibrary.org\/pt-br\/research\/mulheres-que-fizeram-historia-marcella-craft\/#easy-footnote-bottom-13-38369' title='William R. Rathvon, \u201cReminiscences of William Roedel Rathvon, C.S.B. Volume I\u201d, 212\u2013213.'><sup>13<\/sup><\/a><\/span><\/p>\n<\/blockquote>\n<p>Pouco depois dessa apresenta\u00e7\u00e3o, Craft voltou para a Europa, onde se tornou uma cantora de \u00f3pera famosa e realizada, na Alemanha.<span id='easy-footnote-14-38369' class='easy-footnote-margin-adjust'><\/span><span class='easy-footnote'><a href='https:\/\/www.marybakereddylibrary.org\/pt-br\/research\/mulheres-que-fizeram-historia-marcella-craft\/#easy-footnote-bottom-14-38369' title='Finding aid, Marcella Craft papers (MS 071).'><sup>14<\/sup><\/a><\/span> <span id='easy-footnote-15-38369' class='easy-footnote-margin-adjust'><\/span><span class='easy-footnote'><a href='https:\/\/www.marybakereddylibrary.org\/pt-br\/research\/mulheres-que-fizeram-historia-marcella-craft\/#easy-footnote-bottom-15-38369' title='Ednah Aiken, \u201cTwo California Songbirds in Europe\u201d [Dois p\u00e1ssaros cantores californianos na Europa], &lt;em&gt;Sunset,&lt;\/em&gt; janeiro de 1914, 535.'><sup>15<\/sup><\/a><\/span> L\u00e1 ela cantou nos teatros de \u00f3pera de Elberfeld e Kiel, bem como em Munique, onde acabou se estabelecendo.<span id='easy-footnote-16-38369' class='easy-footnote-margin-adjust'><\/span><span class='easy-footnote'><a href='https:\/\/www.marybakereddylibrary.org\/pt-br\/research\/mulheres-que-fizeram-historia-marcella-craft\/#easy-footnote-bottom-16-38369' title='Durian, \u201cMarcella Craft: Talented and Crafty\u201d, 535.'><sup>16<\/sup><\/a><\/span> Os cr\u00edticos davam-lhe \u00f3timas resenhas, especialmente por suas atua\u00e7\u00f5es como Salom\u00e9, na \u00f3pera de Richard Strauss <em>Salome<\/em> e Butterfly, na \u00f3pera de Giacomo Puccini, <em>Madame Butterfly<\/em>.<\/p>\n<p>Durante esses anos, Craft manteve contato com a Sra. Eddy, enviando cartas que ela gostava de receber. Em 1910, Rathvon escreveu isto para Craft:<\/p>\n<blockquote>\n<p>Voc\u00ea gostar\u00e1 de saber, tenho certeza, como a Sra. Eddy ficou feliz, quando lhe entreguei sua carta esta tarde. \u00c0 medida que [ela] lia, sua satisfa\u00e7\u00e3o ficava claramente vis\u00edvel, e quando a devolveu para mim, havia um coment\u00e1rio escrito que poucas cartas, passando por suas m\u00e3os, j\u00e1 receberam.<span id='easy-footnote-17-38369' class='easy-footnote-margin-adjust'><\/span><span class='easy-footnote'><a href='https:\/\/www.marybakereddylibrary.org\/pt-br\/research\/mulheres-que-fizeram-historia-marcella-craft\/#easy-footnote-bottom-17-38369' title='William R. Rathvon para Marcella Craft, 4 de janeiro de 1910, L13990.'><sup>17<\/sup><\/a><\/span><\/p>\n<\/blockquote>\n<p>O in\u00edcio da Primeira Guerra Mundial for\u00e7ou Craft a retornar aos Estados Unidos. E embora ela tenha continuado a se apresentar com grande aclama\u00e7\u00e3o da cr\u00edtica, n\u00e3o atingiu o mesmo n\u00edvel de fama que tivera na Europa. Por fim, retornou para a Alemanha.<span id='easy-footnote-18-38369' class='easy-footnote-margin-adjust'><\/span><span class='easy-footnote'><a href='https:\/\/www.marybakereddylibrary.org\/pt-br\/research\/mulheres-que-fizeram-historia-marcella-craft\/#easy-footnote-bottom-18-38369' title='\u201cMarcella Craft, Gifted Soprano, Los Angeles Artist\u201d [Marcella Craft, soprano talentosa, artista de Los Angeles], &lt;em&gt;Los Angeles Herald,&lt;\/em&gt; 6 de novembro de 1914, 17.'><sup>18<\/sup><\/a><\/span> <span id='easy-footnote-19-38369' class='easy-footnote-margin-adjust'><\/span><span class='easy-footnote'><a href='https:\/\/www.marybakereddylibrary.org\/pt-br\/research\/mulheres-que-fizeram-historia-marcella-craft\/#easy-footnote-bottom-19-38369' title='\u201cMarcella Craft Again Delights Worcester\u201d [Marcella Craft deleita mais uma vez Worcester], &lt;em&gt;The Musical Leader,&lt;\/em&gt; 25 de maio de 1922, 502.'><sup>19<\/sup><\/a><\/span> <span id='easy-footnote-20-38369' class='easy-footnote-margin-adjust'><\/span><span class='easy-footnote'><a href='https:\/\/www.marybakereddylibrary.org\/pt-br\/research\/mulheres-que-fizeram-historia-marcella-craft\/#easy-footnote-bottom-20-38369' title='\u201cMarcella Craft Triumphs in Three Cities\u201d [Marcella raft triunfa em tr\u00eas cidades] (an\u00fancio), &lt;em&gt;The Musical Leader,&lt;\/em&gt; 12 de janeiro de 1922, 34.'><sup>20<\/sup><\/a><\/span> Na d\u00e9cada de 1930, ela se aposentou em sua cidade adotiva, Riverside, Calif\u00f3rnia. Durante a aposentadoria, continuou ativa, fundando a Riverside Opera Company e ensinando sua arte. Faleceu aos 85 anos.<span id='easy-footnote-21-38369' class='easy-footnote-margin-adjust'><\/span><span class='easy-footnote'><a href='https:\/\/www.marybakereddylibrary.org\/pt-br\/research\/mulheres-que-fizeram-historia-marcella-craft\/#easy-footnote-bottom-21-38369' title='Finding aid, Marcella Craft papers (MS 071).'><sup>21<\/sup><\/a><\/span><\/p>\n<p>Os talentos de Marcella Craft e sua aprecia\u00e7\u00e3o pela Ci\u00eancia Crist\u00e3 ajudaram a comunicar as mensagens da B\u00edblia e de <em>Ci\u00eancia e Sa\u00fade<\/em> \u00e0 congrega\u00e7\u00e3o nA Igreja M\u00e3e. Embora sua paix\u00e3o pelo canto a tenha levado a outras terras, ela nunca esqueceu sua f\u00e9, em busca de seu sonho no mundo da \u00f3pera.<\/p>\n<p>&nbsp;<\/p>\n<p><em>Ou\u00e7a <\/em><a href=\"https:\/\/www.marybakereddylibrary.org\/research\/podcast\/episode-3-women-of-history-from-the-mary-baker-eddy-library-archives\/\" target=\"_blank\" rel=\"noopener noreferrer\" data-saferedirecturl=\"https:\/\/www.google.com\/url?q=https:\/\/www.marybakereddylibrary.org\/research\/podcast\/episode-3-women-of-history-from-the-mary-baker-eddy-library-archives\/&amp;source=gmail&amp;ust=1600361544460000&amp;usg=AFQjCNELOUum3tcWBJv6O3TMijDKuYB0oQ\">Women of History from the Mary Baker Eddy Library Archives<\/a> <em>[Mulheres que fizeram hist\u00f3ria, dos arquivos da Biblioteca Mary Baker Eddy] (em ingl\u00eas),<\/em><em> um <\/em>podcast<em> de <\/em>Seekers and Scholars<em> [Pesquisadores e estudiosos] com os membros da equipe da Biblioteca: Steve Graham e Dorothy Rivera.<\/em><\/p>\n<hr \/>\n<div class=\"et_pb_module et_pb_text et_pb_text_1 et_pb_text_align_left et_pb_bg_layout_light\">\n<div class=\"et_pb_text_inner\">\n<p><em>Esse blog tamb\u00e9m pode ser lido neste\u00a0site\u00a0em\u00a0<a href=\"https:\/\/www.marybakereddylibrary.org\/de\/research\/frauen-der-geschichte-marcella-craft\/\">alem\u00e3o<\/a>,\u00a0<a href=\"https:\/\/www.marybakereddylibrary.org\/es\/research\/mujeres-que-marcaron-la-historia-marcella-craft\/\">espanhol<\/a>,\u00a0<a href=\"https:\/\/www.marybakereddylibrary.org\/fr\/research\/des-femmes-ayant-marque-lhistoire-marcella-craft\/\">franc\u00eas<\/a>\u00a0e\u00a0<a href=\"https:\/\/www.marybakereddylibrary.org\/research\/women-of-history-marcella-craft\/\">ingl\u00eas<\/a>.<\/em><\/p>\n<\/div>\n<\/div>\n<p>[\/et_pb_text][\/et_pb_column][et_pb_column type=&#8221;1_3&#8243; _builder_version=&#8221;3.0.47&#8243; custom_padding=&#8221;|||&#8221; global_colors_info=&#8221;{}&#8221; custom_padding__hover=&#8221;|||&#8221;][et_pb_sidebar area=&#8221;et_pb_widget_area_3&#8243; _builder_version=&#8221;3.7.1&#8243; global_colors_info=&#8221;{}&#8221;][\/et_pb_sidebar][\/et_pb_column][\/et_pb_row][\/et_pb_section]<\/p>\n<\/div>","protected":false},"excerpt":{"rendered":"<p>Saiba mais sobre esta soprano do mundo da \u00f3pera, a qual foi uma das primeiras solistas dA Igreja M\u00e3e.<\/p>","protected":false},"author":44,"featured_media":35212,"comment_status":"closed","ping_status":"closed","sticky":false,"template":"","format":"standard","meta":{"_et_pb_use_builder":"on","_et_pb_old_content":"","_et_gb_content_width":"","_oasis_is_in_workflow":0,"_oasis_original":0,"_oasis_task_priority":"2normal","_relevanssi_hide_post":"","_relevanssi_hide_content":"","_relevanssi_pin_for_all":"","_relevanssi_pin_keywords":"","_relevanssi_unpin_keywords":"","_relevanssi_related_keywords":"","_relevanssi_related_include_ids":"","_relevanssi_related_exclude_ids":"","_relevanssi_related_no_append":"","_relevanssi_related_not_related":"","_relevanssi_related_posts":"","_relevanssi_noindex_reason":"","inline_featured_image":false,"episode_type":"","audio_file":"","podmotor_file_id":"","podmotor_episode_id":"","cover_image":"","cover_image_id":"","duration":"","filesize":"","filesize_raw":"","date_recorded":"","explicit":"","block":"","itunes_episode_number":"","itunes_title":"","itunes_season_number":"","itunes_episode_type":"","footnotes":""},"categories":[196],"tags":[191],"class_list":["post-38369","post","type-post","status-publish","format-standard","has-post-thumbnail","hentry","category-mulheres-que-fizeram-historia","tag-uma-mulher-que-fez-historia"],"yoast_head":"<!-- This site is optimized with the Yoast SEO plugin v27.5 - https:\/\/yoast.com\/product\/yoast-seo-wordpress\/ -->\n<title>Mulheres que fizeram hist\u00f3ria: Marcella Craft - A Biblioteca Mary Baker Eddy<\/title>\n<meta name=\"description\" content=\"Saiba mais sobre esta soprano do mundo da \u00f3pera que foi uma das primeiras solistas dA Igreja M\u00e3e.\" \/>\n<meta name=\"robots\" content=\"index, follow, max-snippet:-1, max-image-preview:large, max-video-preview:-1\" \/>\n<link rel=\"canonical\" href=\"https:\/\/www.marybakereddylibrary.org\/pt-br\/research\/mulheres-que-fizeram-historia-marcella-craft\/\" \/>\n<meta property=\"og:locale\" content=\"pt_BR\" \/>\n<meta property=\"og:type\" content=\"article\" \/>\n<meta property=\"og:title\" content=\"Mulheres que fizeram hist\u00f3ria: Marcella Craft - A Biblioteca Mary Baker Eddy\" \/>\n<meta property=\"og:description\" content=\"Saiba mais sobre esta soprano do mundo da \u00f3pera que foi uma das primeiras solistas dA Igreja M\u00e3e.\" \/>\n<meta property=\"og:url\" content=\"https:\/\/www.marybakereddylibrary.org\/pt-br\/research\/mulheres-que-fizeram-historia-marcella-craft\/\" \/>\n<meta property=\"og:site_name\" content=\"A Biblioteca Mary Baker Eddy\" \/>\n<meta property=\"article:publisher\" content=\"https:\/\/www.facebook.com\/mbelibrary\" \/>\n<meta property=\"article:published_time\" content=\"2021-08-03T14:49:04+00:00\" \/>\n<meta property=\"article:modified_time\" content=\"2022-08-31T15:35:36+00:00\" \/>\n<meta property=\"og:image\" content=\"https:\/\/www.marybakereddylibrary.org\/wp-content\/uploads\/2021\/02\/WOH-Marcella-Craft_P00487_800x500px.jpg\" \/>\n\t<meta property=\"og:image:width\" content=\"800\" \/>\n\t<meta property=\"og:image:height\" content=\"500\" \/>\n\t<meta property=\"og:image:type\" content=\"image\/jpeg\" \/>\n<meta name=\"author\" content=\"The Mary Baker Eddy Library\" \/>\n<meta name=\"twitter:label1\" content=\"Escrito por\" \/>\n\t<meta name=\"twitter:data1\" content=\"The Mary Baker Eddy Library\" \/>\n\t<meta name=\"twitter:label2\" content=\"Est. tempo de leitura\" \/>\n\t<meta name=\"twitter:data2\" content=\"7 minutos\" \/>\n<script type=\"application\/ld+json\" class=\"yoast-schema-graph\">{\"@context\":\"https:\\\/\\\/schema.org\",\"@graph\":[{\"@type\":\"Article\",\"@id\":\"https:\\\/\\\/www.marybakereddylibrary.org\\\/pt-br\\\/research\\\/mulheres-que-fizeram-historia-marcella-craft\\\/#article\",\"isPartOf\":{\"@id\":\"https:\\\/\\\/www.marybakereddylibrary.org\\\/pt-br\\\/research\\\/mulheres-que-fizeram-historia-marcella-craft\\\/\"},\"author\":{\"name\":\"The Mary Baker Eddy Library\",\"@id\":\"https:\\\/\\\/www.marybakereddylibrary.org\\\/pt-br\\\/#\\\/schema\\\/person\\\/82abfd938c00bb8542667a796d4e449a\"},\"headline\":\"Mulheres que fizeram hist\u00f3ria: Marcella Craft\",\"datePublished\":\"2021-08-03T14:49:04+00:00\",\"dateModified\":\"2022-08-31T15:35:36+00:00\",\"mainEntityOfPage\":{\"@id\":\"https:\\\/\\\/www.marybakereddylibrary.org\\\/pt-br\\\/research\\\/mulheres-que-fizeram-historia-marcella-craft\\\/\"},\"wordCount\":1943,\"publisher\":{\"@id\":\"https:\\\/\\\/www.marybakereddylibrary.org\\\/pt-br\\\/#organization\"},\"image\":{\"@id\":\"https:\\\/\\\/www.marybakereddylibrary.org\\\/pt-br\\\/research\\\/mulheres-que-fizeram-historia-marcella-craft\\\/#primaryimage\"},\"thumbnailUrl\":\"https:\\\/\\\/www.marybakereddylibrary.org\\\/wp-content\\\/uploads\\\/2021\\\/02\\\/WOH-Marcella-Craft_P00487_800x500px.jpg\",\"keywords\":[\"Uma mulher que fez hist\u00f3ria\"],\"articleSection\":[\"Mulheres que fizeram hist\u00f3ria\"],\"inLanguage\":\"pt-BR\"},{\"@type\":\"WebPage\",\"@id\":\"https:\\\/\\\/www.marybakereddylibrary.org\\\/pt-br\\\/research\\\/mulheres-que-fizeram-historia-marcella-craft\\\/\",\"url\":\"https:\\\/\\\/www.marybakereddylibrary.org\\\/pt-br\\\/research\\\/mulheres-que-fizeram-historia-marcella-craft\\\/\",\"name\":\"Mulheres que fizeram hist\u00f3ria: Marcella Craft - A Biblioteca Mary Baker Eddy\",\"isPartOf\":{\"@id\":\"https:\\\/\\\/www.marybakereddylibrary.org\\\/pt-br\\\/#website\"},\"primaryImageOfPage\":{\"@id\":\"https:\\\/\\\/www.marybakereddylibrary.org\\\/pt-br\\\/research\\\/mulheres-que-fizeram-historia-marcella-craft\\\/#primaryimage\"},\"image\":{\"@id\":\"https:\\\/\\\/www.marybakereddylibrary.org\\\/pt-br\\\/research\\\/mulheres-que-fizeram-historia-marcella-craft\\\/#primaryimage\"},\"thumbnailUrl\":\"https:\\\/\\\/www.marybakereddylibrary.org\\\/wp-content\\\/uploads\\\/2021\\\/02\\\/WOH-Marcella-Craft_P00487_800x500px.jpg\",\"datePublished\":\"2021-08-03T14:49:04+00:00\",\"dateModified\":\"2022-08-31T15:35:36+00:00\",\"description\":\"Saiba mais sobre esta soprano do mundo da \u00f3pera que foi uma das primeiras solistas dA Igreja M\u00e3e.\",\"breadcrumb\":{\"@id\":\"https:\\\/\\\/www.marybakereddylibrary.org\\\/pt-br\\\/research\\\/mulheres-que-fizeram-historia-marcella-craft\\\/#breadcrumb\"},\"inLanguage\":\"pt-BR\",\"potentialAction\":[{\"@type\":\"ReadAction\",\"target\":[\"https:\\\/\\\/www.marybakereddylibrary.org\\\/pt-br\\\/research\\\/mulheres-que-fizeram-historia-marcella-craft\\\/\"]}]},{\"@type\":\"ImageObject\",\"inLanguage\":\"pt-BR\",\"@id\":\"https:\\\/\\\/www.marybakereddylibrary.org\\\/pt-br\\\/research\\\/mulheres-que-fizeram-historia-marcella-craft\\\/#primaryimage\",\"url\":\"https:\\\/\\\/www.marybakereddylibrary.org\\\/wp-content\\\/uploads\\\/2021\\\/02\\\/WOH-Marcella-Craft_P00487_800x500px.jpg\",\"contentUrl\":\"https:\\\/\\\/www.marybakereddylibrary.org\\\/wp-content\\\/uploads\\\/2021\\\/02\\\/WOH-Marcella-Craft_P00487_800x500px.jpg\",\"width\":800,\"height\":500,\"caption\":\"Marcella Craft\"},{\"@type\":\"BreadcrumbList\",\"@id\":\"https:\\\/\\\/www.marybakereddylibrary.org\\\/pt-br\\\/research\\\/mulheres-que-fizeram-historia-marcella-craft\\\/#breadcrumb\",\"itemListElement\":[{\"@type\":\"ListItem\",\"position\":1,\"name\":\"Home\",\"item\":\"https:\\\/\\\/www.marybakereddylibrary.org\\\/pt-br\\\/\"},{\"@type\":\"ListItem\",\"position\":2,\"name\":\"Mulheres que fizeram hist\u00f3ria: Marcella Craft\"}]},{\"@type\":\"WebSite\",\"@id\":\"https:\\\/\\\/www.marybakereddylibrary.org\\\/pt-br\\\/#website\",\"url\":\"https:\\\/\\\/www.marybakereddylibrary.org\\\/pt-br\\\/\",\"name\":\"A Biblioteca Mary Baker Eddy\",\"description\":\"\",\"publisher\":{\"@id\":\"https:\\\/\\\/www.marybakereddylibrary.org\\\/pt-br\\\/#organization\"},\"potentialAction\":[{\"@type\":\"SearchAction\",\"target\":{\"@type\":\"EntryPoint\",\"urlTemplate\":\"https:\\\/\\\/www.marybakereddylibrary.org\\\/pt-br\\\/?s={search_term_string}\"},\"query-input\":{\"@type\":\"PropertyValueSpecification\",\"valueRequired\":true,\"valueName\":\"search_term_string\"}}],\"inLanguage\":\"pt-BR\"},{\"@type\":\"Organization\",\"@id\":\"https:\\\/\\\/www.marybakereddylibrary.org\\\/pt-br\\\/#organization\",\"name\":\"The Mary Baker Eddy Library\",\"url\":\"https:\\\/\\\/www.marybakereddylibrary.org\\\/pt-br\\\/\",\"logo\":{\"@type\":\"ImageObject\",\"inLanguage\":\"pt-BR\",\"@id\":\"https:\\\/\\\/www.marybakereddylibrary.org\\\/pt-br\\\/#\\\/schema\\\/logo\\\/image\\\/\",\"url\":\"https:\\\/\\\/www.marybakereddylibrary.org\\\/wp-content\\\/uploads\\\/2015\\\/03\\\/MBEL_logo_HR.jpg\",\"contentUrl\":\"https:\\\/\\\/www.marybakereddylibrary.org\\\/wp-content\\\/uploads\\\/2015\\\/03\\\/MBEL_logo_HR.jpg\",\"width\":2100,\"height\":2100,\"caption\":\"The Mary Baker Eddy Library\"},\"image\":{\"@id\":\"https:\\\/\\\/www.marybakereddylibrary.org\\\/pt-br\\\/#\\\/schema\\\/logo\\\/image\\\/\"},\"sameAs\":[\"https:\\\/\\\/www.facebook.com\\\/mbelibrary\",\"https:\\\/\\\/x.com\\\/mbelibrary\",\"https:\\\/\\\/www.instagram.com\\\/mbelibrary\"]},{\"@type\":\"Person\",\"@id\":\"https:\\\/\\\/www.marybakereddylibrary.org\\\/pt-br\\\/#\\\/schema\\\/person\\\/82abfd938c00bb8542667a796d4e449a\",\"name\":\"The Mary Baker Eddy Library\",\"image\":{\"@type\":\"ImageObject\",\"inLanguage\":\"pt-BR\",\"@id\":\"https:\\\/\\\/secure.gravatar.com\\\/avatar\\\/47a742fb4f6cc6ad0d0564fe6349235105346e31e12bacfbe4c85164ba549b72?s=96&d=mm&r=g\",\"url\":\"https:\\\/\\\/secure.gravatar.com\\\/avatar\\\/47a742fb4f6cc6ad0d0564fe6349235105346e31e12bacfbe4c85164ba549b72?s=96&d=mm&r=g\",\"contentUrl\":\"https:\\\/\\\/secure.gravatar.com\\\/avatar\\\/47a742fb4f6cc6ad0d0564fe6349235105346e31e12bacfbe4c85164ba549b72?s=96&d=mm&r=g\",\"caption\":\"The Mary Baker Eddy Library\"}}]}<\/script>\n<!-- \/ Yoast SEO plugin. -->","yoast_head_json":{"title":"Mulheres que fizeram hist\u00f3ria: Marcella Craft - A Biblioteca Mary Baker Eddy","description":"Saiba mais sobre esta soprano do mundo da \u00f3pera que foi uma das primeiras solistas dA Igreja M\u00e3e.","robots":{"index":"index","follow":"follow","max-snippet":"max-snippet:-1","max-image-preview":"max-image-preview:large","max-video-preview":"max-video-preview:-1"},"canonical":"https:\/\/www.marybakereddylibrary.org\/pt-br\/research\/mulheres-que-fizeram-historia-marcella-craft\/","og_locale":"pt_BR","og_type":"article","og_title":"Mulheres que fizeram hist\u00f3ria: Marcella Craft - A Biblioteca Mary Baker Eddy","og_description":"Saiba mais sobre esta soprano do mundo da \u00f3pera que foi uma das primeiras solistas dA Igreja M\u00e3e.","og_url":"https:\/\/www.marybakereddylibrary.org\/pt-br\/research\/mulheres-que-fizeram-historia-marcella-craft\/","og_site_name":"A Biblioteca Mary Baker Eddy","article_publisher":"https:\/\/www.facebook.com\/mbelibrary","article_published_time":"2021-08-03T14:49:04+00:00","article_modified_time":"2022-08-31T15:35:36+00:00","og_image":[{"width":800,"height":500,"url":"https:\/\/www.marybakereddylibrary.org\/wp-content\/uploads\/2021\/02\/WOH-Marcella-Craft_P00487_800x500px.jpg","type":"image\/jpeg"}],"author":"The Mary Baker Eddy Library","twitter_misc":{"Escrito por":"The Mary Baker Eddy Library","Est. tempo de leitura":"7 minutos"},"schema":{"@context":"https:\/\/schema.org","@graph":[{"@type":"Article","@id":"https:\/\/www.marybakereddylibrary.org\/pt-br\/research\/mulheres-que-fizeram-historia-marcella-craft\/#article","isPartOf":{"@id":"https:\/\/www.marybakereddylibrary.org\/pt-br\/research\/mulheres-que-fizeram-historia-marcella-craft\/"},"author":{"name":"The Mary Baker Eddy Library","@id":"https:\/\/www.marybakereddylibrary.org\/pt-br\/#\/schema\/person\/82abfd938c00bb8542667a796d4e449a"},"headline":"Mulheres que fizeram hist\u00f3ria: Marcella Craft","datePublished":"2021-08-03T14:49:04+00:00","dateModified":"2022-08-31T15:35:36+00:00","mainEntityOfPage":{"@id":"https:\/\/www.marybakereddylibrary.org\/pt-br\/research\/mulheres-que-fizeram-historia-marcella-craft\/"},"wordCount":1943,"publisher":{"@id":"https:\/\/www.marybakereddylibrary.org\/pt-br\/#organization"},"image":{"@id":"https:\/\/www.marybakereddylibrary.org\/pt-br\/research\/mulheres-que-fizeram-historia-marcella-craft\/#primaryimage"},"thumbnailUrl":"https:\/\/www.marybakereddylibrary.org\/wp-content\/uploads\/2021\/02\/WOH-Marcella-Craft_P00487_800x500px.jpg","keywords":["Uma mulher que fez hist\u00f3ria"],"articleSection":["Mulheres que fizeram hist\u00f3ria"],"inLanguage":"pt-BR"},{"@type":"WebPage","@id":"https:\/\/www.marybakereddylibrary.org\/pt-br\/research\/mulheres-que-fizeram-historia-marcella-craft\/","url":"https:\/\/www.marybakereddylibrary.org\/pt-br\/research\/mulheres-que-fizeram-historia-marcella-craft\/","name":"Mulheres que fizeram hist\u00f3ria: Marcella Craft - A Biblioteca Mary Baker Eddy","isPartOf":{"@id":"https:\/\/www.marybakereddylibrary.org\/pt-br\/#website"},"primaryImageOfPage":{"@id":"https:\/\/www.marybakereddylibrary.org\/pt-br\/research\/mulheres-que-fizeram-historia-marcella-craft\/#primaryimage"},"image":{"@id":"https:\/\/www.marybakereddylibrary.org\/pt-br\/research\/mulheres-que-fizeram-historia-marcella-craft\/#primaryimage"},"thumbnailUrl":"https:\/\/www.marybakereddylibrary.org\/wp-content\/uploads\/2021\/02\/WOH-Marcella-Craft_P00487_800x500px.jpg","datePublished":"2021-08-03T14:49:04+00:00","dateModified":"2022-08-31T15:35:36+00:00","description":"Saiba mais sobre esta soprano do mundo da \u00f3pera que foi uma das primeiras solistas dA Igreja M\u00e3e.","breadcrumb":{"@id":"https:\/\/www.marybakereddylibrary.org\/pt-br\/research\/mulheres-que-fizeram-historia-marcella-craft\/#breadcrumb"},"inLanguage":"pt-BR","potentialAction":[{"@type":"ReadAction","target":["https:\/\/www.marybakereddylibrary.org\/pt-br\/research\/mulheres-que-fizeram-historia-marcella-craft\/"]}]},{"@type":"ImageObject","inLanguage":"pt-BR","@id":"https:\/\/www.marybakereddylibrary.org\/pt-br\/research\/mulheres-que-fizeram-historia-marcella-craft\/#primaryimage","url":"https:\/\/www.marybakereddylibrary.org\/wp-content\/uploads\/2021\/02\/WOH-Marcella-Craft_P00487_800x500px.jpg","contentUrl":"https:\/\/www.marybakereddylibrary.org\/wp-content\/uploads\/2021\/02\/WOH-Marcella-Craft_P00487_800x500px.jpg","width":800,"height":500,"caption":"Marcella Craft"},{"@type":"BreadcrumbList","@id":"https:\/\/www.marybakereddylibrary.org\/pt-br\/research\/mulheres-que-fizeram-historia-marcella-craft\/#breadcrumb","itemListElement":[{"@type":"ListItem","position":1,"name":"Home","item":"https:\/\/www.marybakereddylibrary.org\/pt-br\/"},{"@type":"ListItem","position":2,"name":"Mulheres que fizeram hist\u00f3ria: Marcella Craft"}]},{"@type":"WebSite","@id":"https:\/\/www.marybakereddylibrary.org\/pt-br\/#website","url":"https:\/\/www.marybakereddylibrary.org\/pt-br\/","name":"A Biblioteca Mary Baker Eddy","description":"","publisher":{"@id":"https:\/\/www.marybakereddylibrary.org\/pt-br\/#organization"},"potentialAction":[{"@type":"SearchAction","target":{"@type":"EntryPoint","urlTemplate":"https:\/\/www.marybakereddylibrary.org\/pt-br\/?s={search_term_string}"},"query-input":{"@type":"PropertyValueSpecification","valueRequired":true,"valueName":"search_term_string"}}],"inLanguage":"pt-BR"},{"@type":"Organization","@id":"https:\/\/www.marybakereddylibrary.org\/pt-br\/#organization","name":"The Mary Baker Eddy Library","url":"https:\/\/www.marybakereddylibrary.org\/pt-br\/","logo":{"@type":"ImageObject","inLanguage":"pt-BR","@id":"https:\/\/www.marybakereddylibrary.org\/pt-br\/#\/schema\/logo\/image\/","url":"https:\/\/www.marybakereddylibrary.org\/wp-content\/uploads\/2015\/03\/MBEL_logo_HR.jpg","contentUrl":"https:\/\/www.marybakereddylibrary.org\/wp-content\/uploads\/2015\/03\/MBEL_logo_HR.jpg","width":2100,"height":2100,"caption":"The Mary Baker Eddy Library"},"image":{"@id":"https:\/\/www.marybakereddylibrary.org\/pt-br\/#\/schema\/logo\/image\/"},"sameAs":["https:\/\/www.facebook.com\/mbelibrary","https:\/\/x.com\/mbelibrary","https:\/\/www.instagram.com\/mbelibrary"]},{"@type":"Person","@id":"https:\/\/www.marybakereddylibrary.org\/pt-br\/#\/schema\/person\/82abfd938c00bb8542667a796d4e449a","name":"The Mary Baker Eddy Library","image":{"@type":"ImageObject","inLanguage":"pt-BR","@id":"https:\/\/secure.gravatar.com\/avatar\/47a742fb4f6cc6ad0d0564fe6349235105346e31e12bacfbe4c85164ba549b72?s=96&d=mm&r=g","url":"https:\/\/secure.gravatar.com\/avatar\/47a742fb4f6cc6ad0d0564fe6349235105346e31e12bacfbe4c85164ba549b72?s=96&d=mm&r=g","contentUrl":"https:\/\/secure.gravatar.com\/avatar\/47a742fb4f6cc6ad0d0564fe6349235105346e31e12bacfbe4c85164ba549b72?s=96&d=mm&r=g","caption":"The Mary Baker Eddy Library"}}]}},"_links":{"self":[{"href":"https:\/\/www.marybakereddylibrary.org\/pt-br\/wp-json\/wp\/v2\/posts\/38369","targetHints":{"allow":["GET"]}}],"collection":[{"href":"https:\/\/www.marybakereddylibrary.org\/pt-br\/wp-json\/wp\/v2\/posts"}],"about":[{"href":"https:\/\/www.marybakereddylibrary.org\/pt-br\/wp-json\/wp\/v2\/types\/post"}],"author":[{"embeddable":true,"href":"https:\/\/www.marybakereddylibrary.org\/pt-br\/wp-json\/wp\/v2\/users\/44"}],"replies":[{"embeddable":true,"href":"https:\/\/www.marybakereddylibrary.org\/pt-br\/wp-json\/wp\/v2\/comments?post=38369"}],"version-history":[{"count":0,"href":"https:\/\/www.marybakereddylibrary.org\/pt-br\/wp-json\/wp\/v2\/posts\/38369\/revisions"}],"wp:featuredmedia":[{"embeddable":true,"href":"https:\/\/www.marybakereddylibrary.org\/pt-br\/wp-json\/wp\/v2\/media\/35212"}],"wp:attachment":[{"href":"https:\/\/www.marybakereddylibrary.org\/pt-br\/wp-json\/wp\/v2\/media?parent=38369"}],"wp:term":[{"taxonomy":"category","embeddable":true,"href":"https:\/\/www.marybakereddylibrary.org\/pt-br\/wp-json\/wp\/v2\/categories?post=38369"},{"taxonomy":"post_tag","embeddable":true,"href":"https:\/\/www.marybakereddylibrary.org\/pt-br\/wp-json\/wp\/v2\/tags?post=38369"}],"curies":[{"name":"wp","href":"https:\/\/api.w.org\/{rel}","templated":true}]}}