{"id":40341,"date":"2021-11-05T14:19:31","date_gmt":"2021-11-05T18:19:31","guid":{"rendered":"https:\/\/www.marybakereddylibrary.org\/?p=40341"},"modified":"2022-05-02T08:58:29","modified_gmt":"2022-05-02T12:58:29","slug":"como-a-igreja-mae-respondeu-aos-atentados-de-11-de-setembro","status":"publish","type":"post","link":"https:\/\/www.marybakereddylibrary.org\/pt-br\/research\/como-a-igreja-mae-respondeu-aos-atentados-de-11-de-setembro\/","title":{"rendered":"Como A Igreja M\u00e3e respondeu aos atentados de 11 de setembro?"},"content":{"rendered":"<div id=\"modal-ready\"><p>[et_pb_section fb_built=&#8221;1&#8243; fullwidth=&#8221;on&#8221; _builder_version=&#8221;3.22&#8243; global_colors_info=&#8221;{}&#8221;][et_pb_fullwidth_post_title author=&#8221;off&#8221; date_format=&#8221;j F Y&#8221; categories=&#8221;off&#8221; comments=&#8221;off&#8221; featured_image=&#8221;off&#8221; _builder_version=&#8221;3.29.3&#8243; z_index_tablet=&#8221;500&#8243; box_shadow_horizontal_tablet=&#8221;0px&#8221; box_shadow_vertical_tablet=&#8221;0px&#8221; box_shadow_blur_tablet=&#8221;40px&#8221; box_shadow_spread_tablet=&#8221;0px&#8221; global_colors_info=&#8221;{}&#8221;][\/et_pb_fullwidth_post_title][\/et_pb_section][et_pb_section fb_built=&#8221;1&#8243; _builder_version=&#8221;3.22&#8243; global_colors_info=&#8221;{}&#8221;][et_pb_row column_structure=&#8221;2_3,1_3&#8243; _builder_version=&#8221;3.25&#8243; background_size=&#8221;initial&#8221; background_position=&#8221;top_left&#8221; background_repeat=&#8221;repeat&#8221; global_colors_info=&#8221;{}&#8221;][et_pb_column type=&#8221;2_3&#8243; _builder_version=&#8221;3.0.47&#8243; custom_padding=&#8221;|||&#8221; global_colors_info=&#8221;{}&#8221; custom_padding__hover=&#8221;|||&#8221;][et_pb_image src=&#8221;https:\/\/www.marybakereddylibrary.org\/wp-content\/uploads\/2021\/08\/B24918-F159715_nd_photograph_McKelvieKennethH_800x694.jpg&#8221; alt=&#8221;The Mother Church at night&#8221; title_text=&#8221;B24918-F159715_nd_photograph_McKelvieKennethH_800x694&#8243; admin_label=&#8221;Image&#8221; _builder_version=&#8221;4.9.9&#8243; _module_preset=&#8221;default&#8221; global_colors_info=&#8221;{}&#8221;][\/et_pb_image][et_pb_text _builder_version=&#8221;4.14.7&#8243; z_index_tablet=&#8221;500&#8243; global_colors_info=&#8221;{}&#8221;]<\/p>\n<p class=\"custom-caption-centered\">A Igreja M\u00e3e e a Pra\u00e7a da Ci\u00eancia Crist\u00e3 \u00e0 noite, sem data.<br \/>Arquivos da Igreja, Caixa 535659, Pasta 369240.<\/p>\n<p>Na ter\u00e7a-feira, 11 de setembro de 2001, o dia amanheceu claro e tranquilo na costa leste dos Estados Unidos. Vinte anos depois, muitas pessoas em todo o mundo ainda se lembram de onde estavam e o que estavam fazendo, quando viram a not\u00edcia de que extremistas da Al-Qaeda haviam sequestrado quatro avi\u00f5es comerciais em miss\u00f5es suicidas, cujo alvo fora o World Trade Center na cidade de Nova York e o Pent\u00e1gono em Washington, DC, resultando em quase 3.000 mortos.<\/p>\n<p>O jornal <em>The Christian Science Monitor<\/em> imediatamente juntou-se \u00e0 cobertura desses eventos, noticiando os acontecimentos do dia 11 de setembro e suas sequelas. O <em>Monitor<\/em> introduziu hist\u00f3rias de esperan\u00e7a e uni\u00e3o, em suas extensas reportagens di\u00e1rias. O editorial do dia 12 de setembro inclu\u00eda o seguinte:<\/p>\n<blockquote>\n<p>Agora \u00e9 a hora de termos for\u00e7a de car\u00e1ter, principalmente modera\u00e7\u00e3o, resili\u00eancia e compaix\u00e3o, n\u00e3o medo, p\u00e2nico ou trauma. Os efeitos mentais resultantes desse evento devem ser a principal prioridade da na\u00e7\u00e3o \u2014 para mostrar que os atos autodestrutivos do mal n\u00e3o precisam triunfar.<\/p>\n<\/blockquote>\n<p>Tamb\u00e9m fez um alerta sobre o sensacionalismo em volta do assunto:<\/p>\n<blockquote>\n<p>A m\u00eddia&#8230; precisa olhar atentamente para sua cobertura e perceber que tem um papel a desempenhar e que exerce influ\u00eancia em como os americanos lidam com essa trag\u00e9dia. A m\u00eddia n\u00e3o deve buscar maior audi\u00eancia ou maior circula\u00e7\u00e3o tendo como foco o trauma e a morte. Em vez disso, \u00e9 o momento de os jornalistas aproveitarem a ocasi\u00e3o para apresentar reportagens que mostram como os sobreviventes t\u00eam resili\u00eancia para lidar com essa perda.<span id='easy-footnote-1-40341' class='easy-footnote-margin-adjust'><\/span><span class='easy-footnote'><a href='https:\/\/www.marybakereddylibrary.org\/pt-br\/research\/como-a-igreja-mae-respondeu-aos-atentados-de-11-de-setembro\/#easy-footnote-bottom-1-40341' title='\u201c&lt;a href=&quot;https:\/\/www.csmonitor.com\/2001\/0912\/p8s2-comv.html&quot;&gt;Resilience and Restraint&lt;\/a&gt;\u201d [Resili\u00eancia e modera\u00e7\u00e3o], &lt;em&gt;The Christian Science Monitor,&lt;\/em&gt; 12 de setembro de 2001, 8.'><sup>1<\/sup><\/a><\/span><\/p>\n<\/blockquote>\n<p>O <em>Monitor<\/em> continuou com as reportagens sobre o atentado de 11 de setembro, mantendo esse foco nos dias e meses que se seguiram. Por exemplo, \u201c<a href=\"https:\/\/www.csmonitor.com\/2001\/0927\/p1s1-wogi.html\">Why do they hate us?<\/a>\u201d [Por que eles nos odeiam?] analisou como a presen\u00e7a e crescente influ\u00eancia dos militares americanos no Oriente M\u00e9dio causaram ressentimento e desconfian\u00e7a.<\/p>\n<p>A Diretoria da Ci\u00eancia Crist\u00e3 escreveu \u201c<a href=\"https:\/\/www.csmonitor.com\/2001\/0917\/p19s2-comv.html\">A Prayer<\/a>\u201d [Uma ora\u00e7\u00e3o], publicada no <em>Monitor<\/em> em 17 de setembro: \u201cOramos para compreender a vis\u00e3o que o Todo-Poderoso j\u00e1 nos deu e os recursos espirituais que Ele derramou sobre n\u00f3s, para moderar os ventos da dor e enriquecer nossa capacidade de viver uns com os outros em honra, confian\u00e7a, respeito e afeto, dia ap\u00f3s dia\u201d.<span id='easy-footnote-2-40341' class='easy-footnote-margin-adjust'><\/span><span class='easy-footnote'><a href='https:\/\/www.marybakereddylibrary.org\/pt-br\/research\/como-a-igreja-mae-respondeu-aos-atentados-de-11-de-setembro\/#easy-footnote-bottom-2-40341' title='\u201c&lt;a href=&quot;https:\/\/www.csmonitor.com\/2001\/0917\/p19s2-comv.html&quot;&gt;A Prayer&lt;\/a&gt;\u201d [Uma ora\u00e7\u00e3o], &lt;em&gt;Monitor,&lt;\/em&gt; 17 de setembro de 2001, 19.'><sup>2<\/sup><\/a><\/span><\/p>\n<p>Nos dias que se seguiram aos ataques, A Igreja M\u00e3e rapidamente organizou seus departamentos para atender \u00e0 necessidade do momento. Em 12 de setembro, pessoas se reuniram na Pra\u00e7a da Ci\u00eancia Crist\u00e3 em Boston, para um culto de cura. Dois dias depois, uma vig\u00edlia p\u00fablica foi ali realizada em mem\u00f3ria das v\u00edtimas, junto ao grande espelho d&#8217;\u00e1gua. Os participantes daquela noite colocaram velas sobre o espelho d\u2019\u00e1gua para homenagear as v\u00edtimas inocentes que haviam perdido a vida. Esse evento, que incluiu m\u00fasica e canto com a comunidade, atraiu centenas de participantes. Um dos muitos cultos realizados por todo os Estados Unidos foi destaque em muitas reportagens nacionais.<\/p>\n<p><img loading=\"lazy\" decoding=\"async\" class=\"wp-image-39564 size-medium aligncenter\" src=\"https:\/\/www.marybakereddylibrary.org\/wp-content\/uploads\/2021\/08\/Wednesday-Prayer-Meetings-237x300.jpeg\" alt=\"Wednesday Prayer Meeting ad\" width=\"237\" height=\"300\" srcset=\"https:\/\/www.marybakereddylibrary.org\/wp-content\/uploads\/2021\/08\/Wednesday-Prayer-Meetings-237x300.jpeg 237w, https:\/\/www.marybakereddylibrary.org\/wp-content\/uploads\/2021\/08\/Wednesday-Prayer-Meetings.jpeg 404w\" sizes=\"(max-width: 237px) 100vw, 237px\" \/><\/p>\n<p class=\"custom-caption-centered\">Nas semanas ap\u00f3s os ataques de 11 de setembro, A Igreja M\u00e3e anunciou \u00e0 comunidade uma resposta cont\u00ednua em ora\u00e7\u00e3o, promovida em folhetos como este.<br \/>Arquivos da Igreja, Caixa 535659, Pasta 369240.<\/p>\n<p>O site dA Igreja M\u00e3e, na \u00e9poca conhecido como <a href=\"https:\/\/web.archive.org\/web\/20010918121644\/http:\/\/spirituality.com\/\">spirituality.com<\/a>, convidou pessoas do mundo todo a refletir sobre os ataques ocorridos em 11 de setembro e a compartilhar mensagens inspirativas. Os visitantes do site se reuniram diariamente, por cinco minutos, durante 30 dias, em uma vig\u00edlia internacional de ora\u00e7\u00e3o.<\/p>\n<p><img loading=\"lazy\" decoding=\"async\" class=\"wp-image-39559 size-full aligncenter\" src=\"https:\/\/www.marybakereddylibrary.org\/wp-content\/uploads\/2021\/08\/CSSentinel-Cover-08-OCT-2001.png\" alt=\"Cover of the October 6, 2001\" width=\"200\" height=\"251\" \/><\/p>\n<p class=\"custom-caption-centered\">Capa de 6 de outubro de 2001, <em>Christian Science Sentinel.<\/em><\/p>\n<p>Quando chegou a not\u00edcia dos ataques, a equipe do <em>Christian Science Sentinel<\/em> estava finalizando a pr\u00f3xima edi\u00e7\u00e3o para enviar \u00e0 gr\u00e1fica nos dias seguintes. Assistindo ao notici\u00e1rio da televis\u00e3o, naquela manh\u00e3, em seus escrit\u00f3rios, eles viram a urg\u00eancia da situa\u00e7\u00e3o e come\u00e7aram a planejar outra edi\u00e7\u00e3o, em substitui\u00e7\u00e3o, como resposta ao que acabara de ocorrer. Normalmente, esse processo teria levado v\u00e1rias semanas. Mas, com a ajuda de membros da equipe do <em>The Christian Science Journal<\/em> e de outros departamentos dA Igreja M\u00e3e, eles contaram com a contribui\u00e7\u00e3o de v\u00e1rios redatores e criaram todo o novo conte\u00fado necess\u00e1rio. Essa edi\u00e7\u00e3o revisada do <em>Sentinel,<\/em> datada de 6 de outubro, ficou pronta em apenas alguns dias e cumpriu os prazos de publica\u00e7\u00e3o. Isso resultou em um cronograma de produ\u00e7\u00e3o reformulado, o qual reduziu os futuros prazos de entrega para publica\u00e7\u00e3o e tornou o <em>Sentinel<\/em> significativamente mais oportuno com rela\u00e7\u00e3o aos eventos.<\/p>\n<p>\u201c<a href=\"https:\/\/sentinel.christianscience.com\/shared\/view\/kyoj1cibmo?s=copylink\">In the shadow of the WTC<\/a>\u201d [\u00c0 sombra do WTC] apresentou, em primeira m\u00e3o, o relato de Chris Meyer. Ele havia acabado de sair da esta\u00e7\u00e3o de metr\u00f4, em 11 de setembro, quando o primeiro avi\u00e3o atingiu uma das torres g\u00eameas. Ele contou como orou por todos os que estavam nos edif\u00edcios e na cidade de Nova York:<\/p>\n<blockquote>\n<p>&#8230;no momento em que vimos algu\u00e9m pular do alto do pr\u00e9dio&#8230; Eu simplesmente sentei na cal\u00e7ada e comecei a orar. Automaticamente, comecei a orar a Ora\u00e7\u00e3o do Senhor&#8230; Foi dif\u00edcil. Eu estava orando com a Ora\u00e7\u00e3o do Senhor e havia chegado a \u201cFa\u00e7a-se a Tua vontade, assim na terra como no c\u00e9u\u201d quando vi algu\u00e9m pular do pr\u00e9dio. Isso s\u00f3 faz voc\u00ea engolir a seco e dar murros no ch\u00e3o&#8230; Eu estava decidido a fazer todo o poss\u00edvel para reconhecer nosso Pai-M\u00e3e Deus l\u00e1 em cima com eles, porque \u00e9 disso que eu gostaria, se estivesse l\u00e1 em cima. Gostaria de sentir uma presen\u00e7a divina l\u00e1 comigo, me confortando e me protegendo.<span id='easy-footnote-3-40341' class='easy-footnote-margin-adjust'><\/span><span class='easy-footnote'><a href='https:\/\/www.marybakereddylibrary.org\/pt-br\/research\/como-a-igreja-mae-respondeu-aos-atentados-de-11-de-setembro\/#easy-footnote-bottom-3-40341' title='Chris Meyer, \u201cIn the shadow of the WTC\u201d [\u00c0 sombra do WTC], &lt;em&gt;Christian Science Sentinel,&lt;\/em&gt; 8 de outubro de 2001, 6\u20138.'><sup>3<\/sup><\/a><\/span><\/p>\n<\/blockquote>\n<p>Em \u201c<a href=\"https:\/\/sentinel.christianscience.com\/shared\/view\/qvd38cyulc?s=copylink\">Voices of compassion heard on the street<\/a>\u201d [Vozes de compaix\u00e3o ouvidas na rua], dois membros da equipe do <em>Sentinel<\/em> conversaram com transeuntes na regi\u00e3o de Back Bay, em Boston, onde a Igreja M\u00e3e est\u00e1 localizada.<\/p>\n<p>As revistas da Ci\u00eancia Crist\u00e3 continuaram semanalmente com sua resposta no <em>Sentinel,<\/em> mensalmente no <em>Journal,<\/em> e nas v\u00e1rias edi\u00e7\u00f5es d<em>O Arauto da Ci\u00eancia Crist\u00e3,<\/em> oferecendo artigos e relatos pessoais de esperan\u00e7a e cura, vindos de pessoas do mundo todo. Isso incluiu cartas de apoio amoroso vindas de v\u00e1rios pa\u00edses e entrevistas com praticistas da Ci\u00eancia Crist\u00e3, inclusive uma se\u00e7\u00e3o cont\u00ednua no <em>Sentinel,<\/em> \u201cPrayers for Peace\u201d [Ora\u00e7\u00f5es pela Paz].<\/p>\n<p>Um exemplo dessa abordagem cont\u00ednua foram dois artigos focados na experi\u00eancia da Capel\u00e3 do Ex\u00e9rcito dos EUA, Janet Horton, que estava no Pent\u00e1gono em 11 de setembro, e ajudou a cuidar dos feridos. O primeiro foi extra\u00eddo de <a href=\"https:\/\/journal.christianscience.com\/issues\/2001\/12\/119-12\/we-were-on-our-knees\">um artigo do <em>The Washington Post<\/em><\/a>, reimpresso no <em>Journal<\/em> tr\u00eas meses depois dos atques de 11 de setembro; o segundo foi <a href=\"https:\/\/sentinel.christianscience.com\/issues\/2002\/9\/104-36\/what-i-learned-in-the-pentagon-courtyard\">um artigo mais extenso de Horton<\/a> publicado para coincidir com o primeiro anivers\u00e1rio do evento. Suas palavras refletiram o impacto de 11 de setembro em muitas pessoas, inclusive nos Cientistas Crist\u00e3os, sua igreja e suas atividades:<\/p>\n<blockquote>\n<p>Nunca serei a mesma que eu era um ano atr\u00e1s. Vou mais fundo em minha ora\u00e7\u00e3o. Estou mais alerta e mais claramente em posi\u00e7\u00e3o de maior vig\u00edlia espiritual. Estou ouvindo a Deus. Meus olhos est\u00e3o focados no progresso.<span id='easy-footnote-4-40341' class='easy-footnote-margin-adjust'><\/span><span class='easy-footnote'><a href='https:\/\/www.marybakereddylibrary.org\/pt-br\/research\/como-a-igreja-mae-respondeu-aos-atentados-de-11-de-setembro\/#easy-footnote-bottom-4-40341' title='Janet Horton, \u201cWhat I learned in the Pentagon courtyard\u201d [O que aprendi no p\u00e1tio do Pent\u00e1gono], &lt;em&gt;Sentinel,&lt;\/em&gt; 9 de setembro de 2002, 6.'><sup>4<\/sup><\/a><\/span><\/p>\n<\/blockquote>\n<hr \/>\n<p><em>Esse blog tamb\u00e9m pode ser lido neste site\u00a0em\u00a0<a href=\"https:\/\/www.marybakereddylibrary.org\/de\/research\/aus-den-mary-baker-eddy-papers-seelsorgerische-betreuung\/\">alem\u00e3o<\/a>,\u00a0<a href=\"https:\/\/www.marybakereddylibrary.org\/es\/research\/de-los-documentos-atencion-pastoral\/\">espanhol<\/a>,\u00a0<a href=\"https:\/\/www.marybakereddylibrary.org\/fr\/research\/extraits-de-documents-lattention-portee-par-les-pasteurs-a-la-science-chretienne\/\">franc\u00eas<\/a>\u00a0e\u00a0<a href=\"https:\/\/www.marybakereddylibrary.org\/research\/from-the-papers-pastoral-care\/\">ingl\u00eas<\/a>.<\/em><\/p>\n<p>[\/et_pb_text][\/et_pb_column][et_pb_column type=&#8221;1_3&#8243; _builder_version=&#8221;3.0.47&#8243; custom_padding=&#8221;|||&#8221; global_colors_info=&#8221;{}&#8221; custom_padding__hover=&#8221;|||&#8221;][et_pb_sidebar area=&#8221;et_pb_widget_area_3&#8243; _builder_version=&#8221;4.14.7&#8243; hover_enabled=&#8221;0&#8243; z_index_tablet=&#8221;500&#8243; global_colors_info=&#8221;{}&#8221; orientation=&#8221;right&#8221; sticky_enabled=&#8221;0&#8243;][\/et_pb_sidebar][\/et_pb_column][\/et_pb_row][\/et_pb_section]<\/p>\n<\/div>","protected":false},"excerpt":{"rendered":"<p>Saiba mais sobre os esfor\u00e7os para atender \u00e0s necessidades do momento e tra\u00e7ar novos caminhos.<\/p>","protected":false},"author":44,"featured_media":39555,"comment_status":"closed","ping_status":"closed","sticky":false,"template":"","format":"standard","meta":{"_et_pb_use_builder":"on","_et_pb_old_content":"","_et_gb_content_width":"","_oasis_is_in_workflow":0,"_oasis_original":0,"_oasis_task_priority":"2normal","_relevanssi_hide_post":"","_relevanssi_hide_content":"","_relevanssi_pin_for_all":"","_relevanssi_pin_keywords":"","_relevanssi_unpin_keywords":"","_relevanssi_related_keywords":"","_relevanssi_related_include_ids":"","_relevanssi_related_exclude_ids":"","_relevanssi_related_no_append":"","_relevanssi_related_not_related":"","_relevanssi_related_posts":"","_relevanssi_noindex_reason":"","inline_featured_image":false,"episode_type":"","audio_file":"","podmotor_file_id":"","podmotor_episode_id":"","cover_image":"","cover_image_id":"","duration":"","filesize":"","filesize_raw":"","date_recorded":"","explicit":"","block":"","itunes_episode_number":"","itunes_title":"","itunes_season_number":"","itunes_episode_type":"","footnotes":""},"categories":[184],"tags":[],"class_list":["post-40341","post","type-post","status-publish","format-standard","has-post-thumbnail","hentry","category-pergunte-a-um-pesquisador"],"yoast_head":"<!-- This site is optimized with the Yoast SEO plugin v27.5 - https:\/\/yoast.com\/product\/yoast-seo-wordpress\/ -->\n<title>Como A Igreja M\u00e3e respondeu aos atentados de 11 de setembro? - A Biblioteca Mary Baker Eddy<\/title>\n<meta name=\"description\" content=\"Descubra o que nossos arquivos t\u00eam a dizer \u2014 o registro ao longo dos anos \u00e9 extenso!\" \/>\n<meta name=\"robots\" content=\"index, follow, max-snippet:-1, max-image-preview:large, max-video-preview:-1\" \/>\n<link rel=\"canonical\" href=\"https:\/\/www.marybakereddylibrary.org\/pt-br\/research\/como-a-igreja-mae-respondeu-aos-atentados-de-11-de-setembro\/\" \/>\n<meta property=\"og:locale\" content=\"pt_BR\" \/>\n<meta property=\"og:type\" content=\"article\" \/>\n<meta property=\"og:title\" content=\"Como A Igreja M\u00e3e respondeu aos atentados de 11 de setembro? - A Biblioteca Mary Baker Eddy\" \/>\n<meta property=\"og:description\" content=\"Descubra o que nossos arquivos t\u00eam a dizer \u2014 o registro ao longo dos anos \u00e9 extenso!\" \/>\n<meta property=\"og:url\" content=\"https:\/\/www.marybakereddylibrary.org\/pt-br\/research\/como-a-igreja-mae-respondeu-aos-atentados-de-11-de-setembro\/\" \/>\n<meta property=\"og:site_name\" content=\"A Biblioteca Mary Baker Eddy\" \/>\n<meta property=\"article:publisher\" content=\"https:\/\/www.facebook.com\/mbelibrary\" \/>\n<meta property=\"article:published_time\" content=\"2021-11-05T18:19:31+00:00\" \/>\n<meta property=\"article:modified_time\" content=\"2022-05-02T12:58:29+00:00\" \/>\n<meta property=\"og:image\" content=\"https:\/\/www.marybakereddylibrary.org\/wp-content\/uploads\/2021\/08\/B24918-F159715_nd_photograph_McKelvieKennethH_800x694.jpg\" \/>\n\t<meta property=\"og:image:width\" content=\"880\" \/>\n\t<meta property=\"og:image:height\" content=\"694\" \/>\n\t<meta property=\"og:image:type\" content=\"image\/jpeg\" \/>\n<meta name=\"author\" content=\"The Mary Baker Eddy Library\" \/>\n<meta name=\"twitter:label1\" content=\"Escrito por\" \/>\n\t<meta name=\"twitter:data1\" content=\"The Mary Baker Eddy Library\" \/>\n\t<meta name=\"twitter:label2\" content=\"Est. tempo de leitura\" \/>\n\t<meta name=\"twitter:data2\" content=\"6 minutos\" \/>\n<script type=\"application\/ld+json\" class=\"yoast-schema-graph\">{\"@context\":\"https:\\\/\\\/schema.org\",\"@graph\":[{\"@type\":\"Article\",\"@id\":\"https:\\\/\\\/www.marybakereddylibrary.org\\\/pt-br\\\/research\\\/como-a-igreja-mae-respondeu-aos-atentados-de-11-de-setembro\\\/#article\",\"isPartOf\":{\"@id\":\"https:\\\/\\\/www.marybakereddylibrary.org\\\/pt-br\\\/research\\\/como-a-igreja-mae-respondeu-aos-atentados-de-11-de-setembro\\\/\"},\"author\":{\"name\":\"The Mary Baker Eddy Library\",\"@id\":\"https:\\\/\\\/www.marybakereddylibrary.org\\\/pt-br\\\/#\\\/schema\\\/person\\\/82abfd938c00bb8542667a796d4e449a\"},\"headline\":\"Como A Igreja M\u00e3e respondeu aos atentados de 11 de setembro?\",\"datePublished\":\"2021-11-05T18:19:31+00:00\",\"dateModified\":\"2022-05-02T12:58:29+00:00\",\"mainEntityOfPage\":{\"@id\":\"https:\\\/\\\/www.marybakereddylibrary.org\\\/pt-br\\\/research\\\/como-a-igreja-mae-respondeu-aos-atentados-de-11-de-setembro\\\/\"},\"wordCount\":1560,\"publisher\":{\"@id\":\"https:\\\/\\\/www.marybakereddylibrary.org\\\/pt-br\\\/#organization\"},\"image\":{\"@id\":\"https:\\\/\\\/www.marybakereddylibrary.org\\\/pt-br\\\/research\\\/como-a-igreja-mae-respondeu-aos-atentados-de-11-de-setembro\\\/#primaryimage\"},\"thumbnailUrl\":\"https:\\\/\\\/www.marybakereddylibrary.org\\\/wp-content\\\/uploads\\\/2021\\\/08\\\/B24918-F159715_nd_photograph_McKelvieKennethH_800x694.jpg\",\"articleSection\":[\"Pergunte a um pesquisador\"],\"inLanguage\":\"pt-BR\"},{\"@type\":\"WebPage\",\"@id\":\"https:\\\/\\\/www.marybakereddylibrary.org\\\/pt-br\\\/research\\\/como-a-igreja-mae-respondeu-aos-atentados-de-11-de-setembro\\\/\",\"url\":\"https:\\\/\\\/www.marybakereddylibrary.org\\\/pt-br\\\/research\\\/como-a-igreja-mae-respondeu-aos-atentados-de-11-de-setembro\\\/\",\"name\":\"Como A Igreja M\u00e3e respondeu aos atentados de 11 de setembro? - A Biblioteca Mary Baker Eddy\",\"isPartOf\":{\"@id\":\"https:\\\/\\\/www.marybakereddylibrary.org\\\/pt-br\\\/#website\"},\"primaryImageOfPage\":{\"@id\":\"https:\\\/\\\/www.marybakereddylibrary.org\\\/pt-br\\\/research\\\/como-a-igreja-mae-respondeu-aos-atentados-de-11-de-setembro\\\/#primaryimage\"},\"image\":{\"@id\":\"https:\\\/\\\/www.marybakereddylibrary.org\\\/pt-br\\\/research\\\/como-a-igreja-mae-respondeu-aos-atentados-de-11-de-setembro\\\/#primaryimage\"},\"thumbnailUrl\":\"https:\\\/\\\/www.marybakereddylibrary.org\\\/wp-content\\\/uploads\\\/2021\\\/08\\\/B24918-F159715_nd_photograph_McKelvieKennethH_800x694.jpg\",\"datePublished\":\"2021-11-05T18:19:31+00:00\",\"dateModified\":\"2022-05-02T12:58:29+00:00\",\"description\":\"Descubra o que nossos arquivos t\u00eam a dizer \u2014 o registro ao longo dos anos \u00e9 extenso!\",\"breadcrumb\":{\"@id\":\"https:\\\/\\\/www.marybakereddylibrary.org\\\/pt-br\\\/research\\\/como-a-igreja-mae-respondeu-aos-atentados-de-11-de-setembro\\\/#breadcrumb\"},\"inLanguage\":\"pt-BR\",\"potentialAction\":[{\"@type\":\"ReadAction\",\"target\":[\"https:\\\/\\\/www.marybakereddylibrary.org\\\/pt-br\\\/research\\\/como-a-igreja-mae-respondeu-aos-atentados-de-11-de-setembro\\\/\"]}]},{\"@type\":\"ImageObject\",\"inLanguage\":\"pt-BR\",\"@id\":\"https:\\\/\\\/www.marybakereddylibrary.org\\\/pt-br\\\/research\\\/como-a-igreja-mae-respondeu-aos-atentados-de-11-de-setembro\\\/#primaryimage\",\"url\":\"https:\\\/\\\/www.marybakereddylibrary.org\\\/wp-content\\\/uploads\\\/2021\\\/08\\\/B24918-F159715_nd_photograph_McKelvieKennethH_800x694.jpg\",\"contentUrl\":\"https:\\\/\\\/www.marybakereddylibrary.org\\\/wp-content\\\/uploads\\\/2021\\\/08\\\/B24918-F159715_nd_photograph_McKelvieKennethH_800x694.jpg\",\"width\":880,\"height\":694,\"caption\":\"The Mother Church at night\"},{\"@type\":\"BreadcrumbList\",\"@id\":\"https:\\\/\\\/www.marybakereddylibrary.org\\\/pt-br\\\/research\\\/como-a-igreja-mae-respondeu-aos-atentados-de-11-de-setembro\\\/#breadcrumb\",\"itemListElement\":[{\"@type\":\"ListItem\",\"position\":1,\"name\":\"Home\",\"item\":\"https:\\\/\\\/www.marybakereddylibrary.org\\\/pt-br\\\/\"},{\"@type\":\"ListItem\",\"position\":2,\"name\":\"Como A Igreja M\u00e3e respondeu aos atentados de 11 de setembro?\"}]},{\"@type\":\"WebSite\",\"@id\":\"https:\\\/\\\/www.marybakereddylibrary.org\\\/pt-br\\\/#website\",\"url\":\"https:\\\/\\\/www.marybakereddylibrary.org\\\/pt-br\\\/\",\"name\":\"A Biblioteca Mary Baker Eddy\",\"description\":\"\",\"publisher\":{\"@id\":\"https:\\\/\\\/www.marybakereddylibrary.org\\\/pt-br\\\/#organization\"},\"potentialAction\":[{\"@type\":\"SearchAction\",\"target\":{\"@type\":\"EntryPoint\",\"urlTemplate\":\"https:\\\/\\\/www.marybakereddylibrary.org\\\/pt-br\\\/?s={search_term_string}\"},\"query-input\":{\"@type\":\"PropertyValueSpecification\",\"valueRequired\":true,\"valueName\":\"search_term_string\"}}],\"inLanguage\":\"pt-BR\"},{\"@type\":\"Organization\",\"@id\":\"https:\\\/\\\/www.marybakereddylibrary.org\\\/pt-br\\\/#organization\",\"name\":\"The Mary Baker Eddy Library\",\"url\":\"https:\\\/\\\/www.marybakereddylibrary.org\\\/pt-br\\\/\",\"logo\":{\"@type\":\"ImageObject\",\"inLanguage\":\"pt-BR\",\"@id\":\"https:\\\/\\\/www.marybakereddylibrary.org\\\/pt-br\\\/#\\\/schema\\\/logo\\\/image\\\/\",\"url\":\"https:\\\/\\\/www.marybakereddylibrary.org\\\/wp-content\\\/uploads\\\/2015\\\/03\\\/MBEL_logo_HR.jpg\",\"contentUrl\":\"https:\\\/\\\/www.marybakereddylibrary.org\\\/wp-content\\\/uploads\\\/2015\\\/03\\\/MBEL_logo_HR.jpg\",\"width\":2100,\"height\":2100,\"caption\":\"The Mary Baker Eddy Library\"},\"image\":{\"@id\":\"https:\\\/\\\/www.marybakereddylibrary.org\\\/pt-br\\\/#\\\/schema\\\/logo\\\/image\\\/\"},\"sameAs\":[\"https:\\\/\\\/www.facebook.com\\\/mbelibrary\",\"https:\\\/\\\/x.com\\\/mbelibrary\",\"https:\\\/\\\/www.instagram.com\\\/mbelibrary\"]},{\"@type\":\"Person\",\"@id\":\"https:\\\/\\\/www.marybakereddylibrary.org\\\/pt-br\\\/#\\\/schema\\\/person\\\/82abfd938c00bb8542667a796d4e449a\",\"name\":\"The Mary Baker Eddy Library\",\"image\":{\"@type\":\"ImageObject\",\"inLanguage\":\"pt-BR\",\"@id\":\"https:\\\/\\\/secure.gravatar.com\\\/avatar\\\/47a742fb4f6cc6ad0d0564fe6349235105346e31e12bacfbe4c85164ba549b72?s=96&d=mm&r=g\",\"url\":\"https:\\\/\\\/secure.gravatar.com\\\/avatar\\\/47a742fb4f6cc6ad0d0564fe6349235105346e31e12bacfbe4c85164ba549b72?s=96&d=mm&r=g\",\"contentUrl\":\"https:\\\/\\\/secure.gravatar.com\\\/avatar\\\/47a742fb4f6cc6ad0d0564fe6349235105346e31e12bacfbe4c85164ba549b72?s=96&d=mm&r=g\",\"caption\":\"The Mary Baker Eddy Library\"}}]}<\/script>\n<!-- \/ Yoast SEO plugin. -->","yoast_head_json":{"title":"Como A Igreja M\u00e3e respondeu aos atentados de 11 de setembro? - A Biblioteca Mary Baker Eddy","description":"Descubra o que nossos arquivos t\u00eam a dizer \u2014 o registro ao longo dos anos \u00e9 extenso!","robots":{"index":"index","follow":"follow","max-snippet":"max-snippet:-1","max-image-preview":"max-image-preview:large","max-video-preview":"max-video-preview:-1"},"canonical":"https:\/\/www.marybakereddylibrary.org\/pt-br\/research\/como-a-igreja-mae-respondeu-aos-atentados-de-11-de-setembro\/","og_locale":"pt_BR","og_type":"article","og_title":"Como A Igreja M\u00e3e respondeu aos atentados de 11 de setembro? - A Biblioteca Mary Baker Eddy","og_description":"Descubra o que nossos arquivos t\u00eam a dizer \u2014 o registro ao longo dos anos \u00e9 extenso!","og_url":"https:\/\/www.marybakereddylibrary.org\/pt-br\/research\/como-a-igreja-mae-respondeu-aos-atentados-de-11-de-setembro\/","og_site_name":"A Biblioteca Mary Baker Eddy","article_publisher":"https:\/\/www.facebook.com\/mbelibrary","article_published_time":"2021-11-05T18:19:31+00:00","article_modified_time":"2022-05-02T12:58:29+00:00","og_image":[{"width":880,"height":694,"url":"https:\/\/www.marybakereddylibrary.org\/wp-content\/uploads\/2021\/08\/B24918-F159715_nd_photograph_McKelvieKennethH_800x694.jpg","type":"image\/jpeg"}],"author":"The Mary Baker Eddy Library","twitter_misc":{"Escrito por":"The Mary Baker Eddy Library","Est. tempo de leitura":"6 minutos"},"schema":{"@context":"https:\/\/schema.org","@graph":[{"@type":"Article","@id":"https:\/\/www.marybakereddylibrary.org\/pt-br\/research\/como-a-igreja-mae-respondeu-aos-atentados-de-11-de-setembro\/#article","isPartOf":{"@id":"https:\/\/www.marybakereddylibrary.org\/pt-br\/research\/como-a-igreja-mae-respondeu-aos-atentados-de-11-de-setembro\/"},"author":{"name":"The Mary Baker Eddy Library","@id":"https:\/\/www.marybakereddylibrary.org\/pt-br\/#\/schema\/person\/82abfd938c00bb8542667a796d4e449a"},"headline":"Como A Igreja M\u00e3e respondeu aos atentados de 11 de setembro?","datePublished":"2021-11-05T18:19:31+00:00","dateModified":"2022-05-02T12:58:29+00:00","mainEntityOfPage":{"@id":"https:\/\/www.marybakereddylibrary.org\/pt-br\/research\/como-a-igreja-mae-respondeu-aos-atentados-de-11-de-setembro\/"},"wordCount":1560,"publisher":{"@id":"https:\/\/www.marybakereddylibrary.org\/pt-br\/#organization"},"image":{"@id":"https:\/\/www.marybakereddylibrary.org\/pt-br\/research\/como-a-igreja-mae-respondeu-aos-atentados-de-11-de-setembro\/#primaryimage"},"thumbnailUrl":"https:\/\/www.marybakereddylibrary.org\/wp-content\/uploads\/2021\/08\/B24918-F159715_nd_photograph_McKelvieKennethH_800x694.jpg","articleSection":["Pergunte a um pesquisador"],"inLanguage":"pt-BR"},{"@type":"WebPage","@id":"https:\/\/www.marybakereddylibrary.org\/pt-br\/research\/como-a-igreja-mae-respondeu-aos-atentados-de-11-de-setembro\/","url":"https:\/\/www.marybakereddylibrary.org\/pt-br\/research\/como-a-igreja-mae-respondeu-aos-atentados-de-11-de-setembro\/","name":"Como A Igreja M\u00e3e respondeu aos atentados de 11 de setembro? - A Biblioteca Mary Baker Eddy","isPartOf":{"@id":"https:\/\/www.marybakereddylibrary.org\/pt-br\/#website"},"primaryImageOfPage":{"@id":"https:\/\/www.marybakereddylibrary.org\/pt-br\/research\/como-a-igreja-mae-respondeu-aos-atentados-de-11-de-setembro\/#primaryimage"},"image":{"@id":"https:\/\/www.marybakereddylibrary.org\/pt-br\/research\/como-a-igreja-mae-respondeu-aos-atentados-de-11-de-setembro\/#primaryimage"},"thumbnailUrl":"https:\/\/www.marybakereddylibrary.org\/wp-content\/uploads\/2021\/08\/B24918-F159715_nd_photograph_McKelvieKennethH_800x694.jpg","datePublished":"2021-11-05T18:19:31+00:00","dateModified":"2022-05-02T12:58:29+00:00","description":"Descubra o que nossos arquivos t\u00eam a dizer \u2014 o registro ao longo dos anos \u00e9 extenso!","breadcrumb":{"@id":"https:\/\/www.marybakereddylibrary.org\/pt-br\/research\/como-a-igreja-mae-respondeu-aos-atentados-de-11-de-setembro\/#breadcrumb"},"inLanguage":"pt-BR","potentialAction":[{"@type":"ReadAction","target":["https:\/\/www.marybakereddylibrary.org\/pt-br\/research\/como-a-igreja-mae-respondeu-aos-atentados-de-11-de-setembro\/"]}]},{"@type":"ImageObject","inLanguage":"pt-BR","@id":"https:\/\/www.marybakereddylibrary.org\/pt-br\/research\/como-a-igreja-mae-respondeu-aos-atentados-de-11-de-setembro\/#primaryimage","url":"https:\/\/www.marybakereddylibrary.org\/wp-content\/uploads\/2021\/08\/B24918-F159715_nd_photograph_McKelvieKennethH_800x694.jpg","contentUrl":"https:\/\/www.marybakereddylibrary.org\/wp-content\/uploads\/2021\/08\/B24918-F159715_nd_photograph_McKelvieKennethH_800x694.jpg","width":880,"height":694,"caption":"The Mother Church at night"},{"@type":"BreadcrumbList","@id":"https:\/\/www.marybakereddylibrary.org\/pt-br\/research\/como-a-igreja-mae-respondeu-aos-atentados-de-11-de-setembro\/#breadcrumb","itemListElement":[{"@type":"ListItem","position":1,"name":"Home","item":"https:\/\/www.marybakereddylibrary.org\/pt-br\/"},{"@type":"ListItem","position":2,"name":"Como A Igreja M\u00e3e respondeu aos atentados de 11 de setembro?"}]},{"@type":"WebSite","@id":"https:\/\/www.marybakereddylibrary.org\/pt-br\/#website","url":"https:\/\/www.marybakereddylibrary.org\/pt-br\/","name":"A Biblioteca Mary Baker Eddy","description":"","publisher":{"@id":"https:\/\/www.marybakereddylibrary.org\/pt-br\/#organization"},"potentialAction":[{"@type":"SearchAction","target":{"@type":"EntryPoint","urlTemplate":"https:\/\/www.marybakereddylibrary.org\/pt-br\/?s={search_term_string}"},"query-input":{"@type":"PropertyValueSpecification","valueRequired":true,"valueName":"search_term_string"}}],"inLanguage":"pt-BR"},{"@type":"Organization","@id":"https:\/\/www.marybakereddylibrary.org\/pt-br\/#organization","name":"The Mary Baker Eddy Library","url":"https:\/\/www.marybakereddylibrary.org\/pt-br\/","logo":{"@type":"ImageObject","inLanguage":"pt-BR","@id":"https:\/\/www.marybakereddylibrary.org\/pt-br\/#\/schema\/logo\/image\/","url":"https:\/\/www.marybakereddylibrary.org\/wp-content\/uploads\/2015\/03\/MBEL_logo_HR.jpg","contentUrl":"https:\/\/www.marybakereddylibrary.org\/wp-content\/uploads\/2015\/03\/MBEL_logo_HR.jpg","width":2100,"height":2100,"caption":"The Mary Baker Eddy Library"},"image":{"@id":"https:\/\/www.marybakereddylibrary.org\/pt-br\/#\/schema\/logo\/image\/"},"sameAs":["https:\/\/www.facebook.com\/mbelibrary","https:\/\/x.com\/mbelibrary","https:\/\/www.instagram.com\/mbelibrary"]},{"@type":"Person","@id":"https:\/\/www.marybakereddylibrary.org\/pt-br\/#\/schema\/person\/82abfd938c00bb8542667a796d4e449a","name":"The Mary Baker Eddy Library","image":{"@type":"ImageObject","inLanguage":"pt-BR","@id":"https:\/\/secure.gravatar.com\/avatar\/47a742fb4f6cc6ad0d0564fe6349235105346e31e12bacfbe4c85164ba549b72?s=96&d=mm&r=g","url":"https:\/\/secure.gravatar.com\/avatar\/47a742fb4f6cc6ad0d0564fe6349235105346e31e12bacfbe4c85164ba549b72?s=96&d=mm&r=g","contentUrl":"https:\/\/secure.gravatar.com\/avatar\/47a742fb4f6cc6ad0d0564fe6349235105346e31e12bacfbe4c85164ba549b72?s=96&d=mm&r=g","caption":"The Mary Baker Eddy Library"}}]}},"_links":{"self":[{"href":"https:\/\/www.marybakereddylibrary.org\/pt-br\/wp-json\/wp\/v2\/posts\/40341","targetHints":{"allow":["GET"]}}],"collection":[{"href":"https:\/\/www.marybakereddylibrary.org\/pt-br\/wp-json\/wp\/v2\/posts"}],"about":[{"href":"https:\/\/www.marybakereddylibrary.org\/pt-br\/wp-json\/wp\/v2\/types\/post"}],"author":[{"embeddable":true,"href":"https:\/\/www.marybakereddylibrary.org\/pt-br\/wp-json\/wp\/v2\/users\/44"}],"replies":[{"embeddable":true,"href":"https:\/\/www.marybakereddylibrary.org\/pt-br\/wp-json\/wp\/v2\/comments?post=40341"}],"version-history":[{"count":0,"href":"https:\/\/www.marybakereddylibrary.org\/pt-br\/wp-json\/wp\/v2\/posts\/40341\/revisions"}],"wp:featuredmedia":[{"embeddable":true,"href":"https:\/\/www.marybakereddylibrary.org\/pt-br\/wp-json\/wp\/v2\/media\/39555"}],"wp:attachment":[{"href":"https:\/\/www.marybakereddylibrary.org\/pt-br\/wp-json\/wp\/v2\/media?parent=40341"}],"wp:term":[{"taxonomy":"category","embeddable":true,"href":"https:\/\/www.marybakereddylibrary.org\/pt-br\/wp-json\/wp\/v2\/categories?post=40341"},{"taxonomy":"post_tag","embeddable":true,"href":"https:\/\/www.marybakereddylibrary.org\/pt-br\/wp-json\/wp\/v2\/tags?post=40341"}],"curies":[{"name":"wp","href":"https:\/\/api.w.org\/{rel}","templated":true}]}}