{"id":55423,"date":"2023-05-02T18:48:18","date_gmt":"2023-05-02T22:48:18","guid":{"rendered":"https:\/\/www.marybakereddylibrary.org\/?p=55423"},"modified":"2023-08-23T15:36:00","modified_gmt":"2023-08-23T19:36:00","slug":"o-que-disse-mary-baker-eddy-sobre-a-saude-mental","status":"publish","type":"post","link":"https:\/\/www.marybakereddylibrary.org\/pt-br\/research\/o-que-disse-mary-baker-eddy-sobre-a-saude-mental\/","title":{"rendered":"O que disse Mary Baker Eddy sobre a sa\u00fade mental?"},"content":{"rendered":"<div id=\"modal-ready\"><p>[et_pb_section fb_built=&#8221;1&#8243; fullwidth=&#8221;on&#8221; _builder_version=&#8221;4.16&#8243; global_colors_info=&#8221;{}&#8221;][et_pb_fullwidth_post_title author=&#8221;off&#8221; date_format=&#8221;j %92d%92e F %92d%92e Y&#8221; categories=&#8221;off&#8221; comments=&#8221;off&#8221; featured_image=&#8221;off&#8221; _builder_version=&#8221;4.16&#8243; z_index_tablet=&#8221;500&#8243; box_shadow_horizontal_tablet=&#8221;0px&#8221; box_shadow_vertical_tablet=&#8221;0px&#8221; box_shadow_blur_tablet=&#8221;40px&#8221; box_shadow_spread_tablet=&#8221;0px&#8221; global_colors_info=&#8221;{}&#8221;][\/et_pb_fullwidth_post_title][\/et_pb_section][et_pb_section fb_built=&#8221;1&#8243; _builder_version=&#8221;4.16&#8243; global_colors_info=&#8221;{}&#8221;][et_pb_row column_structure=&#8221;2_3,1_3&#8243; _builder_version=&#8221;4.16&#8243; background_size=&#8221;initial&#8221; background_position=&#8221;top_left&#8221; background_repeat=&#8221;repeat&#8221; global_colors_info=&#8221;{}&#8221;][et_pb_column type=&#8221;2_3&#8243; _builder_version=&#8221;4.16&#8243; custom_padding=&#8221;|||&#8221; global_colors_info=&#8221;{}&#8221; custom_padding__hover=&#8221;|||&#8221;][et_pb_image src=&#8221;https:\/\/www.marybakereddylibrary.org\/wp-content\/uploads\/2023\/05\/Portuguese-edit.jpg&#8221; alt=&#8221;Decorative image of an article in Fruitage in Science and Health with Key to the Scriptures&#8221; title_text=&#8221;Portuguese edit&#8221; admin_label=&#8221;Image&#8221; _builder_version=&#8221;4.18.0&#8243; _module_preset=&#8221;default&#8221; global_colors_info=&#8221;{}&#8221;][\/et_pb_image][et_pb_text _builder_version=&#8221;4.21.0&#8243; hover_enabled=&#8221;0&#8243; z_index_tablet=&#8221;500&#8243; global_colors_info=&#8221;{}&#8221; sticky_enabled=&#8221;0&#8243;]<\/p>\n<p><span style=\"font-weight: 400;\">Visto que ap\u00f3s a pandemia da COVID-19 tem se dado mais aten\u00e7\u00e3o \u00e0 sa\u00fade mental, n\u00f3s nos perguntamos como Mary Baker Eddy lidava com os problemas de bem-estar <span style=\"font-weight: 400;\">emocional, psicol\u00f3gico e social, dela e dos outros. Aqui est\u00e1 um pouco do que nossa pesquisa revelou.<\/span> <\/span><\/p>\n<p>\n<!--:fr-->\n<!--:-->\n<span style=\"font-weight: 400;\">A promessa de cura e al\u00edvio do sofrimento, inclusive em quest\u00f5es relacionadas \u00e0 sa\u00fade mental, atraiu pessoas para a Ci\u00eancia Crist\u00e3 desde seus prim\u00f3rdios. A obra principal da Sra. Eddy, <\/span><i><span style=\"font-weight: 400;\">Ci\u00eancia e Sa\u00fade com a Chave das Escrituras<\/span><\/i><span style=\"font-weight: 400;\"><em>,<\/em> inclui \u201cFrutos\u201d, um cap\u00edtulo composto de testemunhos escritos por leitores desse livro. Sob o t\u00edtulo \u201cSALVA DA LOUCURA E DO SUIC\u00cdDIO\u201d, uma entre esses leitores \u2014 \u201cE.J.B., Superior, Wis.\u201d \u2014 explicou: \u201cH\u00e1 alguns anos, quando me sentia envolta em trevas e em estado de desespero causado por m\u00e1 sa\u00fade e por infelicidade no lar, algu\u00e9m me emprestou o livro <em>Ci\u00eancia e Sa\u00fade<\/em> com a recomenda\u00e7\u00e3o de que o lesse\u201d. O relato continua explicando as transforma\u00e7\u00f5es positivas que vieram a ocorrer ao longo de v\u00e1rios anos.<\/span><span id='easy-footnote-1-55423' class='easy-footnote-margin-adjust'><\/span><span class='easy-footnote'><a href='https:\/\/www.marybakereddylibrary.org\/pt-br\/research\/o-que-disse-mary-baker-eddy-sobre-a-saude-mental\/#easy-footnote-bottom-1-55423' title='&lt;span style=&quot;font-weight: 400;&quot;&gt;Ver Mary Baker Eddy, &lt;i&gt;Ci\u00eancia e Sa\u00fade com a Chave das Escrituras &lt;\/i&gt;&lt;\/span&gt;&lt;span style=&quot;font-weight: 400;&quot;&gt;(Boston: The Christian Science Board of Directors), 635\u2013637. Esse testemunho, de Eva J. Bray, foi originalmente publicado na edi\u00e7\u00e3o de maio de 1904 &lt;\/span&gt;&lt;i&gt;&lt;span style=&quot;font-weight: 400;&quot;&gt;do The Christian Science Journal&lt;\/span&gt;&lt;\/i&gt;&lt;span style=&quot;font-weight: 400;&quot;&gt;, p\u00e1ginas 100\u2013101.'><sup>1<\/sup><\/a><\/span><\/span><\/p>\n<p><span style=\"font-weight: 400;\">A Ci\u00eancia Crist\u00e3, que a Sra. Eddy descobriu em 1866, ofereceu uma nova teoria para o tratamento, fundamentada na espiritualidade, a qual ela via que estava diretamente ligada \u00e0s curas de Jesus Cristo. Colocou suas ideias em pr\u00e1tica tratando pessoas por meio da ora\u00e7\u00e3o, inclusive em casos de grave dist\u00farbio mental. Por exemplo, em um serm\u00e3o de 1884, em Boston, ela relatou este encontro inusitado:<\/span><\/p>\n<blockquote>\n<p><span style=\"font-weight: 400;\">Conversei, na semana passada, com um senhor que havia fugido de um manic\u00f4mio, em 1868. Ele era um demente agressivo, e estava sendo procurado. Parou no local em que eu me hospedava, e uma mulher veio me buscar, e disse:<\/span><\/p>\n<p>&nbsp;<\/p>\n<p><span style=\"font-weight: 400;\">\u201cEstou quase morrendo de medo; venha comigo, por favor. Aqui est\u00e1 um louco amea\u00e7ando nossa vida. Minha filha fugiu, e eu vim chamar a senhora\u201d.<\/span><\/p>\n<p>&nbsp;<\/p>\n<p><span style=\"font-weight: 400;\">Fui com ela. Ele pegou uma cadeira e a levantou, mas eu olhei para o alto, ele largou a cadeira e perguntou se eu tinha algo a lhe dizer. Eu disse que sim, tudo sob o ponto de vista espiritual. A primeira coisa \u00e9 que tu n\u00e3o tens nenhuma doen\u00e7a no c\u00e9rebro; n\u00e3o precisarias ter estado em um manic\u00f4mio. Ent\u00e3o veio o conforto e o al\u00edvio, e o pobre demente caiu de joelhos diante de mim; estava curado. Eu o vi na semana passada, um homem saud\u00e1vel, casado, pai de fam\u00edlia. Depois disso, ele n\u00e3o voltou mais a apresentar insanidade.<\/span><span id='easy-footnote-2-55423' class='easy-footnote-margin-adjust'><\/span><span class='easy-footnote'><a href='https:\/\/www.marybakereddylibrary.org\/pt-br\/research\/o-que-disse-mary-baker-eddy-sobre-a-saude-mental\/#easy-footnote-bottom-2-55423' title='&lt;span style=&quot;font-weight: 400;&quot;&gt;Mary Baker Eddy, \u201c&lt;a href=&quot;https:\/\/mbepapers.org\/?load=A10088&quot; target=&quot;_blank&quot; rel=&quot;noopener&quot;&gt;Sermon by Mrs. Eddy, Nov. 16, 1884. (1st Peter 3 12.)&lt;\/a&gt;\u201d [Serm\u00e3o da Sra. Eddy, 16 de novembro de 1884. (1 Pedro 3 12.)], 16 de novembro de 1884, A10088.&lt;\/span&gt;'><sup>2<\/sup><\/a><\/span><\/p>\n<\/blockquote>\n<p><span style=\"font-weight: 400;\">Uma aluna da Sra. Eddy, Clara Shannon, lembrou uma experi\u00eancia que ocorreu posteriormente:<\/span><\/p>\n<blockquote>\n<p><span style=\"font-weight: 400;\">Um dia [em 1888 ou 1889], quando terminou de dar uma aula para a classe em que eu estava, ela me pediu para esperar at\u00e9 depois que os outros alunos tivessem sa\u00eddo, e, enquanto ela estava na sala de aula, na Avenida Columbus 571, um senhor veio v\u00ea-la, trazendo consigo a irm\u00e3, que precisava muito ser curada.<\/span><\/p>\n<p>&nbsp;<\/p>\n<p><span style=\"font-weight: 400;\">A Sra. Eddy os recebeu na porta do recinto e pediu ao senhor que esperasse no andar de baixo, enquanto ela conversava com a mo\u00e7a. A cren\u00e7a era de insanidade, e a mo\u00e7a parecia apavorada. Nossa L\u00edder me disse que a delus\u00e3o dela era de que uma serpente estava enrolada em seu corpo e a estava estrangulando. Fiquei espantada, observando o rosto da Sra. Eddy quando se virou e olhou para a mulher, que caiu no ch\u00e3o, gritando: \u201cEst\u00e1 me esmagando \u2014 est\u00e1 me matando!&#8221; Em sua comunh\u00e3o com Deus, nossa L\u00edder olhou para o alto, como se tivesse visto o rosto de um anjo. Rapidamente, ela disse para a mulher: \u201cEla se foi?\u201d Mas n\u00e3o houve resposta. A Sra. Eddy repetiu a pergunta, mas a mulher parecia ainda n\u00e3o ouvir. Ent\u00e3o a Sra. Eddy falou com autoridade, e perguntou: \u201cEla se <\/span><i><span style=\"font-weight: 400;\">foi<\/span><\/i><span style=\"font-weight: 400;\"><em>?<\/em>\u201d A pobre mulher olhou para cima, com todo o corpo ainda agitado e tr\u00eamulo, e respondeu: \u201cSim!\u201d Observei a express\u00e3o mudando no rosto dela, do medo para a <\/span><i><span style=\"font-weight: 400;\">paz e a alegria.<\/span><\/i><span style=\"font-weight: 400;\"> E, oh, a express\u00e3o de amor no rosto de nossa L\u00edder, quando ela olhou para baixo e fitou a mulher, estendeu os dois bra\u00e7os e a ergueu, dizendo: \u201cLevanta-te, querida!\u201d Ent\u00e3o, nossa querida professora abra\u00e7ou aquela pobre mulher e acariciou seu rosto, enquanto carinhosamente dizia a verdade para ela. Em seguida, a Sra. Eddy saiu da sala e conversou com o irm\u00e3o, que levou a mo\u00e7a para casa, e ent\u00e3o a Sra. Eddy me pediu que eu jantasse com ela e cantasse para ela. Durante a conversa, ela se voltou para mim e disse: \u201cViste o que aconteceu hoje com aquela mulher? Ora! Ela nunca mais sofrer\u00e1 de insanidade neste mundo\u201d. E n\u00e3o sofreu mais.<\/span><span id='easy-footnote-3-55423' class='easy-footnote-margin-adjust'><\/span><span class='easy-footnote'><a href='https:\/\/www.marybakereddylibrary.org\/pt-br\/research\/o-que-disse-mary-baker-eddy-sobre-a-saude-mental\/#easy-footnote-bottom-3-55423' title='&lt;span style=&quot;font-weight: 400;&quot;&gt;Clara Shannon, \u201cGolden Memories\u201d [\u00c1ureas mem\u00f3rias], &lt;i&gt; We Knew Mary Baker Eddy&lt;\/i&gt;&lt;\/span&gt;&lt;em&gt;&lt;span style=&quot;font-weight: 400;&quot;&gt;,&lt;\/span&gt;&lt;\/em&gt; &lt;span style=&quot;font-weight: 400;&quot;&gt;Expanded Edition&lt;\/span&gt;&lt;span style=&quot;font-weight: 400;&quot;&gt;,&lt;\/span&gt;&lt;span style=&quot;font-weight: 400;&quot;&gt; Volume&lt;\/span&gt;&lt;span style=&quot;font-weight: 400;&quot;&gt; II [Reminisc\u00eancias de pessoas que conheceram Mary Baker Eddy, Edi\u00e7\u00e3o Ampliada, Volume 2] (Boston: The Christian Science Publishing Society, 2013), 205\u2013206.'><sup>3<\/sup><\/a><\/span> <\/span><\/p>\n<\/blockquote>\n<p><span style=\"font-weight: 400;\">A Sra. Eddy enfrentou sua pr\u00f3pria dose de desafios durante sua longa vida, e a B\u00edblia foi uma constante ajuda para ela, durante os per\u00edodos de estresse, medo, doen\u00e7a e pesar. Entre as passagens que ela lia com frequ\u00eancia estava o Salmo 91, que come\u00e7a assim: \u201cO que habita no esconderijo do Alt\u00edssimo e descansa \u00e0 sombra do Onipotente diz ao Senhor: Meu ref\u00fagio e meu baluarte, Deus meu, em quem confio\u201d. Muitas vezes ela abria a B\u00edblia ao acaso em busca de orienta\u00e7\u00e3o, \u00e0s vezes anotando na margem a data e a necessidade naquele momento.<\/span><\/p>\n<p><span style=\"font-weight: 400;\">Passou por um per\u00edodo particularmente dif\u00edcil ap\u00f3s o falecimento de seu terceiro marido, Asa Gilbert Eddy, em 1882. Como costumava fazer, quando precisava, a Sra. Eddy pediu ajuda a seus alunos e amigos. De acordo com o bi\u00f3grafo Robert Peel, logo ap\u00f3s o falecimento de Gilbert Eddy, \u201cDelia Manley estava sozinha no corredor, quando a Sra. Eddy desceu as escadas, colocou a cabe\u00e7a no ombro dela e chorou. \u2018Sinto que h\u00e1 algo em teu cora\u00e7\u00e3o\u2019, ela disse em confid\u00eancia, &#8216;que vai entender o que est\u00e1 no meu.\u2019 \u2019\u2019<\/span><span id='easy-footnote-4-55423' class='easy-footnote-margin-adjust'><\/span><span class='easy-footnote'><a href='https:\/\/www.marybakereddylibrary.org\/pt-br\/research\/o-que-disse-mary-baker-eddy-sobre-a-saude-mental\/#easy-footnote-bottom-4-55423' title='&lt;span style=&quot;font-weight: 400;&quot;&gt;Robert Peel, &lt;\/span&gt;&lt;i&gt;&lt;span style=&quot;font-weight: 400;&quot;&gt;Mary Baker Eddy: The Years of Trial&lt;\/span&gt;&lt;\/i&gt;&lt;span style=&quot;font-weight: 400;&quot;&gt; [Mary Baker Eddy: Os anos de prova\u00e7\u00e3o] (&lt;\/span&gt;&lt;span style=&quot;font-weight: 400;&quot;&gt;Boston: Holt, Rinehart and Winston, 1971), 116.'><sup>4<\/sup><\/a><\/span><\/span><\/p>\n<p><span style=\"font-weight: 400;\">A Sra. Eddy \u00e0s vezes expressava seus sentimentos por meio da poesia, quando sua caneta era uma v\u00e1lvula de escape. Um exemplo comovente disso est\u00e1 relatado em um artigo no site dA Biblioteca Mary Baker Eddy: \u201c<a href=\"https:\/\/www.marybakereddylibrary.org\/research\/how-did-mary-baker-eddy-approach-times-of-isolation\/\" target=\"_blank\" rel=\"noopener\">How did Eddy approach times of isolation?<\/a>\u201d [<\/span><span style=\"font-weight: 400;\">Como a Sra. Eddy enfrentava os momentos de isolamento?]<\/span><\/p>\n<p><span style=\"font-weight: 400;\"><span style=\"font-weight: 400;\">Al\u00e9m de ela pr\u00f3pria escrever, a Sra. Eddy estimulava seus seguidores a escrever para as revistas que ela fundou. Ao longo de d\u00e9cadas, todas as revistas, <\/span><i><span style=\"font-weight: 400;\">The Christian Science Journal<\/span><\/i><span style=\"font-weight: 400;\"><em>,<\/em> o <\/span><i><span style=\"font-weight: 400;\">Christian Science Sentinel<\/span><\/i><span style=\"font-weight: 400;\"> e <\/span><i><span style=\"font-weight: 400;\">O Arauto da Ci\u00eancia Crist\u00e3<\/span><\/i><em><span style=\"font-weight: 400;\">, <\/span><\/em><span style=\"font-weight: 400;\">inclu\u00edram relatos relacionados \u00e0 sa\u00fade mental.<\/span><span id='easy-footnote-5-55423' class='easy-footnote-margin-adjust'><\/span><span class='easy-footnote'><a href='https:\/\/www.marybakereddylibrary.org\/pt-br\/research\/o-que-disse-mary-baker-eddy-sobre-a-saude-mental\/#easy-footnote-bottom-5-55423' title='&lt;span style=&quot;font-weight: 400;&quot;&gt;Para acessar artigos e testemunhos das publica\u00e7\u00f5es dA Sociedade Editora da Ci\u00eancia Crist\u00e3, visite &lt;\/span&gt;&lt;\/span&gt;&lt;span style=&quot;font-weight: 400;&quot;&gt;&lt;a href=&quot;https:\/\/jsh.christianscience.com\/&quot; target=&quot;_blank&quot; rel=&quot;noopener&quot;&gt;jsh-online.com&lt;\/a&gt;.'><sup>5<\/sup><\/a><\/span><\/span><span style=\"font-weight: 400;\"> O jornal que ela fundou em 1908, <\/span><em><span style=\"font-weight: 400;\">The Christian Science Monitor<\/span><\/em><span style=\"font-weight: 400;\"><em>,<\/em> oferece reportagens substanciais sobre essas quest\u00f5es. <\/span><span style=\"font-weight: 400;\">Ou\u00e7a<\/span><span style=\"font-weight: 400;\">, por exemplo, <\/span><span style=\"font-weight: 400;\"><a href=\"https:\/\/www.csmonitor.com\/Podcasts\/Rethinking-the-News\/rtn_ep_40\" target=\"_blank\" rel=\"noopener\">este <em>podcast<\/em><\/a> de 2021 (somente em ingl\u00eas).<\/span><\/p>\n<hr \/>\n<p><em>Esse blog tamb\u00e9m pode ser lido neste site em <a href=\"https:\/\/www.marybakereddylibrary.org\/de\/research\/wie-aeusserte-sich-Mary-Baker-Eddy-ueber-geistige-Gesundheit\" target=\"_blank\" rel=\"noopener\">alem\u00e3o<\/a>,\u00a0<a href=\"https:\/\/www.marybakereddylibrary.org\/es\/research\/que-dijo-mary-baker-eddy-acerca-de-la-salud-mental\/\" target=\"_blank\" rel=\"noopener\">espanhol<\/a>,\u00a0<a href=\"https:\/\/www.marybakereddylibrary.org\/fr\/research\/que-dit-mary-baker-eddy-a-propos-de-la-sante-mentale\/\" target=\"_blank\" rel=\"noopener\">franc\u00eas<\/a>\u00a0e\u00a0<a href=\"https:\/\/www.marybakereddylibrary.org\/research\/what-did-eddy-say-about-mental-health\/\" target=\"_blank\" rel=\"noopener\">ingl\u00eas<\/a>.<\/em><\/p>\n<p>[\/et_pb_text][\/et_pb_column][et_pb_column type=&#8221;1_3&#8243; _builder_version=&#8221;4.16&#8243; custom_padding=&#8221;|||&#8221; global_colors_info=&#8221;{}&#8221; custom_padding__hover=&#8221;|||&#8221;][et_pb_sidebar area=&#8221;et_pb_widget_area_3&#8243; _builder_version=&#8221;4.16&#8243; z_index_tablet=&#8221;500&#8243; global_colors_info=&#8221;{}&#8221;][\/et_pb_sidebar][\/et_pb_column][\/et_pb_row][\/et_pb_section]<\/p>\n<\/div>","protected":false},"excerpt":{"rendered":"<p>Leia como ela enfrentava os problemas de bem-estar emocional e social, dela e dos outros.<\/p>","protected":false},"author":24,"featured_media":56357,"comment_status":"closed","ping_status":"closed","sticky":false,"template":"","format":"standard","meta":{"_et_pb_use_builder":"on","_et_pb_old_content":"","_et_gb_content_width":"","_oasis_is_in_workflow":0,"_oasis_original":0,"_oasis_task_priority":"2normal","_relevanssi_hide_post":"","_relevanssi_hide_content":"","_relevanssi_pin_for_all":"","_relevanssi_pin_keywords":"","_relevanssi_unpin_keywords":"","_relevanssi_related_keywords":"","_relevanssi_related_include_ids":"","_relevanssi_related_exclude_ids":"","_relevanssi_related_no_append":"","_relevanssi_related_not_related":"","_relevanssi_related_posts":"","_relevanssi_noindex_reason":"","inline_featured_image":false,"episode_type":"","audio_file":"","podmotor_file_id":"","podmotor_episode_id":"","cover_image":"","cover_image_id":"","duration":"","filesize":"","filesize_raw":"","date_recorded":"","explicit":"","block":"","itunes_episode_number":"","itunes_title":"","itunes_season_number":"","itunes_episode_type":"","footnotes":""},"categories":[184],"tags":[],"class_list":["post-55423","post","type-post","status-publish","format-standard","has-post-thumbnail","hentry","category-pergunte-a-um-pesquisador"],"yoast_head":"<!-- This site is optimized with the Yoast SEO plugin v27.5 - https:\/\/yoast.com\/product\/yoast-seo-wordpress\/ -->\n<title>O que disse Mary Baker Eddy sobre a sa\u00fade mental? - A Biblioteca Mary Baker Eddy<\/title>\n<meta name=\"description\" content=\"Leia como ela enfrentava os problemas de bem-estar emocional e social, dela e dos outros.\" \/>\n<meta name=\"robots\" content=\"index, follow, max-snippet:-1, max-image-preview:large, max-video-preview:-1\" \/>\n<link rel=\"canonical\" href=\"https:\/\/www.marybakereddylibrary.org\/pt-br\/research\/o-que-disse-mary-baker-eddy-sobre-a-saude-mental\/\" \/>\n<meta property=\"og:locale\" content=\"pt_BR\" \/>\n<meta property=\"og:type\" content=\"article\" \/>\n<meta property=\"og:title\" content=\"O que disse Mary Baker Eddy sobre a sa\u00fade mental? - A Biblioteca Mary Baker Eddy\" \/>\n<meta property=\"og:description\" content=\"Leia como ela enfrentava os problemas de bem-estar emocional e social, dela e dos outros.\" \/>\n<meta property=\"og:url\" content=\"https:\/\/www.marybakereddylibrary.org\/pt-br\/research\/o-que-disse-mary-baker-eddy-sobre-a-saude-mental\/\" \/>\n<meta property=\"og:site_name\" content=\"A Biblioteca Mary Baker Eddy\" \/>\n<meta property=\"article:publisher\" content=\"https:\/\/www.facebook.com\/mbelibrary\" \/>\n<meta property=\"article:published_time\" content=\"2023-05-02T22:48:18+00:00\" \/>\n<meta property=\"article:modified_time\" content=\"2023-08-23T19:36:00+00:00\" \/>\n<meta property=\"og:image\" content=\"https:\/\/www.marybakereddylibrary.org\/wp-content\/uploads\/2021\/05\/Secret-Garden-book-cover-Crop_1021x720px.jpg\" \/>\n\t<meta property=\"og:image:width\" content=\"1042\" \/>\n\t<meta property=\"og:image:height\" content=\"651\" \/>\n\t<meta property=\"og:image:type\" content=\"image\/jpeg\" \/>\n<meta name=\"author\" content=\"Jeremy Jarvis\" \/>\n<meta name=\"twitter:label1\" content=\"Escrito por\" \/>\n\t<meta name=\"twitter:data1\" content=\"Jeremy Jarvis\" \/>\n\t<meta name=\"twitter:label2\" content=\"Est. tempo de leitura\" \/>\n\t<meta name=\"twitter:data2\" content=\"4 minutos\" \/>\n<script type=\"application\/ld+json\" class=\"yoast-schema-graph\">{\"@context\":\"https:\\\/\\\/schema.org\",\"@graph\":[{\"@type\":\"Article\",\"@id\":\"https:\\\/\\\/www.marybakereddylibrary.org\\\/pt-br\\\/research\\\/o-que-disse-mary-baker-eddy-sobre-a-saude-mental\\\/#article\",\"isPartOf\":{\"@id\":\"https:\\\/\\\/www.marybakereddylibrary.org\\\/pt-br\\\/research\\\/o-que-disse-mary-baker-eddy-sobre-a-saude-mental\\\/\"},\"author\":{\"name\":\"Jeremy Jarvis\",\"@id\":\"https:\\\/\\\/www.marybakereddylibrary.org\\\/pt-br\\\/#\\\/schema\\\/person\\\/a693749f25f4b25c4a61ee0aad0df062\"},\"headline\":\"O que disse Mary Baker Eddy sobre a sa\u00fade mental?\",\"datePublished\":\"2023-05-02T22:48:18+00:00\",\"dateModified\":\"2023-08-23T19:36:00+00:00\",\"mainEntityOfPage\":{\"@id\":\"https:\\\/\\\/www.marybakereddylibrary.org\\\/pt-br\\\/research\\\/o-que-disse-mary-baker-eddy-sobre-a-saude-mental\\\/\"},\"wordCount\":1550,\"publisher\":{\"@id\":\"https:\\\/\\\/www.marybakereddylibrary.org\\\/pt-br\\\/#organization\"},\"image\":{\"@id\":\"https:\\\/\\\/www.marybakereddylibrary.org\\\/pt-br\\\/research\\\/o-que-disse-mary-baker-eddy-sobre-a-saude-mental\\\/#primaryimage\"},\"thumbnailUrl\":\"https:\\\/\\\/www.marybakereddylibrary.org\\\/wp-content\\\/uploads\\\/2023\\\/05\\\/Portuguese-edit.jpg\",\"articleSection\":[\"Pergunte a um pesquisador\"],\"inLanguage\":\"pt-BR\"},{\"@type\":\"WebPage\",\"@id\":\"https:\\\/\\\/www.marybakereddylibrary.org\\\/pt-br\\\/research\\\/o-que-disse-mary-baker-eddy-sobre-a-saude-mental\\\/\",\"url\":\"https:\\\/\\\/www.marybakereddylibrary.org\\\/pt-br\\\/research\\\/o-que-disse-mary-baker-eddy-sobre-a-saude-mental\\\/\",\"name\":\"O que disse Mary Baker Eddy sobre a sa\u00fade mental? - A Biblioteca Mary Baker Eddy\",\"isPartOf\":{\"@id\":\"https:\\\/\\\/www.marybakereddylibrary.org\\\/pt-br\\\/#website\"},\"primaryImageOfPage\":{\"@id\":\"https:\\\/\\\/www.marybakereddylibrary.org\\\/pt-br\\\/research\\\/o-que-disse-mary-baker-eddy-sobre-a-saude-mental\\\/#primaryimage\"},\"image\":{\"@id\":\"https:\\\/\\\/www.marybakereddylibrary.org\\\/pt-br\\\/research\\\/o-que-disse-mary-baker-eddy-sobre-a-saude-mental\\\/#primaryimage\"},\"thumbnailUrl\":\"https:\\\/\\\/www.marybakereddylibrary.org\\\/wp-content\\\/uploads\\\/2023\\\/05\\\/Portuguese-edit.jpg\",\"datePublished\":\"2023-05-02T22:48:18+00:00\",\"dateModified\":\"2023-08-23T19:36:00+00:00\",\"description\":\"Leia como ela enfrentava os problemas de bem-estar emocional e social, dela e dos outros.\",\"breadcrumb\":{\"@id\":\"https:\\\/\\\/www.marybakereddylibrary.org\\\/pt-br\\\/research\\\/o-que-disse-mary-baker-eddy-sobre-a-saude-mental\\\/#breadcrumb\"},\"inLanguage\":\"pt-BR\",\"potentialAction\":[{\"@type\":\"ReadAction\",\"target\":[\"https:\\\/\\\/www.marybakereddylibrary.org\\\/pt-br\\\/research\\\/o-que-disse-mary-baker-eddy-sobre-a-saude-mental\\\/\"]}]},{\"@type\":\"ImageObject\",\"inLanguage\":\"pt-BR\",\"@id\":\"https:\\\/\\\/www.marybakereddylibrary.org\\\/pt-br\\\/research\\\/o-que-disse-mary-baker-eddy-sobre-a-saude-mental\\\/#primaryimage\",\"url\":\"https:\\\/\\\/www.marybakereddylibrary.org\\\/wp-content\\\/uploads\\\/2023\\\/05\\\/Portuguese-edit.jpg\",\"contentUrl\":\"https:\\\/\\\/www.marybakereddylibrary.org\\\/wp-content\\\/uploads\\\/2023\\\/05\\\/Portuguese-edit.jpg\",\"width\":1200,\"height\":750},{\"@type\":\"BreadcrumbList\",\"@id\":\"https:\\\/\\\/www.marybakereddylibrary.org\\\/pt-br\\\/research\\\/o-que-disse-mary-baker-eddy-sobre-a-saude-mental\\\/#breadcrumb\",\"itemListElement\":[{\"@type\":\"ListItem\",\"position\":1,\"name\":\"Home\",\"item\":\"https:\\\/\\\/www.marybakereddylibrary.org\\\/pt-br\\\/\"},{\"@type\":\"ListItem\",\"position\":2,\"name\":\"O que disse Mary Baker Eddy sobre a sa\u00fade mental?\"}]},{\"@type\":\"WebSite\",\"@id\":\"https:\\\/\\\/www.marybakereddylibrary.org\\\/pt-br\\\/#website\",\"url\":\"https:\\\/\\\/www.marybakereddylibrary.org\\\/pt-br\\\/\",\"name\":\"A Biblioteca Mary Baker Eddy\",\"description\":\"\",\"publisher\":{\"@id\":\"https:\\\/\\\/www.marybakereddylibrary.org\\\/pt-br\\\/#organization\"},\"potentialAction\":[{\"@type\":\"SearchAction\",\"target\":{\"@type\":\"EntryPoint\",\"urlTemplate\":\"https:\\\/\\\/www.marybakereddylibrary.org\\\/pt-br\\\/?s={search_term_string}\"},\"query-input\":{\"@type\":\"PropertyValueSpecification\",\"valueRequired\":true,\"valueName\":\"search_term_string\"}}],\"inLanguage\":\"pt-BR\"},{\"@type\":\"Organization\",\"@id\":\"https:\\\/\\\/www.marybakereddylibrary.org\\\/pt-br\\\/#organization\",\"name\":\"The Mary Baker Eddy Library\",\"url\":\"https:\\\/\\\/www.marybakereddylibrary.org\\\/pt-br\\\/\",\"logo\":{\"@type\":\"ImageObject\",\"inLanguage\":\"pt-BR\",\"@id\":\"https:\\\/\\\/www.marybakereddylibrary.org\\\/pt-br\\\/#\\\/schema\\\/logo\\\/image\\\/\",\"url\":\"https:\\\/\\\/www.marybakereddylibrary.org\\\/wp-content\\\/uploads\\\/2015\\\/03\\\/MBEL_logo_HR.jpg\",\"contentUrl\":\"https:\\\/\\\/www.marybakereddylibrary.org\\\/wp-content\\\/uploads\\\/2015\\\/03\\\/MBEL_logo_HR.jpg\",\"width\":2100,\"height\":2100,\"caption\":\"The Mary Baker Eddy Library\"},\"image\":{\"@id\":\"https:\\\/\\\/www.marybakereddylibrary.org\\\/pt-br\\\/#\\\/schema\\\/logo\\\/image\\\/\"},\"sameAs\":[\"https:\\\/\\\/www.facebook.com\\\/mbelibrary\",\"https:\\\/\\\/x.com\\\/mbelibrary\",\"https:\\\/\\\/www.instagram.com\\\/mbelibrary\"]},{\"@type\":\"Person\",\"@id\":\"https:\\\/\\\/www.marybakereddylibrary.org\\\/pt-br\\\/#\\\/schema\\\/person\\\/a693749f25f4b25c4a61ee0aad0df062\",\"name\":\"Jeremy Jarvis\",\"image\":{\"@type\":\"ImageObject\",\"inLanguage\":\"pt-BR\",\"@id\":\"https:\\\/\\\/secure.gravatar.com\\\/avatar\\\/2339a6ab98459f432716fbd7529f91cebda1beffbde400d13cdb4d7b61f95d5c?s=96&d=mm&r=g\",\"url\":\"https:\\\/\\\/secure.gravatar.com\\\/avatar\\\/2339a6ab98459f432716fbd7529f91cebda1beffbde400d13cdb4d7b61f95d5c?s=96&d=mm&r=g\",\"contentUrl\":\"https:\\\/\\\/secure.gravatar.com\\\/avatar\\\/2339a6ab98459f432716fbd7529f91cebda1beffbde400d13cdb4d7b61f95d5c?s=96&d=mm&r=g\",\"caption\":\"Jeremy Jarvis\"}}]}<\/script>\n<!-- \/ Yoast SEO plugin. -->","yoast_head_json":{"title":"O que disse Mary Baker Eddy sobre a sa\u00fade mental? - A Biblioteca Mary Baker Eddy","description":"Leia como ela enfrentava os problemas de bem-estar emocional e social, dela e dos outros.","robots":{"index":"index","follow":"follow","max-snippet":"max-snippet:-1","max-image-preview":"max-image-preview:large","max-video-preview":"max-video-preview:-1"},"canonical":"https:\/\/www.marybakereddylibrary.org\/pt-br\/research\/o-que-disse-mary-baker-eddy-sobre-a-saude-mental\/","og_locale":"pt_BR","og_type":"article","og_title":"O que disse Mary Baker Eddy sobre a sa\u00fade mental? - A Biblioteca Mary Baker Eddy","og_description":"Leia como ela enfrentava os problemas de bem-estar emocional e social, dela e dos outros.","og_url":"https:\/\/www.marybakereddylibrary.org\/pt-br\/research\/o-que-disse-mary-baker-eddy-sobre-a-saude-mental\/","og_site_name":"A Biblioteca Mary Baker Eddy","article_publisher":"https:\/\/www.facebook.com\/mbelibrary","article_published_time":"2023-05-02T22:48:18+00:00","article_modified_time":"2023-08-23T19:36:00+00:00","og_image":[{"width":1042,"height":651,"url":"https:\/\/www.marybakereddylibrary.org\/wp-content\/uploads\/2021\/05\/Secret-Garden-book-cover-Crop_1021x720px.jpg","type":"image\/jpeg"}],"author":"Jeremy Jarvis","twitter_misc":{"Escrito por":"Jeremy Jarvis","Est. tempo de leitura":"4 minutos"},"schema":{"@context":"https:\/\/schema.org","@graph":[{"@type":"Article","@id":"https:\/\/www.marybakereddylibrary.org\/pt-br\/research\/o-que-disse-mary-baker-eddy-sobre-a-saude-mental\/#article","isPartOf":{"@id":"https:\/\/www.marybakereddylibrary.org\/pt-br\/research\/o-que-disse-mary-baker-eddy-sobre-a-saude-mental\/"},"author":{"name":"Jeremy Jarvis","@id":"https:\/\/www.marybakereddylibrary.org\/pt-br\/#\/schema\/person\/a693749f25f4b25c4a61ee0aad0df062"},"headline":"O que disse Mary Baker Eddy sobre a sa\u00fade mental?","datePublished":"2023-05-02T22:48:18+00:00","dateModified":"2023-08-23T19:36:00+00:00","mainEntityOfPage":{"@id":"https:\/\/www.marybakereddylibrary.org\/pt-br\/research\/o-que-disse-mary-baker-eddy-sobre-a-saude-mental\/"},"wordCount":1550,"publisher":{"@id":"https:\/\/www.marybakereddylibrary.org\/pt-br\/#organization"},"image":{"@id":"https:\/\/www.marybakereddylibrary.org\/pt-br\/research\/o-que-disse-mary-baker-eddy-sobre-a-saude-mental\/#primaryimage"},"thumbnailUrl":"https:\/\/www.marybakereddylibrary.org\/wp-content\/uploads\/2023\/05\/Portuguese-edit.jpg","articleSection":["Pergunte a um pesquisador"],"inLanguage":"pt-BR"},{"@type":"WebPage","@id":"https:\/\/www.marybakereddylibrary.org\/pt-br\/research\/o-que-disse-mary-baker-eddy-sobre-a-saude-mental\/","url":"https:\/\/www.marybakereddylibrary.org\/pt-br\/research\/o-que-disse-mary-baker-eddy-sobre-a-saude-mental\/","name":"O que disse Mary Baker Eddy sobre a sa\u00fade mental? - A Biblioteca Mary Baker Eddy","isPartOf":{"@id":"https:\/\/www.marybakereddylibrary.org\/pt-br\/#website"},"primaryImageOfPage":{"@id":"https:\/\/www.marybakereddylibrary.org\/pt-br\/research\/o-que-disse-mary-baker-eddy-sobre-a-saude-mental\/#primaryimage"},"image":{"@id":"https:\/\/www.marybakereddylibrary.org\/pt-br\/research\/o-que-disse-mary-baker-eddy-sobre-a-saude-mental\/#primaryimage"},"thumbnailUrl":"https:\/\/www.marybakereddylibrary.org\/wp-content\/uploads\/2023\/05\/Portuguese-edit.jpg","datePublished":"2023-05-02T22:48:18+00:00","dateModified":"2023-08-23T19:36:00+00:00","description":"Leia como ela enfrentava os problemas de bem-estar emocional e social, dela e dos outros.","breadcrumb":{"@id":"https:\/\/www.marybakereddylibrary.org\/pt-br\/research\/o-que-disse-mary-baker-eddy-sobre-a-saude-mental\/#breadcrumb"},"inLanguage":"pt-BR","potentialAction":[{"@type":"ReadAction","target":["https:\/\/www.marybakereddylibrary.org\/pt-br\/research\/o-que-disse-mary-baker-eddy-sobre-a-saude-mental\/"]}]},{"@type":"ImageObject","inLanguage":"pt-BR","@id":"https:\/\/www.marybakereddylibrary.org\/pt-br\/research\/o-que-disse-mary-baker-eddy-sobre-a-saude-mental\/#primaryimage","url":"https:\/\/www.marybakereddylibrary.org\/wp-content\/uploads\/2023\/05\/Portuguese-edit.jpg","contentUrl":"https:\/\/www.marybakereddylibrary.org\/wp-content\/uploads\/2023\/05\/Portuguese-edit.jpg","width":1200,"height":750},{"@type":"BreadcrumbList","@id":"https:\/\/www.marybakereddylibrary.org\/pt-br\/research\/o-que-disse-mary-baker-eddy-sobre-a-saude-mental\/#breadcrumb","itemListElement":[{"@type":"ListItem","position":1,"name":"Home","item":"https:\/\/www.marybakereddylibrary.org\/pt-br\/"},{"@type":"ListItem","position":2,"name":"O que disse Mary Baker Eddy sobre a sa\u00fade mental?"}]},{"@type":"WebSite","@id":"https:\/\/www.marybakereddylibrary.org\/pt-br\/#website","url":"https:\/\/www.marybakereddylibrary.org\/pt-br\/","name":"A Biblioteca Mary Baker Eddy","description":"","publisher":{"@id":"https:\/\/www.marybakereddylibrary.org\/pt-br\/#organization"},"potentialAction":[{"@type":"SearchAction","target":{"@type":"EntryPoint","urlTemplate":"https:\/\/www.marybakereddylibrary.org\/pt-br\/?s={search_term_string}"},"query-input":{"@type":"PropertyValueSpecification","valueRequired":true,"valueName":"search_term_string"}}],"inLanguage":"pt-BR"},{"@type":"Organization","@id":"https:\/\/www.marybakereddylibrary.org\/pt-br\/#organization","name":"The Mary Baker Eddy Library","url":"https:\/\/www.marybakereddylibrary.org\/pt-br\/","logo":{"@type":"ImageObject","inLanguage":"pt-BR","@id":"https:\/\/www.marybakereddylibrary.org\/pt-br\/#\/schema\/logo\/image\/","url":"https:\/\/www.marybakereddylibrary.org\/wp-content\/uploads\/2015\/03\/MBEL_logo_HR.jpg","contentUrl":"https:\/\/www.marybakereddylibrary.org\/wp-content\/uploads\/2015\/03\/MBEL_logo_HR.jpg","width":2100,"height":2100,"caption":"The Mary Baker Eddy Library"},"image":{"@id":"https:\/\/www.marybakereddylibrary.org\/pt-br\/#\/schema\/logo\/image\/"},"sameAs":["https:\/\/www.facebook.com\/mbelibrary","https:\/\/x.com\/mbelibrary","https:\/\/www.instagram.com\/mbelibrary"]},{"@type":"Person","@id":"https:\/\/www.marybakereddylibrary.org\/pt-br\/#\/schema\/person\/a693749f25f4b25c4a61ee0aad0df062","name":"Jeremy Jarvis","image":{"@type":"ImageObject","inLanguage":"pt-BR","@id":"https:\/\/secure.gravatar.com\/avatar\/2339a6ab98459f432716fbd7529f91cebda1beffbde400d13cdb4d7b61f95d5c?s=96&d=mm&r=g","url":"https:\/\/secure.gravatar.com\/avatar\/2339a6ab98459f432716fbd7529f91cebda1beffbde400d13cdb4d7b61f95d5c?s=96&d=mm&r=g","contentUrl":"https:\/\/secure.gravatar.com\/avatar\/2339a6ab98459f432716fbd7529f91cebda1beffbde400d13cdb4d7b61f95d5c?s=96&d=mm&r=g","caption":"Jeremy Jarvis"}}]}},"_links":{"self":[{"href":"https:\/\/www.marybakereddylibrary.org\/pt-br\/wp-json\/wp\/v2\/posts\/55423","targetHints":{"allow":["GET"]}}],"collection":[{"href":"https:\/\/www.marybakereddylibrary.org\/pt-br\/wp-json\/wp\/v2\/posts"}],"about":[{"href":"https:\/\/www.marybakereddylibrary.org\/pt-br\/wp-json\/wp\/v2\/types\/post"}],"author":[{"embeddable":true,"href":"https:\/\/www.marybakereddylibrary.org\/pt-br\/wp-json\/wp\/v2\/users\/24"}],"replies":[{"embeddable":true,"href":"https:\/\/www.marybakereddylibrary.org\/pt-br\/wp-json\/wp\/v2\/comments?post=55423"}],"version-history":[{"count":0,"href":"https:\/\/www.marybakereddylibrary.org\/pt-br\/wp-json\/wp\/v2\/posts\/55423\/revisions"}],"wp:featuredmedia":[{"embeddable":true,"href":"https:\/\/www.marybakereddylibrary.org\/pt-br\/wp-json\/wp\/v2\/media\/56357"}],"wp:attachment":[{"href":"https:\/\/www.marybakereddylibrary.org\/pt-br\/wp-json\/wp\/v2\/media?parent=55423"}],"wp:term":[{"taxonomy":"category","embeddable":true,"href":"https:\/\/www.marybakereddylibrary.org\/pt-br\/wp-json\/wp\/v2\/categories?post=55423"},{"taxonomy":"post_tag","embeddable":true,"href":"https:\/\/www.marybakereddylibrary.org\/pt-br\/wp-json\/wp\/v2\/tags?post=55423"}],"curies":[{"name":"wp","href":"https:\/\/api.w.org\/{rel}","templated":true}]}}