{"id":64750,"date":"2024-02-08T08:56:07","date_gmt":"2024-02-08T13:56:07","guid":{"rendered":"https:\/\/www.marybakereddylibrary.org\/?p=64750"},"modified":"2024-01-25T16:47:05","modified_gmt":"2024-01-25T21:47:05","slug":"foi-mary-baker-eddy-quem-escreveu-dia","status":"publish","type":"post","link":"https:\/\/www.marybakereddylibrary.org\/pt-br\/research\/foi-mary-baker-eddy-quem-escreveu-dia\/","title":{"rendered":"Foi Mary Baker Eddy quem escreveu \u201cDia\u201d?"},"content":{"rendered":"<div id=\"modal-ready\"><p>[et_pb_section fb_built=&#8221;1&#8243; fullwidth=&#8221;on&#8221; _builder_version=&#8221;4.16&#8243; global_colors_info=&#8221;{}&#8221;][et_pb_fullwidth_post_title author=&#8221;off&#8221; date_format=&#8221;j %92d%92e F %92d%92e Y&#8221; categories=&#8221;off&#8221; comments=&#8221;off&#8221; featured_image=&#8221;off&#8221; _builder_version=&#8221;4.16&#8243; z_index_tablet=&#8221;500&#8243; box_shadow_horizontal_tablet=&#8221;0px&#8221; box_shadow_vertical_tablet=&#8221;0px&#8221; box_shadow_blur_tablet=&#8221;40px&#8221; box_shadow_spread_tablet=&#8221;0px&#8221; global_colors_info=&#8221;{}&#8221;][\/et_pb_fullwidth_post_title][\/et_pb_section][et_pb_section fb_built=&#8221;1&#8243; _builder_version=&#8221;4.16&#8243; global_colors_info=&#8221;{}&#8221;][et_pb_row column_structure=&#8221;2_3,1_3&#8243; _builder_version=&#8221;4.16&#8243; background_size=&#8221;initial&#8221; background_position=&#8221;top_left&#8221; background_repeat=&#8221;repeat&#8221; global_colors_info=&#8221;{}&#8221;][et_pb_column type=&#8221;2_3&#8243; _builder_version=&#8221;4.16&#8243; custom_padding=&#8221;|||&#8221; global_colors_info=&#8221;{}&#8221; custom_padding__hover=&#8221;|||&#8221;][et_pb_text _builder_version=&#8221;4.21.0&#8243; z_index_tablet=&#8221;500&#8243; global_colors_info=&#8221;{}&#8221;]<\/p>\n<p>\n<!--:fr-->\n<!--:-->\nCom frequ\u00eancia recebemos perguntas sobre um artigo intitulado \u201cDia\u201d. Ele come\u00e7a assim: \u201cQuando acordas de manh\u00e3 \u2014 deves entender e repetir \u2014 com compreens\u00e3o e de imediato \u2014 \u2018H\u00e1 apenas uma \u00fanica Mente\u2019 \u201d. Embora Mary Baker Eddy n\u00e3o seja a autora desse manuscrito, descobrimos algo sobre esse texto por meio de nossa pesquisa.<\/p>\n<p>O conte\u00fado foi extra\u00eddo de Bicknell Young, um dos primeiros praticistas e professores da Ci\u00eancia Crist\u00e3, que integrou o Quadro de Conferencistas dA Primeira Igreja de Cristo, Cientista. Em 1933, a Diretoria da Ci\u00eancia Crist\u00e3 escreveu a Young, perguntando-lhe sobre um manuscrito intitulado \u201cDia\u201d. A autoria desse manuscrito fora atribu\u00edda a ele, e estava circulando entre os Cientistas Crist\u00e3os.<\/p>\n<p>Young respondeu:<\/p>\n<blockquote>\n<p>&#8230;seja-me permitido dizer que eu sou o autor da ess\u00eancia do manuscrito \u201cDia\u201d que v\u00f3s anexastes, e que devolvo aqui.<\/p>\n<p>Para explicar melhor, devo acrescentar que as observa\u00e7\u00f5es que este manuscrito registra, de uma maneira um tanto inadequada, foram feitas em uma reuni\u00e3o da Associa\u00e7\u00e3o de meus alunos, h\u00e1 cerca de cinco anos. Lamento profundamente que estas e outras anota\u00e7\u00f5es tenham circulado amplamente em todo o campo, e fiz o melhor que pude para dar um fim a isso.<span id='easy-footnote-1-64750' class='easy-footnote-margin-adjust'><\/span><span class='easy-footnote'><a href='https:\/\/www.marybakereddylibrary.org\/pt-br\/research\/foi-mary-baker-eddy-quem-escreveu-dia\/#easy-footnote-bottom-1-64750' title='Bicknell Young \u00e0 Diretoria da Ci\u00eancia Crist\u00e3, 13 de mar\u00e7o de 1933, localiza\u00e7\u00e3o do artigo na Cole\u00e7\u00e3o da Biblioteca Mary Baker Eddy: Subject File, Bicknell Young.'><sup>1<\/sup><\/a><\/span><\/p>\n<\/blockquote>\n<p>Para ler mais sobre esse assunto, consulte um artigo (em ingl\u00eas) \u201c<a href=\"https:\/\/www.marybakereddylibrary.org\/research\/what-do-we-know-about-writings-attributed-to-bicknell-young\/\">What do we know about writings attributed to Bicknell Young <\/a>\u201d [O que sabemos sobre escritos atribu\u00eddos a Bicknell Young?].<\/p>\n<hr \/>\n<p><em>Esse artigo tamb\u00e9m pode ser lido neste site em <a href=\"https:\/\/www.marybakereddylibrary.org\/de\/research\/hat-mary-baker-eddy-es-geschrieben-tag\" target=\"_blank\" rel=\"noopener\">alem\u00e3o<\/a>,\u00a0<a href=\"https:\/\/www.marybakereddylibrary.org\/es\/research\/lo-escribio-mary-baker-eddy-dia\/\" target=\"_blank\" rel=\"noopener\">espanhol<\/a>,\u00a0<a href=\"https:\/\/www.marybakereddylibrary.org\/fr\/research\/mary-baker-eddy-a-t-elle-ecrit-jour\" target=\"_blank\" rel=\"noopener\">franc\u00eas<\/a>\u00a0e\u00a0<a href=\"https:\/\/www.marybakereddylibrary.org\/research\/did-mary-baker-eddy-write-it-day\/\" target=\"_blank\" rel=\"noopener\">ingl\u00eas<\/a>.<\/em><\/p>\n<p>[\/et_pb_text][\/et_pb_column][et_pb_column type=&#8221;1_3&#8243; _builder_version=&#8221;4.16&#8243; custom_padding=&#8221;|||&#8221; global_colors_info=&#8221;{}&#8221; custom_padding__hover=&#8221;|||&#8221;][et_pb_sidebar area=&#8221;et_pb_widget_area_3&#8243; _builder_version=&#8221;4.16&#8243; z_index_tablet=&#8221;500&#8243; global_colors_info=&#8221;{}&#8221;][\/et_pb_sidebar][\/et_pb_column][\/et_pb_row][\/et_pb_section]<\/p>\n<\/div>","protected":false},"excerpt":{"rendered":"<p>Leia este hist\u00f3rico sobre um manuscrito de grande circula\u00e7\u00e3o.<\/p>","protected":false},"author":50,"featured_media":0,"comment_status":"closed","ping_status":"closed","sticky":false,"template":"","format":"standard","meta":{"_et_pb_use_builder":"on","_et_pb_old_content":"","_et_gb_content_width":"","_oasis_is_in_workflow":0,"_oasis_original":0,"_oasis_task_priority":"2normal","_relevanssi_hide_post":"","_relevanssi_hide_content":"","_relevanssi_pin_for_all":"","_relevanssi_pin_keywords":"","_relevanssi_unpin_keywords":"","_relevanssi_related_keywords":"","_relevanssi_related_include_ids":"","_relevanssi_related_exclude_ids":"","_relevanssi_related_no_append":"","_relevanssi_related_not_related":"","_relevanssi_related_posts":"","_relevanssi_noindex_reason":"","inline_featured_image":false,"episode_type":"","audio_file":"","podmotor_file_id":"","podmotor_episode_id":"","cover_image":"","cover_image_id":"","duration":"","filesize":"","filesize_raw":"","date_recorded":"","explicit":"","block":"","itunes_episode_number":"","itunes_title":"","itunes_season_number":"","itunes_episode_type":"","footnotes":""},"categories":[246],"tags":[],"class_list":["post-64750","post","type-post","status-publish","format-standard","hentry","category-autenticacoes"],"yoast_head":"<!-- This site is optimized with the Yoast SEO plugin v27.5 - https:\/\/yoast.com\/product\/yoast-seo-wordpress\/ -->\n<title>Foi Mary Baker Eddy quem escreveu \u201cDia\u201d? - A Biblioteca Mary Baker Eddy<\/title>\n<meta name=\"description\" content=\"Leia este hist\u00f3rico sobre um manuscrito de grande circula\u00e7\u00e3o.\" \/>\n<meta name=\"robots\" content=\"index, follow, max-snippet:-1, max-image-preview:large, max-video-preview:-1\" \/>\n<link rel=\"canonical\" href=\"https:\/\/www.marybakereddylibrary.org\/pt-br\/research\/foi-mary-baker-eddy-quem-escreveu-dia\/\" \/>\n<meta property=\"og:locale\" content=\"pt_BR\" \/>\n<meta property=\"og:type\" content=\"article\" \/>\n<meta property=\"og:title\" content=\"Foi Mary Baker Eddy quem escreveu \u201cDia\u201d? - A Biblioteca Mary Baker Eddy\" \/>\n<meta property=\"og:description\" content=\"Leia este hist\u00f3rico sobre um manuscrito de grande circula\u00e7\u00e3o.\" \/>\n<meta property=\"og:url\" content=\"https:\/\/www.marybakereddylibrary.org\/pt-br\/research\/foi-mary-baker-eddy-quem-escreveu-dia\/\" \/>\n<meta property=\"og:site_name\" content=\"A Biblioteca Mary Baker Eddy\" \/>\n<meta property=\"article:publisher\" content=\"https:\/\/www.facebook.com\/mbelibrary\" \/>\n<meta property=\"article:published_time\" content=\"2024-02-08T13:56:07+00:00\" \/>\n<meta property=\"og:image\" content=\"https:\/\/www.marybakereddylibrary.org\/wp-content\/uploads\/2021\/05\/Secret-Garden-book-cover-Crop_1021x720px.jpg\" \/>\n\t<meta property=\"og:image:width\" content=\"1042\" \/>\n\t<meta property=\"og:image:height\" content=\"651\" \/>\n\t<meta property=\"og:image:type\" content=\"image\/jpeg\" \/>\n<meta name=\"author\" content=\"Cecilia Macklin\" \/>\n<meta name=\"twitter:label1\" content=\"Escrito por\" \/>\n\t<meta name=\"twitter:data1\" content=\"Cecilia Macklin\" \/>\n\t<meta name=\"twitter:label2\" content=\"Est. tempo de leitura\" \/>\n\t<meta name=\"twitter:data2\" content=\"2 minutos\" \/>\n<script type=\"application\/ld+json\" class=\"yoast-schema-graph\">{\"@context\":\"https:\\\/\\\/schema.org\",\"@graph\":[{\"@type\":\"Article\",\"@id\":\"https:\\\/\\\/www.marybakereddylibrary.org\\\/pt-br\\\/research\\\/foi-mary-baker-eddy-quem-escreveu-dia\\\/#article\",\"isPartOf\":{\"@id\":\"https:\\\/\\\/www.marybakereddylibrary.org\\\/pt-br\\\/research\\\/foi-mary-baker-eddy-quem-escreveu-dia\\\/\"},\"author\":{\"name\":\"Cecilia Macklin\",\"@id\":\"https:\\\/\\\/www.marybakereddylibrary.org\\\/pt-br\\\/#\\\/schema\\\/person\\\/bb6313d161b1cdf11b0663cd4071b73e\"},\"headline\":\"Foi Mary Baker Eddy quem escreveu \u201cDia\u201d?\",\"datePublished\":\"2024-02-08T13:56:07+00:00\",\"mainEntityOfPage\":{\"@id\":\"https:\\\/\\\/www.marybakereddylibrary.org\\\/pt-br\\\/research\\\/foi-mary-baker-eddy-quem-escreveu-dia\\\/\"},\"wordCount\":465,\"publisher\":{\"@id\":\"https:\\\/\\\/www.marybakereddylibrary.org\\\/pt-br\\\/#organization\"},\"articleSection\":[\"Autentica\u00e7\u00f5es\"],\"inLanguage\":\"pt-BR\"},{\"@type\":\"WebPage\",\"@id\":\"https:\\\/\\\/www.marybakereddylibrary.org\\\/pt-br\\\/research\\\/foi-mary-baker-eddy-quem-escreveu-dia\\\/\",\"url\":\"https:\\\/\\\/www.marybakereddylibrary.org\\\/pt-br\\\/research\\\/foi-mary-baker-eddy-quem-escreveu-dia\\\/\",\"name\":\"Foi Mary Baker Eddy quem escreveu \u201cDia\u201d? - A Biblioteca Mary Baker Eddy\",\"isPartOf\":{\"@id\":\"https:\\\/\\\/www.marybakereddylibrary.org\\\/pt-br\\\/#website\"},\"datePublished\":\"2024-02-08T13:56:07+00:00\",\"description\":\"Leia este hist\u00f3rico sobre um manuscrito de grande circula\u00e7\u00e3o.\",\"breadcrumb\":{\"@id\":\"https:\\\/\\\/www.marybakereddylibrary.org\\\/pt-br\\\/research\\\/foi-mary-baker-eddy-quem-escreveu-dia\\\/#breadcrumb\"},\"inLanguage\":\"pt-BR\",\"potentialAction\":[{\"@type\":\"ReadAction\",\"target\":[\"https:\\\/\\\/www.marybakereddylibrary.org\\\/pt-br\\\/research\\\/foi-mary-baker-eddy-quem-escreveu-dia\\\/\"]}]},{\"@type\":\"BreadcrumbList\",\"@id\":\"https:\\\/\\\/www.marybakereddylibrary.org\\\/pt-br\\\/research\\\/foi-mary-baker-eddy-quem-escreveu-dia\\\/#breadcrumb\",\"itemListElement\":[{\"@type\":\"ListItem\",\"position\":1,\"name\":\"Home\",\"item\":\"https:\\\/\\\/www.marybakereddylibrary.org\\\/pt-br\\\/\"},{\"@type\":\"ListItem\",\"position\":2,\"name\":\"Foi Mary Baker Eddy quem escreveu \u201cDia\u201d?\"}]},{\"@type\":\"WebSite\",\"@id\":\"https:\\\/\\\/www.marybakereddylibrary.org\\\/pt-br\\\/#website\",\"url\":\"https:\\\/\\\/www.marybakereddylibrary.org\\\/pt-br\\\/\",\"name\":\"A Biblioteca Mary Baker Eddy\",\"description\":\"\",\"publisher\":{\"@id\":\"https:\\\/\\\/www.marybakereddylibrary.org\\\/pt-br\\\/#organization\"},\"potentialAction\":[{\"@type\":\"SearchAction\",\"target\":{\"@type\":\"EntryPoint\",\"urlTemplate\":\"https:\\\/\\\/www.marybakereddylibrary.org\\\/pt-br\\\/?s={search_term_string}\"},\"query-input\":{\"@type\":\"PropertyValueSpecification\",\"valueRequired\":true,\"valueName\":\"search_term_string\"}}],\"inLanguage\":\"pt-BR\"},{\"@type\":\"Organization\",\"@id\":\"https:\\\/\\\/www.marybakereddylibrary.org\\\/pt-br\\\/#organization\",\"name\":\"The Mary Baker Eddy Library\",\"url\":\"https:\\\/\\\/www.marybakereddylibrary.org\\\/pt-br\\\/\",\"logo\":{\"@type\":\"ImageObject\",\"inLanguage\":\"pt-BR\",\"@id\":\"https:\\\/\\\/www.marybakereddylibrary.org\\\/pt-br\\\/#\\\/schema\\\/logo\\\/image\\\/\",\"url\":\"https:\\\/\\\/www.marybakereddylibrary.org\\\/wp-content\\\/uploads\\\/2015\\\/03\\\/MBEL_logo_HR.jpg\",\"contentUrl\":\"https:\\\/\\\/www.marybakereddylibrary.org\\\/wp-content\\\/uploads\\\/2015\\\/03\\\/MBEL_logo_HR.jpg\",\"width\":2100,\"height\":2100,\"caption\":\"The Mary Baker Eddy Library\"},\"image\":{\"@id\":\"https:\\\/\\\/www.marybakereddylibrary.org\\\/pt-br\\\/#\\\/schema\\\/logo\\\/image\\\/\"},\"sameAs\":[\"https:\\\/\\\/www.facebook.com\\\/mbelibrary\",\"https:\\\/\\\/x.com\\\/mbelibrary\",\"https:\\\/\\\/www.instagram.com\\\/mbelibrary\"]},{\"@type\":\"Person\",\"@id\":\"https:\\\/\\\/www.marybakereddylibrary.org\\\/pt-br\\\/#\\\/schema\\\/person\\\/bb6313d161b1cdf11b0663cd4071b73e\",\"name\":\"Cecilia Macklin\",\"image\":{\"@type\":\"ImageObject\",\"inLanguage\":\"pt-BR\",\"@id\":\"https:\\\/\\\/secure.gravatar.com\\\/avatar\\\/19eef83c500f2ea7291b99d3912425148d721bac67dc62502b1b18d4f6fda0a1?s=96&d=mm&r=g\",\"url\":\"https:\\\/\\\/secure.gravatar.com\\\/avatar\\\/19eef83c500f2ea7291b99d3912425148d721bac67dc62502b1b18d4f6fda0a1?s=96&d=mm&r=g\",\"contentUrl\":\"https:\\\/\\\/secure.gravatar.com\\\/avatar\\\/19eef83c500f2ea7291b99d3912425148d721bac67dc62502b1b18d4f6fda0a1?s=96&d=mm&r=g\",\"caption\":\"Cecilia Macklin\"}}]}<\/script>\n<!-- \/ Yoast SEO plugin. -->","yoast_head_json":{"title":"Foi Mary Baker Eddy quem escreveu \u201cDia\u201d? - A Biblioteca Mary Baker Eddy","description":"Leia este hist\u00f3rico sobre um manuscrito de grande circula\u00e7\u00e3o.","robots":{"index":"index","follow":"follow","max-snippet":"max-snippet:-1","max-image-preview":"max-image-preview:large","max-video-preview":"max-video-preview:-1"},"canonical":"https:\/\/www.marybakereddylibrary.org\/pt-br\/research\/foi-mary-baker-eddy-quem-escreveu-dia\/","og_locale":"pt_BR","og_type":"article","og_title":"Foi Mary Baker Eddy quem escreveu \u201cDia\u201d? - A Biblioteca Mary Baker Eddy","og_description":"Leia este hist\u00f3rico sobre um manuscrito de grande circula\u00e7\u00e3o.","og_url":"https:\/\/www.marybakereddylibrary.org\/pt-br\/research\/foi-mary-baker-eddy-quem-escreveu-dia\/","og_site_name":"A Biblioteca Mary Baker Eddy","article_publisher":"https:\/\/www.facebook.com\/mbelibrary","article_published_time":"2024-02-08T13:56:07+00:00","og_image":[{"width":1042,"height":651,"url":"https:\/\/www.marybakereddylibrary.org\/wp-content\/uploads\/2021\/05\/Secret-Garden-book-cover-Crop_1021x720px.jpg","type":"image\/jpeg"}],"author":"Cecilia Macklin","twitter_misc":{"Escrito por":"Cecilia Macklin","Est. tempo de leitura":"2 minutos"},"schema":{"@context":"https:\/\/schema.org","@graph":[{"@type":"Article","@id":"https:\/\/www.marybakereddylibrary.org\/pt-br\/research\/foi-mary-baker-eddy-quem-escreveu-dia\/#article","isPartOf":{"@id":"https:\/\/www.marybakereddylibrary.org\/pt-br\/research\/foi-mary-baker-eddy-quem-escreveu-dia\/"},"author":{"name":"Cecilia Macklin","@id":"https:\/\/www.marybakereddylibrary.org\/pt-br\/#\/schema\/person\/bb6313d161b1cdf11b0663cd4071b73e"},"headline":"Foi Mary Baker Eddy quem escreveu \u201cDia\u201d?","datePublished":"2024-02-08T13:56:07+00:00","mainEntityOfPage":{"@id":"https:\/\/www.marybakereddylibrary.org\/pt-br\/research\/foi-mary-baker-eddy-quem-escreveu-dia\/"},"wordCount":465,"publisher":{"@id":"https:\/\/www.marybakereddylibrary.org\/pt-br\/#organization"},"articleSection":["Autentica\u00e7\u00f5es"],"inLanguage":"pt-BR"},{"@type":"WebPage","@id":"https:\/\/www.marybakereddylibrary.org\/pt-br\/research\/foi-mary-baker-eddy-quem-escreveu-dia\/","url":"https:\/\/www.marybakereddylibrary.org\/pt-br\/research\/foi-mary-baker-eddy-quem-escreveu-dia\/","name":"Foi Mary Baker Eddy quem escreveu \u201cDia\u201d? - A Biblioteca Mary Baker Eddy","isPartOf":{"@id":"https:\/\/www.marybakereddylibrary.org\/pt-br\/#website"},"datePublished":"2024-02-08T13:56:07+00:00","description":"Leia este hist\u00f3rico sobre um manuscrito de grande circula\u00e7\u00e3o.","breadcrumb":{"@id":"https:\/\/www.marybakereddylibrary.org\/pt-br\/research\/foi-mary-baker-eddy-quem-escreveu-dia\/#breadcrumb"},"inLanguage":"pt-BR","potentialAction":[{"@type":"ReadAction","target":["https:\/\/www.marybakereddylibrary.org\/pt-br\/research\/foi-mary-baker-eddy-quem-escreveu-dia\/"]}]},{"@type":"BreadcrumbList","@id":"https:\/\/www.marybakereddylibrary.org\/pt-br\/research\/foi-mary-baker-eddy-quem-escreveu-dia\/#breadcrumb","itemListElement":[{"@type":"ListItem","position":1,"name":"Home","item":"https:\/\/www.marybakereddylibrary.org\/pt-br\/"},{"@type":"ListItem","position":2,"name":"Foi Mary Baker Eddy quem escreveu \u201cDia\u201d?"}]},{"@type":"WebSite","@id":"https:\/\/www.marybakereddylibrary.org\/pt-br\/#website","url":"https:\/\/www.marybakereddylibrary.org\/pt-br\/","name":"A Biblioteca Mary Baker Eddy","description":"","publisher":{"@id":"https:\/\/www.marybakereddylibrary.org\/pt-br\/#organization"},"potentialAction":[{"@type":"SearchAction","target":{"@type":"EntryPoint","urlTemplate":"https:\/\/www.marybakereddylibrary.org\/pt-br\/?s={search_term_string}"},"query-input":{"@type":"PropertyValueSpecification","valueRequired":true,"valueName":"search_term_string"}}],"inLanguage":"pt-BR"},{"@type":"Organization","@id":"https:\/\/www.marybakereddylibrary.org\/pt-br\/#organization","name":"The Mary Baker Eddy Library","url":"https:\/\/www.marybakereddylibrary.org\/pt-br\/","logo":{"@type":"ImageObject","inLanguage":"pt-BR","@id":"https:\/\/www.marybakereddylibrary.org\/pt-br\/#\/schema\/logo\/image\/","url":"https:\/\/www.marybakereddylibrary.org\/wp-content\/uploads\/2015\/03\/MBEL_logo_HR.jpg","contentUrl":"https:\/\/www.marybakereddylibrary.org\/wp-content\/uploads\/2015\/03\/MBEL_logo_HR.jpg","width":2100,"height":2100,"caption":"The Mary Baker Eddy Library"},"image":{"@id":"https:\/\/www.marybakereddylibrary.org\/pt-br\/#\/schema\/logo\/image\/"},"sameAs":["https:\/\/www.facebook.com\/mbelibrary","https:\/\/x.com\/mbelibrary","https:\/\/www.instagram.com\/mbelibrary"]},{"@type":"Person","@id":"https:\/\/www.marybakereddylibrary.org\/pt-br\/#\/schema\/person\/bb6313d161b1cdf11b0663cd4071b73e","name":"Cecilia Macklin","image":{"@type":"ImageObject","inLanguage":"pt-BR","@id":"https:\/\/secure.gravatar.com\/avatar\/19eef83c500f2ea7291b99d3912425148d721bac67dc62502b1b18d4f6fda0a1?s=96&d=mm&r=g","url":"https:\/\/secure.gravatar.com\/avatar\/19eef83c500f2ea7291b99d3912425148d721bac67dc62502b1b18d4f6fda0a1?s=96&d=mm&r=g","contentUrl":"https:\/\/secure.gravatar.com\/avatar\/19eef83c500f2ea7291b99d3912425148d721bac67dc62502b1b18d4f6fda0a1?s=96&d=mm&r=g","caption":"Cecilia Macklin"}}]}},"_links":{"self":[{"href":"https:\/\/www.marybakereddylibrary.org\/pt-br\/wp-json\/wp\/v2\/posts\/64750","targetHints":{"allow":["GET"]}}],"collection":[{"href":"https:\/\/www.marybakereddylibrary.org\/pt-br\/wp-json\/wp\/v2\/posts"}],"about":[{"href":"https:\/\/www.marybakereddylibrary.org\/pt-br\/wp-json\/wp\/v2\/types\/post"}],"author":[{"embeddable":true,"href":"https:\/\/www.marybakereddylibrary.org\/pt-br\/wp-json\/wp\/v2\/users\/50"}],"replies":[{"embeddable":true,"href":"https:\/\/www.marybakereddylibrary.org\/pt-br\/wp-json\/wp\/v2\/comments?post=64750"}],"version-history":[{"count":0,"href":"https:\/\/www.marybakereddylibrary.org\/pt-br\/wp-json\/wp\/v2\/posts\/64750\/revisions"}],"wp:attachment":[{"href":"https:\/\/www.marybakereddylibrary.org\/pt-br\/wp-json\/wp\/v2\/media?parent=64750"}],"wp:term":[{"taxonomy":"category","embeddable":true,"href":"https:\/\/www.marybakereddylibrary.org\/pt-br\/wp-json\/wp\/v2\/categories?post=64750"},{"taxonomy":"post_tag","embeddable":true,"href":"https:\/\/www.marybakereddylibrary.org\/pt-br\/wp-json\/wp\/v2\/tags?post=64750"}],"curies":[{"name":"wp","href":"https:\/\/api.w.org\/{rel}","templated":true}]}}